{"id":6860,"date":"2019-07-08T14:49:25","date_gmt":"2019-07-08T17:49:25","guid":{"rendered":"http:\/\/bbconsultoria.net\/site\/?p=6860"},"modified":"2019-07-08T14:49:25","modified_gmt":"2019-07-08T17:49:25","slug":"o-consolo-da-inflacao-menor","status":"publish","type":"post","link":"https:\/\/bbconsultoria.net\/site\/o-consolo-da-inflacao-menor\/","title":{"rendered":"O consolo da infla\u00e7\u00e3o menor"},"content":{"rendered":"<div>Recuo recente favorece condi\u00e7\u00f5es de vida um pouco menos duras para fam\u00edlias empobrecidas pela crise econ\u00f4mica e pelo desemprego\n<\/div>\n<div><img loading=\"lazy\" decoding=\"async\" class=\"aligncenter wp-image-6861 size-full\" src=\"http:\/\/bbconsultoria.net\/site\/wp-content\/uploads\/2019\/07\/8t1xvo3elrbge29ybpc2iekht.jpg\" alt=\"\" width=\"652\" height=\"408\" srcset=\"https:\/\/bbconsultoria.net\/site\/wp-content\/uploads\/2019\/07\/8t1xvo3elrbge29ybpc2iekht.jpg 652w, https:\/\/bbconsultoria.net\/site\/wp-content\/uploads\/2019\/07\/8t1xvo3elrbge29ybpc2iekht-300x188.jpg 300w\" sizes=\"auto, (max-width: 652px) 100vw, 652px\" \/><\/div>\n<div>\nNum pa\u00eds com 13 milh\u00f5es de desempregados, inclu\u00eddos cerca de 3,2 milh\u00f5es sem ocupa\u00e7\u00e3o h\u00e1 mais de dois anos, qualquer tr\u00e9gua da infla\u00e7\u00e3o \u00e9 especialmente bem-vinda. A b\u00ean\u00e7\u00e3o \u00e9 ainda maior quando o al\u00edvio \u00e9 encontrado nos pre\u00e7os da comida, como vem ocorrendo h\u00e1 uns dois meses. Comer ainda \u00e9 uma necessidade vital e corresponde, no jarg\u00e3o or\u00e7ament\u00e1rio do governo, \u00e0s chamadas despesas n\u00e3o discricion\u00e1rias. Quando o desemprego se prolonga e o dinheiro escasseia, at\u00e9 esse tipo de gasto se torna muito dif\u00edcil para as fam\u00edlias. A situa\u00e7\u00e3o poderia melhorar se algum est\u00edmulo animasse os neg\u00f3cios a curto prazo e abrisse caminho para mais contrata\u00e7\u00f5es. Mas qualquer est\u00edmulo, insiste o governo, depender\u00e1 do andamento do projeto de reforma da Previd\u00eancia. At\u00e9 surgir o sinal desejado, milh\u00f5es de fam\u00edlias ter\u00e3o de esperar. Como sobreviver \u00e9 problema delas. Enquanto isso, h\u00e1 o consolo de uma infla\u00e7\u00e3o menos maligna.<\/p>\n<p>A \u00faltima novidade nesse front foi divulgada na sexta-feira passada pela Funda\u00e7\u00e3o Get\u00falio Vargas (FGV). Em junho, a vida ficou um pouco menos cara para fam\u00edlias de renda modesta, com ganho mensal entre 1 e 2,5 sal\u00e1rios m\u00ednimos. Usado para medir a infla\u00e7\u00e3o desse grupo, o \u00cdndice de Pre\u00e7os ao Consumidor \u2013 Classe 1 (IPC-C1) caiu 0,07%, acumulando alta de 2,72% no ano e 3,85% em 12 meses. Em maio, havia subido 0,26%. No m\u00eas passado, baixaram os pre\u00e7os de quatro grandes categorias \u2013 habita\u00e7\u00e3o, transportes, alimenta\u00e7\u00e3o e despesas diversas. Para quem vive com or\u00e7amento muito apertado, todas essas altera\u00e7\u00f5es s\u00e3o crucialmente importantes.<\/p>\n<p>O custo da alimenta\u00e7\u00e3o, item de maior peso no or\u00e7amento dessas fam\u00edlias, baixou 0,16%. Em maio havia ca\u00eddo 0,26%, ainda no in\u00edcio da acomoda\u00e7\u00e3o, depois de alguns meses de alta incomum, resultante principalmente de perdas de produ\u00e7\u00e3o causadas por m\u00e1s condi\u00e7\u00f5es do tempo.<\/p>\n<p>A FGV j\u00e1 havia apresentado boas not\u00edcias quando divulgou seu \u00edndice com maior cobertura dos pre\u00e7os ao consumidor, o IPC-BR, com recuo de 0,02% em junho e aumentos de 2,41% no ano e 3,73% em 12 meses.<\/p>\n<p>A infla\u00e7\u00e3o mais contida, com menor avan\u00e7o e at\u00e9 recuo dos pre\u00e7os pagos pelas fam\u00edlias, tamb\u00e9m tem aparecido nos indicadores oficiais, produzidos pelo Instituto Brasileiro de Geografia e Estat\u00edstica. A pr\u00e9via do \u00cdndice Nacional de Pre\u00e7os ao Consumidor Amplo (IPCA) de junho, publicada no dia 25, mostrou uma alta mensal de apenas 0,06%, a menor para o m\u00eas desde 2006, quando houve queda de 0,15%.<\/p>\n<p>Apesar de baixas pelos padr\u00f5es brasileiros, as taxas anuais de aumentos de pre\u00e7os \u2013 em torno de 4% \u2013 ainda superam as m\u00e9dias internacionais, especialmente dos pa\u00edses desenvolvidos. O recuo da infla\u00e7\u00e3o brasileira, nos \u00faltimos anos, apenas aproximou a evolu\u00e7\u00e3o dos pre\u00e7os internos brasileiros daquela observada nas economias mais avan\u00e7adas. Al\u00e9m disso, o recuo recente favorece condi\u00e7\u00f5es de vida um pouco menos duras para fam\u00edlias empobrecidas pela crise econ\u00f4mica e pelo desemprego.<\/p>\n<p>No Brasil, tem crescido, entre os desempregados, a parcela dos desocupados de m\u00e9dia e de longa dura\u00e7\u00f5es \u2013 os primeiros sem emprego entre um e dois anos e os segundos h\u00e1 mais de dois anos nessa situa\u00e7\u00e3o. A participa\u00e7\u00e3o conjunta desses grupos passou de 33,8% para cerca de 39% a partir do primeiro trimestre e a\u00ed se manteve at\u00e9 os tr\u00eas meses iniciais deste ano. Mas a composi\u00e7\u00e3o desse bloco se tem alterado com aumento dos desocupados de longa dura\u00e7\u00e3o.<\/p>\n<p>Esse segmento correspondeu, no trimestre de janeiro a mar\u00e7o, a cerca de 25% \u2013 aproximadamente 3,2 milh\u00f5es \u2013 do total dos desempregados.<\/p>\n<p>Desocupados de longo prazo normalmente encontram maior dificuldade para se recolocar. Por isso, s\u00e3o mais propensos a aceitar sal\u00e1rios menores, a concordar com contratos informais e a contentar-se com fun\u00e7\u00f5es menos qualificadas que as anteriores. A equipe econ\u00f4mica deve ou deveria conhecer todos esses dados. O Banco Central os estudou recentemente. Mas nada, al\u00e9m de uma infla\u00e7\u00e3o menos corrosiva, facilitar\u00e1 sua vida, enquanto a equipe econ\u00f4mica preferir alongar a prova\u00e7\u00e3o desses trabalhadores e de suas fam\u00edlias.<\/p><\/div>\n<div><\/div>\n<div>FONTE:\u00a0ESTAD\u00c3O<\/div>\n","protected":false},"excerpt":{"rendered":"<p>Recuo recente favorece condi\u00e7\u00f5es de vida um pouco menos duras para fam\u00edlias empobrecidas pela crise econ\u00f4mica e pelo desemprego Num pa\u00eds com 13 milh\u00f5es de desempregados, inclu\u00eddos cerca de 3,2 milh\u00f5es sem ocupa\u00e7\u00e3o h\u00e1 mais de dois anos, qualquer tr\u00e9gua da infla\u00e7\u00e3o \u00e9 especialmente bem-vinda. A b\u00ean\u00e7\u00e3o \u00e9 ainda maior quando o al\u00edvio \u00e9 encontrado&#8230; <\/p>\n<div class=\"clear\"><\/div>\n<p><a href=\"https:\/\/bbconsultoria.net\/site\/o-consolo-da-inflacao-menor\/\" class=\"excerpt-read-more\">Read More<\/a><\/p>\n","protected":false},"author":4,"featured_media":0,"comment_status":"closed","ping_status":"closed","sticky":false,"template":"","format":"standard","meta":{"footnotes":""},"categories":[82],"tags":[],"class_list":["post-6860","post","type-post","status-publish","format-standard","hentry","category-noticias"],"_links":{"self":[{"href":"https:\/\/bbconsultoria.net\/site\/wp-json\/wp\/v2\/posts\/6860","targetHints":{"allow":["GET"]}}],"collection":[{"href":"https:\/\/bbconsultoria.net\/site\/wp-json\/wp\/v2\/posts"}],"about":[{"href":"https:\/\/bbconsultoria.net\/site\/wp-json\/wp\/v2\/types\/post"}],"author":[{"embeddable":true,"href":"https:\/\/bbconsultoria.net\/site\/wp-json\/wp\/v2\/users\/4"}],"replies":[{"embeddable":true,"href":"https:\/\/bbconsultoria.net\/site\/wp-json\/wp\/v2\/comments?post=6860"}],"version-history":[{"count":1,"href":"https:\/\/bbconsultoria.net\/site\/wp-json\/wp\/v2\/posts\/6860\/revisions"}],"predecessor-version":[{"id":6862,"href":"https:\/\/bbconsultoria.net\/site\/wp-json\/wp\/v2\/posts\/6860\/revisions\/6862"}],"wp:attachment":[{"href":"https:\/\/bbconsultoria.net\/site\/wp-json\/wp\/v2\/media?parent=6860"}],"wp:term":[{"taxonomy":"category","embeddable":true,"href":"https:\/\/bbconsultoria.net\/site\/wp-json\/wp\/v2\/categories?post=6860"},{"taxonomy":"post_tag","embeddable":true,"href":"https:\/\/bbconsultoria.net\/site\/wp-json\/wp\/v2\/tags?post=6860"}],"curies":[{"name":"wp","href":"https:\/\/api.w.org\/{rel}","templated":true}]}}