{"id":6856,"date":"2019-07-05T15:28:01","date_gmt":"2019-07-05T18:28:01","guid":{"rendered":"http:\/\/bbconsultoria.net\/site\/?p=6856"},"modified":"2019-07-05T15:28:01","modified_gmt":"2019-07-05T18:28:01","slug":"banco-central-aponta-maior-conforto-com-a-inflacao-mas-ve-reforma-da-previdencia-como-preponderante","status":"publish","type":"post","link":"https:\/\/bbconsultoria.net\/site\/banco-central-aponta-maior-conforto-com-a-inflacao-mas-ve-reforma-da-previdencia-como-preponderante\/","title":{"rendered":"Banco Central aponta maior conforto com a infla\u00e7\u00e3o, mas v\u00ea reforma da Previd\u00eancia como preponderante"},"content":{"rendered":"<div>Presidente do Banco Central, Roberto Campos Neto participou hoje da Expert XP 2009, em S\u00e3o Paulo<\/div>\n<div><\/div>\n<div><\/div>\n<div><img loading=\"lazy\" decoding=\"async\" class=\"aligncenter wp-image-6858 size-full\" src=\"http:\/\/bbconsultoria.net\/site\/wp-content\/uploads\/2019\/07\/bc.jpg\" alt=\"\" width=\"300\" height=\"168\" \/><\/div>\n<div><\/div>\n<div>\nBC e CMN regulamentam uso de receb\u00edveis de cart\u00e3o como garantia<br \/>\nTesouro Direto: t\u00edtulos p\u00fablicos prefixados operam em baixa nesta sexta-feira<br \/>\nEmpresas trocam BNDES por mercado<\/div>\n<div>\nO presidente do Banco Central, Roberto Campos Neto, indicou hoje, durante apresenta\u00e7\u00e3o na Expert XP 2019, em S\u00e3o Paulo, maior conforto com as taxas de infla\u00e7\u00e3o, apontou a reforma da Previd\u00eancia como &#8220;preponderante&#8221; e destacou que o cen\u00e1rio externo se encontra menos adverso, embora haja novos desafios, em um contexto de desacelera\u00e7\u00e3o global.<br \/>\n\u201cEstamos mais confort\u00e1veis com a infla\u00e7\u00e3o. Vamos aguardar at\u00e9 a pr\u00f3xima reuni\u00e3o para ver como os fatores se comportam\u201d, disse Campos Neto. \u201cAgora \u00e9 um debate da intensidade, de avaliar todos os fatores e qual o passo a ser dado para garantir a infla\u00e7\u00e3o de longo prazo na meta, com credibilidade.\u201d<\/p>\n<p>Em apresenta\u00e7\u00e3o intitulada \u201cOs desafios da condu\u00e7\u00e3o de pol\u00edtica monet\u00e1ria na atual conjuntura econ\u00f4mica\u201d, Campos Neto afirmou que a infla\u00e7\u00e3o est\u00e1 bem ancorada, com infla\u00e7\u00e3o impl\u00edcita e juros longos muito mais baixos. \u201cAcho que tem alguma credibilidade ao que tem sido feito\u201d, disse.<\/p>\n<p>No texto preparado para o evento, o presidente refor\u00e7ou, contudo, que, &#8220;apesar da evolu\u00e7\u00e3o favor\u00e1vel do balan\u00e7o de riscos para a infla\u00e7\u00e3o, neste momento, ainda existem riscos inflacion\u00e1rios relevantes&#8221;.<\/p>\n<p>Em rela\u00e7\u00e3o \u00e0 meta de infla\u00e7\u00e3o de 3,5% para 2022, o presidente do BC afirmou j\u00e1 enxergar um movimento de convers\u00e3o de parte do mercado e disse haver espa\u00e7o para conviver com uma infla\u00e7\u00e3o mais baixa, como parte de um programa de longo prazo.<\/p>\n<p>Riscos<br \/>\nNa cena externa, o cen\u00e1rio se encontra \u201cmenos adverso\u201d, diante de mudan\u00e7as nas perspectivas para a pol\u00edtica monet\u00e1ria nas principais economias, mas h\u00e1 novos desafios. H\u00e1 uma preocupa\u00e7\u00e3o de que mecanismos existentes n\u00e3o funcionem, em um contexto de taxas de juros baixas ou at\u00e9 negativas.<\/p>\n<p>J\u00e1 no Brasil, a maior incerteza parte hoje da reforma da Previd\u00eancia. Embora tenha ressaltado que outras reformas s\u00e3o \u00a0importantes para o pa\u00eds e que a institui\u00e7\u00e3o est\u00e1 atenta a outras formas de ru\u00eddo sobre a infla\u00e7\u00e3o, o presidente destacou que a previdenci\u00e1ria \u00e9 a principal no momento.<\/p>\n<p>H\u00e1 tamb\u00e9m um monitoramento do hiato do produto (a diferen\u00e7a entre o PIB corrente e o potencial), e o presidente do Banco Central disse que a institui\u00e7\u00e3o tem tentado comunicar a todos a forma como est\u00e1 analisando a quest\u00e3o. \u201cO Banco Central tem enorme preocupa\u00e7\u00e3o com crescimento, n\u00e3o existe dizer que n\u00e3o tem\u201d, salientou Campos Neto, para quem a receita para um crescimento no longo prazo \u00e9 uma infla\u00e7\u00e3o sob controle num regime de credibilidade.<\/p>\n<p>Agenda do BC<br \/>\nO presidente do BC reiterou ainda que a taxa Selic est\u00e1 estimulativa para o m\u00e9dio prazo, o que explica a economia ainda n\u00e3o esbo\u00e7ar rea\u00e7\u00e3o em termos de crescimento, e defendeu as microreformas em curso.<\/p>\n<p>\u201cPor que a gente insiste tanto nas microreformas? Porque realmente acredito que temos um problema macro que vamos resolver, mas um problema micro que \u00e9 fundamental\u201d, disse Campos Neto, refor\u00e7ando o peso dessa agenda sobre a atividade econ\u00f4mica.<\/p>\n<p>A reforma do sistema financeiro, com maior inclus\u00e3o em termos de cr\u00e9dito, com mais transpar\u00eancia, diminui\u00e7\u00e3o de custos de intermedia\u00e7\u00e3o e mais tecnologia, est\u00e1 no foco.<\/p>\n<p>A chamada \u201cAgenda BC#\u201d visa democratiza\u00e7\u00e3o do setor financeiro, e conta ainda com propostas de microcr\u00e9dito, Cadastro Positivo, divulga\u00e7\u00e3o de requisitos para implementa\u00e7\u00e3o do open banking, iniciativa de mercado de capitais e a pr\u00f3pria racionaliza\u00e7\u00e3o do compuls\u00f3rio, recentemente anunciada. \u201cGostaria de enfatizar que s\u00e3o mudan\u00e7as estruturais, n\u00e3o est\u00e3o ligadas a pol\u00edtica monet\u00e1ria\u201d, frisou o presidente do Banco Central.<\/p>\n<p>Cena externa<br \/>\nAp\u00f3s encontro recente com dirigentes de bancos centrais na Su\u00ed\u00e7a, Campos Neto destacou que o grande debate esteve no tema da desacelera\u00e7\u00e3o global, com mudan\u00e7as nas expectativas de juros nos Estados Unidos, na Europa e no Reino Unido. O presidente do BC destacou ter havido uma reprecifica\u00e7\u00e3o \u201cbastante grande, r\u00e1pida e sincronizada das taxas de juros\u201d.<\/p>\n<p>H\u00e1 uma conex\u00e3o, por parte do mercado, da desacelera\u00e7\u00e3o com a quest\u00e3o da guerra comercial, travada principalmente entre Estados Unidos e China. Dentre os efeitos da guerra no m\u00e9dio prazo, Campos Neto citou o deslocamento de parte das cadeias produtivas, com empresas alterando plantas de lugar, o que preocupa o presidente, por sinalizar que as mudan\u00e7as est\u00e3o sendo percebidas como de mais longa dura\u00e7\u00e3o.<\/p>\n<p>Em rela\u00e7\u00e3o ao impacto da guerra comercial sobre a economia brasileira, Campos Neto observou que, ainda que o Brasil seja um pa\u00eds relativamente fechado, ele pode sofrer o efeito da quest\u00e3o, dado que decis\u00f5es est\u00e3o sendo adiadas por conta dos conflitos.<\/p><\/div>\n<div><\/div>\n<div>FONTE:\u00a0INFOMONEY<\/div>\n","protected":false},"excerpt":{"rendered":"<p>Presidente do Banco Central, Roberto Campos Neto participou hoje da Expert XP 2009, em S\u00e3o Paulo BC e CMN regulamentam uso de receb\u00edveis de cart\u00e3o como garantia Tesouro Direto: t\u00edtulos p\u00fablicos prefixados operam em baixa nesta sexta-feira Empresas trocam BNDES por mercado O presidente do Banco Central, Roberto Campos Neto, indicou hoje, durante apresenta\u00e7\u00e3o na&#8230; <\/p>\n<div class=\"clear\"><\/div>\n<p><a href=\"https:\/\/bbconsultoria.net\/site\/banco-central-aponta-maior-conforto-com-a-inflacao-mas-ve-reforma-da-previdencia-como-preponderante\/\" class=\"excerpt-read-more\">Read More<\/a><\/p>\n","protected":false},"author":4,"featured_media":0,"comment_status":"closed","ping_status":"closed","sticky":false,"template":"","format":"standard","meta":{"footnotes":""},"categories":[82],"tags":[],"class_list":["post-6856","post","type-post","status-publish","format-standard","hentry","category-noticias"],"_links":{"self":[{"href":"https:\/\/bbconsultoria.net\/site\/wp-json\/wp\/v2\/posts\/6856","targetHints":{"allow":["GET"]}}],"collection":[{"href":"https:\/\/bbconsultoria.net\/site\/wp-json\/wp\/v2\/posts"}],"about":[{"href":"https:\/\/bbconsultoria.net\/site\/wp-json\/wp\/v2\/types\/post"}],"author":[{"embeddable":true,"href":"https:\/\/bbconsultoria.net\/site\/wp-json\/wp\/v2\/users\/4"}],"replies":[{"embeddable":true,"href":"https:\/\/bbconsultoria.net\/site\/wp-json\/wp\/v2\/comments?post=6856"}],"version-history":[{"count":1,"href":"https:\/\/bbconsultoria.net\/site\/wp-json\/wp\/v2\/posts\/6856\/revisions"}],"predecessor-version":[{"id":6859,"href":"https:\/\/bbconsultoria.net\/site\/wp-json\/wp\/v2\/posts\/6856\/revisions\/6859"}],"wp:attachment":[{"href":"https:\/\/bbconsultoria.net\/site\/wp-json\/wp\/v2\/media?parent=6856"}],"wp:term":[{"taxonomy":"category","embeddable":true,"href":"https:\/\/bbconsultoria.net\/site\/wp-json\/wp\/v2\/categories?post=6856"},{"taxonomy":"post_tag","embeddable":true,"href":"https:\/\/bbconsultoria.net\/site\/wp-json\/wp\/v2\/tags?post=6856"}],"curies":[{"name":"wp","href":"https:\/\/api.w.org\/{rel}","templated":true}]}}