{"id":6827,"date":"2019-06-10T16:10:25","date_gmt":"2019-06-10T19:10:25","guid":{"rendered":"http:\/\/bbconsultoria.net\/site\/?p=6827"},"modified":"2019-06-10T16:10:25","modified_gmt":"2019-06-10T19:10:25","slug":"ibovespa-volta-a-cair-por-temores-com-vazamentos-contra-moro-dolar-sobe-a-r-388","status":"publish","type":"post","link":"https:\/\/bbconsultoria.net\/site\/ibovespa-volta-a-cair-por-temores-com-vazamentos-contra-moro-dolar-sobe-a-r-388\/","title":{"rendered":"Ibovespa volta a cair por temores com vazamentos contra Moro; d\u00f3lar sobe a R$ 3,88"},"content":{"rendered":"<h3>Mercado tem dia de queda ap\u00f3s \u00e1udios comprometerem o ministro da Justi\u00e7a quando ele ainda era juiz da Lava Jato<\/h3>\n<p>O Ibovespa volta a cair mais forte nesta segunda-feira (10), ap\u00f3s reduzir perdas mais cedo, aliviado por afirma\u00e7\u00f5es de congressistas. Os investidores se preocupam com a repercuss\u00e3o dos \u00e1udios e trocas de mensagens comprometedoras envolvendo o ministro da Justi\u00e7a, S\u00e9rgio Moro, vazados pelo site The Intercept.<br \/>\n\u00c0s 11h02 (hor\u00e1rio de Bras\u00edlia) o principal \u00edndice da B3 ca\u00eda 0,79% a 97.047 pontos, enquanto o d\u00f3lar comercial sobe 0,29% a R$ 3,8883 na compra e a R$ 3,8888 na venda. Enquanto isso, o d\u00f3lar futuro com vencimento em julho tinha leve alta de 0,22% a R$ 3,8915.<\/p>\n<p>Com o movimento, o Ibovespa se descola do exterior, que tem alta ap\u00f3s os Estados Unidos firmarem um acordo comercial com o M\u00e9xico.<\/p>\n<p>No mercado de juros futuros, o DI para janeiro de 2021 cai um ponto-base a 6,26%, ao passo que o DI para janeiro de 2023 avan\u00e7a dois pontos-base a 7,19%.<\/p>\n<p>\u2192 De R$ 697 por 0! Fernando G\u00f3es libera curso gratuito de a\u00e7\u00f5es e op\u00e7\u00f5es; veja enquanto est\u00e1 no ar!<\/p>\n<p>Na principal not\u00edcia do dia, Moro discutiu com o procurador da for\u00e7a-tarefa da Opera\u00e7\u00e3o Lava Jato, Deltan Dallagnol, sobre formas de impedir uma entrevista do ex-presidente, Luiz In\u00e1cio Lula da Silva \u00e0 Folha de S. Paulo porque ela poderia ajudar a eleger Fernando Haddad no pleito presidencial de 2018.<\/p>\n<p>Apesar dos ru\u00eddos, o presidente da Comiss\u00e3o Especial da reforma da Previd\u00eancia, Marcelo Ramos (PL-AM), garantiu que ser\u00e1 feito um esfor\u00e7o para blindar a reforma da Previd\u00eancia. &#8220;Os vazamentos n\u00e3o afetar\u00e3o o calend\u00e1rio da reforma&#8221;, afirmou. Ramos, no entanto, disse que a quest\u00e3o \u00e9 &#8220;grav\u00edssima&#8221;, porque &#8220;atenta contra o Estado Democr\u00e1tico de Direito&#8221;.<\/p>\n<h4>Relat\u00f3rio Focus<\/h4>\n<p>A estimativa do mercado financeiro para o crescimento da economia neste ano chegou a 1%, ap\u00f3s 15 redu\u00e7\u00f5es consecutivas. \u00c9 o que mostra o boletim Focus, resultado de pesquisa do Banco Central (BC) a institui\u00e7\u00f5es financeiras, divulgado \u00e0s segundas-feiras.<\/p>\n<p>A proje\u00e7\u00e3o para a expans\u00e3o do Produto Interno Bruto (PIB) \u2013 a soma de todos os bens e servi\u00e7os produzidos no pa\u00eds &#8211; desta vez foi reduzida de 1,13% para 1%.<\/p>\n<p>J\u00e1 a estimativa de infla\u00e7\u00e3o, calculada pelo \u00cdndice Nacional de Pre\u00e7os ao Consumidor Amplo (IPCA), caiu de 4,03% para 3,89% este ano, foi mantida em 4% para 2020 e em 3,75% para 2021 e 2022.<\/p>\n<p>Para o mercado financeiro, a Selic deve permanecer no seu m\u00ednimo hist\u00f3rico de 6,50% ao ano at\u00e9 o fim de 2019. Para o fim de 2020, a proje\u00e7\u00e3o caiu de 7,25% ao ano para 7%.<\/p>\n<p>A previs\u00e3o do mercado financeiro para a cota\u00e7\u00e3o do d\u00f3lar permanece em R$ 3,80 no fim de 2019 e de 2020.<\/p>\n<h4>Notici\u00e1rio corporativo<\/h4>\n<p>No notici\u00e1rio corporativo, destaque para a Petrobras (PETR3; PETR4) entrou com tr\u00eas a\u00e7\u00f5es no Supremo Tribunal Federal (STF) alegando que o Tribunal Superior do Trabalho (TST) deu andamento a a\u00e7\u00f5es que deveriam estar travadas por ordem do STF, envolvendo o m\u00e9todo de c\u00e1lculo para benef\u00edcios previstos em acordo coletivo firmado em 2007.<\/p>\n<p>Em junho do ano passado, a Petrobras foi derrotada na maior a\u00e7\u00e3o trabalhista da hist\u00f3ria da companhia, quando o TST concordou com trabalhadores que pediam novo m\u00e9todo de c\u00e1lculo para benef\u00edcios previstos no acordo de 2007.<\/p>\n<p>\u00c0 \u00e9poca, se estimou que a mudan\u00e7a pode causar impacto de R$ 15 bilh\u00f5es pelos pagamentos passados e ainda adicionaria R$ 2 bilh\u00f5es anuais na folha de pagamento da Petrobras.<\/p>\n<p>A Vale (VALE3) reiterou, em comunicado, a provis\u00e3o de US$ 1,855 bilh\u00e3o destinada ao processo de desativa\u00e7\u00e3o das barragens a montante, que utilizam a mesma tecnologia da barragem de Brumadinho (MG).<\/p>\n<p>Em maio, ao publicar o balan\u00e7o referente ao primeiro trimestre deste ano, a Vale explicou que o plano de acelerar a desativa\u00e7\u00e3o das barragens a montante, comunicado \u00e0s autoridades no fim de janeiro, resultou em provis\u00e3o de R$ 7,137 bilh\u00f5es.<\/p>\n<p>A companhia \u00e1rea Avianca pode ter seu fim sacramentado hoje, quando est\u00e1 prevista sess\u00e3o de julgamento do Tribunal de Justi\u00e7a, diz a Coluna do Broadcast. A expectativa \u00e9 de que a corte d\u00ea um veredicto sobre a realiza\u00e7\u00e3o do leil\u00e3o dos slots (autoriza\u00e7\u00f5es de pouso e decolagem) da empresa, que est\u00e1 em recupera\u00e7\u00e3o judicial desde dezembro de 2018.<\/p>\n<h4>Moro e Lava Jato<\/h4>\n<p>O site The Intercept publicou ontem trechos de mensagens atribu\u00eddas a procuradores da Lava Jato e ao ex-juiz e atual ministro da Justi\u00e7a S\u00e9rgio Moro. Segundo o site, procuradores, entre eles Deltan Dallagnol, trocaram mensagens pelo aplicativo Telegram com Moro sobre assuntos investigados pela opera\u00e7\u00e3o. Na semana passada, Moro relatou que teve conversas de seu celular hackeadas ilegalmente.<\/p>\n<p>De acordo com o Estad\u00e3o, a Pol\u00edcia Federal investiga h\u00e1 cerca de um m\u00eas ataques aos celulares de Moro e de procuradores que atuam nas for\u00e7as tarefas da Lava Jato em Curitiba, Rio e em S\u00e3o Paulo. Nas conversas, supostamente, Moro teria combinado orienta\u00e7\u00f5es para a atua\u00e7\u00e3o das investiga\u00e7\u00f5es da Lava Jato.<\/p>\n<p>Segundo o The Intercept, h\u00e1 conversas escritas e gravadas com Moro sugerindo mudan\u00e7as da ordem de fases da Lava Jato, al\u00e9m de aconselhar, fornecer pistas e antecipar uma decis\u00e3o a Dallagnol. O ministro Marco Aur\u00e9lio Mello, do STF, disse que esse tipo de comunica\u00e7\u00e3o s\u00f3 deve ocorrer nos processos, com a devida publicidade, afirmou ao Estad\u00e3o.<\/p>\n<p>A for\u00e7a tarefa da Lava Jato afirmou, em nota, \u201cn\u00e3o saber exatamente ainda a extens\u00e3o da invas\u00e3o\u201d, mas que possivelmente foram copiados \u201cdocumentos e dado sobre estrat\u00e9gias e investiga\u00e7\u00f5es em andamento e sobre rotinas pessoais e de seguran\u00e7a\u201d dos integrantes do grupo e de suas fam\u00edlias.<\/p>\n<h4>Previd\u00eancia e Bolsonaro<\/h4>\n<p>O relator da reforma da Previd\u00eancia na C\u00e2mara, deputado Samuel Moreira (PSDB-SP), afirmou ontem que ir\u00e1 apresentar seu parecer na pr\u00f3xima quinta-feira, dia 13, para ter tempo de discutir os termos da proposta com governadores e l\u00edderes partid\u00e1rios. Inicialmente, a expectativa era de que o documento pudesse ser apresentado na ter\u00e7a-feira, 11.<\/p>\n<p>O deputado se reuniu na noite deste domingo com lideran\u00e7as de nove partidos, o presidente da Casa, Rodrigo Maia (DEM-RJ), e o secret\u00e1rio especial de Previd\u00eancia e Trabalho, Rog\u00e9rio Marinho. No encontro, os parlamentares discutiram pontos do texto que ainda n\u00e3o t\u00eam apoio efetivo no Congresso, como o regime de capitaliza\u00e7\u00e3o e as regras de transi\u00e7\u00e3o para quem est\u00e1 pr\u00f3ximo de se aposentar.<\/p>\n<p>Moreira pretende se reunir com os governadores na pr\u00f3xima ter\u00e7a-feira para discutir a perman\u00eancia de Estados e munic\u00edpios no texto da reforma. A maioria dos mandat\u00e1rios \u00e9 favor\u00e1vel \u00e0 manuten\u00e7\u00e3o, mas alguns deputados temem que, ao votarem favoravelmente \u00e0 proposta, podem se desgastar com suas bases eleitorais.<\/p>\n<p>O deputado afirmou ainda que o adiamento na apresenta\u00e7\u00e3o do relat\u00f3rio n\u00e3o deve impactar no calend\u00e1rio estabelecido inicialmente para a vota\u00e7\u00e3o da reforma na comiss\u00e3o especial, que deve acontecer at\u00e9 15 de junho, e no plen\u00e1rio da C\u00e2mara at\u00e9 o recesso de julho. &#8220;O presidente da C\u00e2mara, Rodrigo Maia, est\u00e1 confiante na forma\u00e7\u00e3o de uma maioria&#8221;, disse.<\/p>\n<p>Em entrevista conjunta ao jornal Folha de S.Paulo, Maia e o presidente do Senado, Davi Alcolumbre (DEM-AP) se posicionaram contra o decreto que flexibiliza o porte de armas, criticaram as propostas que alteram as leis de tr\u00e2nsito, se manifestaram contrariamente \u00e0 pol\u00edtica ambiental de Bolsonaro e disseram que o projeto anticrime do ministro S\u00e9rgio Moro n\u00e3o \u00e9 priorit\u00e1rio.<\/p>\n<p>Maia e Alcolumbre afirmaram ainda que Bolsonaro ter\u00e1 \u201cde nos aturar por dois anos e vice-versa\u201d. Os parlamentares acrescentaram ainda desconhecer qualquer pauta importante do governo superar a crise econ\u00f4mica, al\u00e9m da reforma da Previd\u00eancia \u2013 que apoiam com entusiasmo \u2013, e avaliam que, mesmo sem ter uma base s\u00f3lida, o governo n\u00e3o ca\u00ed; mas ter\u00e1 problemas para aprovar a agenda que prop\u00f5e ao Pa\u00eds.<\/p>\n<p>O presidente Jair Bolsonaro voltou a afirmar ontem que se o Congresso n\u00e3o aprovar o Projeto de Lei n\u00ba 4 (PLN 4), que prev\u00ea a concess\u00e3o de um cr\u00e9dito suplementar para o governo no valor de R$ 248,9 bilh\u00f5es, n\u00e3o haver\u00e1 dinheiro para o pagamento de benef\u00edcios para aposentadorias, Bolsa Fam\u00edlia, Pronaf e Plano Safra.<\/p>\n<p>&#8220;Se n\u00e3o aprovar teremos problema. N\u00e3o \u00e9 que eu n\u00e3o queira pagar ningu\u00e9m, n\u00e3o vai ter dinheiro&#8221;, afirmou. Questionado sobre se o recurso destinado ao pagamento dos benef\u00edcios j\u00e1 n\u00e3o estava previsto no Or\u00e7amento, o presidente respondeu: &#8220;Est\u00e1, mas a receita est\u00e1 bem abaixo do previsto&#8221;.<\/p>\n<p>O jornal O Globo destaca ainda a PEC, que deve ser aprovada essa semana, alterando os prazos para tramita\u00e7\u00e3o das Medidas Provis\u00f3rias (MPs) no Congresso exigir\u00e1 mais capacidade de articula\u00e7\u00e3o do governo. Levantamento da publica\u00e7\u00e3o informa que apenas 12 das 206 MPs editadas desde 2015 pelo Planalto teriam sido aprovadas dentro do novo cronograma.<\/p>\n","protected":false},"excerpt":{"rendered":"<p>Mercado tem dia de queda ap\u00f3s \u00e1udios comprometerem o ministro da Justi\u00e7a quando ele ainda era juiz da Lava Jato O Ibovespa volta a cair mais forte nesta segunda-feira (10), ap\u00f3s reduzir perdas mais cedo, aliviado por afirma\u00e7\u00f5es de congressistas. Os investidores se preocupam com a repercuss\u00e3o dos \u00e1udios e trocas de mensagens comprometedoras envolvendo&#8230; <\/p>\n<div class=\"clear\"><\/div>\n<p><a href=\"https:\/\/bbconsultoria.net\/site\/ibovespa-volta-a-cair-por-temores-com-vazamentos-contra-moro-dolar-sobe-a-r-388\/\" class=\"excerpt-read-more\">Read More<\/a><\/p>\n","protected":false},"author":1,"featured_media":0,"comment_status":"closed","ping_status":"closed","sticky":false,"template":"","format":"standard","meta":{"footnotes":""},"categories":[82],"tags":[],"class_list":["post-6827","post","type-post","status-publish","format-standard","hentry","category-noticias"],"_links":{"self":[{"href":"https:\/\/bbconsultoria.net\/site\/wp-json\/wp\/v2\/posts\/6827","targetHints":{"allow":["GET"]}}],"collection":[{"href":"https:\/\/bbconsultoria.net\/site\/wp-json\/wp\/v2\/posts"}],"about":[{"href":"https:\/\/bbconsultoria.net\/site\/wp-json\/wp\/v2\/types\/post"}],"author":[{"embeddable":true,"href":"https:\/\/bbconsultoria.net\/site\/wp-json\/wp\/v2\/users\/1"}],"replies":[{"embeddable":true,"href":"https:\/\/bbconsultoria.net\/site\/wp-json\/wp\/v2\/comments?post=6827"}],"version-history":[{"count":1,"href":"https:\/\/bbconsultoria.net\/site\/wp-json\/wp\/v2\/posts\/6827\/revisions"}],"predecessor-version":[{"id":6828,"href":"https:\/\/bbconsultoria.net\/site\/wp-json\/wp\/v2\/posts\/6827\/revisions\/6828"}],"wp:attachment":[{"href":"https:\/\/bbconsultoria.net\/site\/wp-json\/wp\/v2\/media?parent=6827"}],"wp:term":[{"taxonomy":"category","embeddable":true,"href":"https:\/\/bbconsultoria.net\/site\/wp-json\/wp\/v2\/categories?post=6827"},{"taxonomy":"post_tag","embeddable":true,"href":"https:\/\/bbconsultoria.net\/site\/wp-json\/wp\/v2\/tags?post=6827"}],"curies":[{"name":"wp","href":"https:\/\/api.w.org\/{rel}","templated":true}]}}