{"id":6823,"date":"2019-06-06T14:02:20","date_gmt":"2019-06-06T17:02:20","guid":{"rendered":"http:\/\/bbconsultoria.net\/site\/?p=6823"},"modified":"2019-06-06T14:02:20","modified_gmt":"2019-06-06T17:02:20","slug":"ibovespa-futuro-tem-leve-alta-e-dolar-cai-com-exterior-e-atento-a-stf-e-congresso","status":"publish","type":"post","link":"https:\/\/bbconsultoria.net\/site\/ibovespa-futuro-tem-leve-alta-e-dolar-cai-com-exterior-e-atento-a-stf-e-congresso\/","title":{"rendered":"Ibovespa Futuro tem leve alta e d\u00f3lar cai com exterior e atento a STF e Congresso"},"content":{"rendered":"<p>Ap\u00f3s a forte queda da v\u00e9spera, o Ibovespa Futuro registra uma sess\u00e3o de leve alta na sess\u00e3o desta quinta-feira (6), enquanto o d\u00f3lar futuro registra leve baixa ap\u00f3s os ganhos de 1%, com o \u00edndice futuro brasileiro seguindo o exterior, com os mercados europeus e futuros dos EUA registram varia\u00e7\u00f5es positivas. \u00c0s 9h13 (hor\u00e1rio de Bras\u00edlia), o \u00edndice futuro com vencimento em junho registrava alta de 0,11%, enquanto o d\u00f3lar futuro com vencimento em julho tinha leve baixa de 0,13%, a R$ 3,882.<\/p>\n<p>&nbsp;<\/p>\n<p><img loading=\"lazy\" decoding=\"async\" class=\"aligncenter wp-image-6824 size-full\" src=\"http:\/\/bbconsultoria.net\/site\/wp-content\/uploads\/2019\/06\/ibopesva.jpg\" alt=\"\" width=\"306\" height=\"165\" srcset=\"https:\/\/bbconsultoria.net\/site\/wp-content\/uploads\/2019\/06\/ibopesva.jpg 306w, https:\/\/bbconsultoria.net\/site\/wp-content\/uploads\/2019\/06\/ibopesva-300x162.jpg 300w\" sizes=\"auto, (max-width: 306px) 100vw, 306px\" \/><\/p>\n<p>Nesta manh\u00e3, o Banco Central Europeu (BCE) manteve os juros em 0% e sinalizou que os est\u00edmulos \u00e0 economia europeia devem continuar por mais tempo, passando do final de 2019 para o primeiro semestre de 2020.<\/p>\n<p>O mercado ainda fica atento \u00e0s preocupa\u00e7\u00f5es cont\u00ednuas em rela\u00e7\u00e3o \u00e0s disputas comerciais no exterior. Os EUA e o M\u00e9xico conclu\u00edram as negocia\u00e7\u00f5es na quarta-feira sem nenhuma resolu\u00e7\u00e3o, conforme esperado. Trump tuitou que o progresso n\u00e3o foi suficiente com rela\u00e7\u00e3o ao problema da imigra\u00e7\u00e3o e as negocia\u00e7\u00f5es devem ser retomadas na quinta-feira em Washington. A Fitch rebaixou o rating de cr\u00e9dito do M\u00e9xico e a Moody\u2019s rebaixou sua perspectiva para negativa.<\/p>\n<p>Enquanto isso, Trump alertou a China sobre outro poss\u00edvel aumento de tarifas, embora tenha mencionado desdobramentos &#8220;interessantes&#8221; das discuss\u00f5es comerciais entre Washington e Pequim. \u00a0&#8220;J\u00e1 estamos obtendo 25% sobre US$ 250 bilh\u00f5es e eu posso elevar ao menos outros US$ 300 bilh\u00f5es&#8221;, afirmou o presidente americano na Irlanda.<\/p>\n<p>No Brasil, alguns impasses na pol\u00edtica: \u00a0sem acordo, a Comiss\u00e3o Mista de Or\u00e7amento adiou a an\u00e1lise do projeto de lei que abre cr\u00e9dito suplementar para que o governo n\u00e3o infrinja a regra de ouro. O prazo \u00e9 o limite para a aprova\u00e7\u00e3o do texto, tanto na comiss\u00e3o quanto no plen\u00e1rio do Congresso.<\/p>\n<p>J\u00e1 na sess\u00e3o do Congresso Nacional de ontem \u00e0 noite, os parlamentares derrubaram um veto do presidente Jair Bolsonaro que impedia retorno de microempreendedores inadimplentes ao Simples Nacional. Durante a sess\u00e3o, 15 vetos foram mantidos e outros 5 ser\u00e3o analisados na semana que vem.<\/p>\n<p>O fim da sess\u00e3o foi marcado por um desentendimento entre parlamentares do partido de Jair Bolsonaro, o PSL. A l\u00edder do governo no Congresso, Joice Hasselmann (PSL-SP), chegou a anunciar que havia um acordo para que nove vetos fossem derrubados. A derrubada desse veto era uma demanda do senador Major Ol\u00edmpio (PSL-SP). Ao fim da vota\u00e7\u00e3o, no entanto, a medida foi mantida.<\/p>\n<p>Ol\u00edmpio foi ao plen\u00e1rio e disse que Hasselmann e o l\u00edder do Senado, Fernando Bezerra (MDB-PE), tinham dado um &#8220;passa moleque&#8221;. Houve bate-boca e confus\u00e3o e a sess\u00e3o foi encerrada. O presidente do Congresso Davi Alcolumbre (DEM-AP), convocou nova sess\u00e3o do Congresso para 14h da pr\u00f3xima ter\u00e7a-feira (11).<\/p>\n<p>Enquanto isso, o relator da reforma da Previd\u00eancia, deputado Samuel Moreira (PSDB-SP), sinalizou que pode adiar por mais um dia o prazo para a entrega de seu parecer em prol de um entendimento sobre a inclus\u00e3o de Estados e munic\u00edpios na proposta.<\/p>\n<p>Notici\u00e1rio corporativo<\/p>\n<p>No front corporativo, os investidores devem seguir atentos ao julgamento do Supremo Tribunal Federal (STF) que ser\u00e1 retomado hoje, ap\u00f3s quatro votos ontem e um empate. Sete ministros ainda precisam votar. A decis\u00e3o interessa a Petrobras que aguarda que o STF confirme a venda de sua subsidi\u00e1ria TAG, anunciada em abril, ao grupo franc\u00eas Engie e o fundo canadense CDPQ por US$ 8,6 bilh\u00f5es.<\/p>\n<p>J\u00e1 as empresas do setor de saneamento devem monitorar a vota\u00e7\u00e3o hoje do projeto que moderniza o Marco Legal do Saneamento B\u00e1sico (PL 3.261\/2019). O projeto substitui a Medida Provis\u00f3ria (MP) 868\/2018, que perdeu sua validade essa semana. A aprova\u00e7\u00e3o poder\u00e1 abrir caminho para a privatiza\u00e7\u00e3o da Sabesp.<\/p>\n<p>Por unanimidade, o Tribunal Superior do Trabalho (TST) confirmou a continuidade das negocia\u00e7\u00f5es relativas \u00e0 joint venture entre a Embraer e a Boeing. A decis\u00e3o foi tomada no \u00e2mbito de uma a\u00e7\u00e3o civil p\u00fablica do Minist\u00e9rio P\u00fablico do Trabalho da 15\u00aa Regi\u00e3o, que apontou que a opera\u00e7\u00e3o provocaria les\u00e3o aos interesses nacionais.<\/p>\n<p>&nbsp;<\/p>\n<p>FONTE: InfoMoney<\/p>\n","protected":false},"excerpt":{"rendered":"<p>Ap\u00f3s a forte queda da v\u00e9spera, o Ibovespa Futuro registra uma sess\u00e3o de leve alta na sess\u00e3o desta quinta-feira (6), enquanto o d\u00f3lar futuro registra leve baixa ap\u00f3s os ganhos de 1%, com o \u00edndice futuro brasileiro seguindo o exterior, com os mercados europeus e futuros dos EUA registram varia\u00e7\u00f5es positivas. \u00c0s 9h13 (hor\u00e1rio de&#8230; <\/p>\n<div class=\"clear\"><\/div>\n<p><a href=\"https:\/\/bbconsultoria.net\/site\/ibovespa-futuro-tem-leve-alta-e-dolar-cai-com-exterior-e-atento-a-stf-e-congresso\/\" class=\"excerpt-read-more\">Read More<\/a><\/p>\n","protected":false},"author":4,"featured_media":0,"comment_status":"closed","ping_status":"closed","sticky":false,"template":"","format":"standard","meta":{"footnotes":""},"categories":[82],"tags":[],"class_list":["post-6823","post","type-post","status-publish","format-standard","hentry","category-noticias"],"_links":{"self":[{"href":"https:\/\/bbconsultoria.net\/site\/wp-json\/wp\/v2\/posts\/6823","targetHints":{"allow":["GET"]}}],"collection":[{"href":"https:\/\/bbconsultoria.net\/site\/wp-json\/wp\/v2\/posts"}],"about":[{"href":"https:\/\/bbconsultoria.net\/site\/wp-json\/wp\/v2\/types\/post"}],"author":[{"embeddable":true,"href":"https:\/\/bbconsultoria.net\/site\/wp-json\/wp\/v2\/users\/4"}],"replies":[{"embeddable":true,"href":"https:\/\/bbconsultoria.net\/site\/wp-json\/wp\/v2\/comments?post=6823"}],"version-history":[{"count":1,"href":"https:\/\/bbconsultoria.net\/site\/wp-json\/wp\/v2\/posts\/6823\/revisions"}],"predecessor-version":[{"id":6825,"href":"https:\/\/bbconsultoria.net\/site\/wp-json\/wp\/v2\/posts\/6823\/revisions\/6825"}],"wp:attachment":[{"href":"https:\/\/bbconsultoria.net\/site\/wp-json\/wp\/v2\/media?parent=6823"}],"wp:term":[{"taxonomy":"category","embeddable":true,"href":"https:\/\/bbconsultoria.net\/site\/wp-json\/wp\/v2\/categories?post=6823"},{"taxonomy":"post_tag","embeddable":true,"href":"https:\/\/bbconsultoria.net\/site\/wp-json\/wp\/v2\/tags?post=6823"}],"curies":[{"name":"wp","href":"https:\/\/api.w.org\/{rel}","templated":true}]}}