{"id":6819,"date":"2019-06-03T11:28:57","date_gmt":"2019-06-03T14:28:57","guid":{"rendered":"http:\/\/bbconsultoria.net\/site\/?p=6819"},"modified":"2019-06-03T11:28:57","modified_gmt":"2019-06-03T14:28:57","slug":"construcao-revela-as-dimensoes-da-crise-do-estado","status":"publish","type":"post","link":"https:\/\/bbconsultoria.net\/site\/construcao-revela-as-dimensoes-da-crise-do-estado\/","title":{"rendered":"Constru\u00e7\u00e3o revela as dimens\u00f5es da crise do Estado"},"content":{"rendered":"<div><\/div>\n<div>\u00c9 essencial a recupera\u00e7\u00e3o da capacidade de investimento do setor p\u00fablico, inclusive na constru\u00e7\u00e3o<\/div>\n<div><\/div>\n<div><img loading=\"lazy\" decoding=\"async\" class=\"alignnone wp-image-6820 size-full\" src=\"http:\/\/bbconsultoria.net\/site\/wp-content\/uploads\/2019\/06\/or\u00e7amento-constru\u00e7\u00e3o-civil.jpg\" alt=\"\" width=\"870\" height=\"500\" srcset=\"https:\/\/bbconsultoria.net\/site\/wp-content\/uploads\/2019\/06\/or\u00e7amento-constru\u00e7\u00e3o-civil.jpg 870w, https:\/\/bbconsultoria.net\/site\/wp-content\/uploads\/2019\/06\/or\u00e7amento-constru\u00e7\u00e3o-civil-300x172.jpg 300w, https:\/\/bbconsultoria.net\/site\/wp-content\/uploads\/2019\/06\/or\u00e7amento-constru\u00e7\u00e3o-civil-768x441.jpg 768w\" sizes=\"auto, (max-width: 870px) 100vw, 870px\" \/><\/div>\n<div>\n<p>Os indicadores da constru\u00e7\u00e3o relativos a 2017, divulgados h\u00e1 pouco pelo Instituto Brasileiro de Geografia e Estat\u00edstica (IBGE), afastam d\u00favidas que ainda possam subsistir quanto ao grau de enfraquecimento do Estado brasileiro, que perdeu notavelmente sua capacidade de realizar investimentos. Tamb\u00e9m o setor privado que atua na constru\u00e7\u00e3o foi muito atingido pela recess\u00e3o aguda de 2015\/2016, mas ganhou import\u00e2ncia comparativamente ao setor p\u00fablico.<\/p>\n<p>Num per\u00edodo de 10 anos (2008 a 2017), a participa\u00e7\u00e3o das obras de infraestrutura medida pelo valor das constru\u00e7\u00f5es caiu de 47,4% para 32,2%, segundo a Pesquisa Anual da Ind\u00fastria da Constru\u00e7\u00e3o (Paic 2017) do IBGE. Em igual per\u00edodo, cresceu de 37,2% para 45,8% o peso da constru\u00e7\u00e3o de edif\u00edcios e de 15,4% para 22% a participa\u00e7\u00e3o dos servi\u00e7os especializados. A participa\u00e7\u00e3o do setor p\u00fablico medida pela gera\u00e7\u00e3o do valor de obras caiu de 60,3% em 2008 para 52,4% em 2017.<\/p>\n<p>A Paic 2017 retrata a situa\u00e7\u00e3o dram\u00e1tica enfrentada pelo setor da constru\u00e7\u00e3o e pelas empresas que nele atuam. A compara\u00e7\u00e3o n\u00e3o deve ser feita apenas no longo, mas tamb\u00e9m no curto prazo.<\/p>\n<p>Entre 2016 e 2017, houve n\u00e3o s\u00f3 diminui\u00e7\u00e3o do n\u00famero de empresas ativas, de 126.880 para 126.316, como da receita bruta gerada, de R$ 310,7 bilh\u00f5es para R$ 280,9 bilh\u00f5es. Trata-se de um recuo muito expressivo.<\/p>\n<p>Como se trata de um setor que depende de vasta gama de fornecedores de bens e servi\u00e7os p\u00fablicos e privados, os reflexos de uma queda sobre a atividade econ\u00f4mica s\u00e3o amplos. O consumo de materiais de constru\u00e7\u00e3o, por exemplo, recuou de R$ 58,2 bilh\u00f5es para R$ 51,1 bilh\u00f5es. Os gastos de pessoal ca\u00edram de R$ 84,2 bilh\u00f5es para R$ 78,4 bilh\u00f5es, mostrando os custos da crise para os trabalhadores, que perderam emprego e renda. Diminu\u00edram comiss\u00f5es, despesas com propaganda, servi\u00e7os de manuten\u00e7\u00e3o, entre outros. Um dos raros itens que mostraram crescimento foi o de impostos e taxas, de R$ 3,3 bilh\u00f5es para R$ 3,6 bilh\u00f5es, ou seja, o Fisco foi menos atingido pela crise.<\/p>\n<p>\u00c9 essencial a recupera\u00e7\u00e3o da capacidade de investimento do setor p\u00fablico, inclusive na constru\u00e7\u00e3o. Ao contratar muita m\u00e3o de obra, este segmento contribuir\u00e1 para reduzir o desemprego, problema mais agudo da economia. O saneamento fiscal \u00e9 condi\u00e7\u00e3o para viabilizar uma retomada mais r\u00e1pida e com mais emprego.<\/p><\/div>\n<div><\/div>\n<div>FONTE:\u00a0Editorial Econ\u00f4mico, O Estado de S. Paulo<\/div>\n","protected":false},"excerpt":{"rendered":"<p>\u00c9 essencial a recupera\u00e7\u00e3o da capacidade de investimento do setor p\u00fablico, inclusive na constru\u00e7\u00e3o Os indicadores da constru\u00e7\u00e3o relativos a 2017, divulgados h\u00e1 pouco pelo Instituto Brasileiro de Geografia e Estat\u00edstica (IBGE), afastam d\u00favidas que ainda possam subsistir quanto ao grau de enfraquecimento do Estado brasileiro, que perdeu notavelmente sua capacidade de realizar investimentos. Tamb\u00e9m&#8230; <\/p>\n<div class=\"clear\"><\/div>\n<p><a href=\"https:\/\/bbconsultoria.net\/site\/construcao-revela-as-dimensoes-da-crise-do-estado\/\" class=\"excerpt-read-more\">Read More<\/a><\/p>\n","protected":false},"author":4,"featured_media":0,"comment_status":"closed","ping_status":"closed","sticky":false,"template":"","format":"standard","meta":{"footnotes":""},"categories":[82],"tags":[],"class_list":["post-6819","post","type-post","status-publish","format-standard","hentry","category-noticias"],"_links":{"self":[{"href":"https:\/\/bbconsultoria.net\/site\/wp-json\/wp\/v2\/posts\/6819","targetHints":{"allow":["GET"]}}],"collection":[{"href":"https:\/\/bbconsultoria.net\/site\/wp-json\/wp\/v2\/posts"}],"about":[{"href":"https:\/\/bbconsultoria.net\/site\/wp-json\/wp\/v2\/types\/post"}],"author":[{"embeddable":true,"href":"https:\/\/bbconsultoria.net\/site\/wp-json\/wp\/v2\/users\/4"}],"replies":[{"embeddable":true,"href":"https:\/\/bbconsultoria.net\/site\/wp-json\/wp\/v2\/comments?post=6819"}],"version-history":[{"count":1,"href":"https:\/\/bbconsultoria.net\/site\/wp-json\/wp\/v2\/posts\/6819\/revisions"}],"predecessor-version":[{"id":6821,"href":"https:\/\/bbconsultoria.net\/site\/wp-json\/wp\/v2\/posts\/6819\/revisions\/6821"}],"wp:attachment":[{"href":"https:\/\/bbconsultoria.net\/site\/wp-json\/wp\/v2\/media?parent=6819"}],"wp:term":[{"taxonomy":"category","embeddable":true,"href":"https:\/\/bbconsultoria.net\/site\/wp-json\/wp\/v2\/categories?post=6819"},{"taxonomy":"post_tag","embeddable":true,"href":"https:\/\/bbconsultoria.net\/site\/wp-json\/wp\/v2\/tags?post=6819"}],"curies":[{"name":"wp","href":"https:\/\/api.w.org\/{rel}","templated":true}]}}