{"id":6812,"date":"2019-05-27T15:35:44","date_gmt":"2019-05-27T18:35:44","guid":{"rendered":"http:\/\/www.bbconsultoria.net\/site\/?p=6812"},"modified":"2019-05-27T15:35:44","modified_gmt":"2019-05-27T18:35:44","slug":"cidades-brasileiras-registram-atos-em-apoio-ao-governo-bolsonaro","status":"publish","type":"post","link":"https:\/\/bbconsultoria.net\/site\/cidades-brasileiras-registram-atos-em-apoio-ao-governo-bolsonaro\/","title":{"rendered":"Cidades brasileiras registram atos em apoio ao governo Bolsonaro"},"content":{"rendered":"<p>Ao menos 156 cidades em 26 estados e no Distrito Federal tiveram protestos entre a manh\u00e3 e a tarde deste domingo (26) em defesa do presidente Jair Bolsonaro e de medidas do governo, como a reforma da Previd\u00eancia e o pacote anticrime<\/p>\n<p>&nbsp;<\/p>\n<p><img loading=\"lazy\" decoding=\"async\" class=\"aligncenter wp-image-6813 size-full\" src=\"http:\/\/www.bbconsultoria.net\/site\/wp-content\/uploads\/2019\/05\/ato-bolsonaro1.jpg\" alt=\"\" width=\"1000\" height=\"563\" srcset=\"https:\/\/bbconsultoria.net\/site\/wp-content\/uploads\/2019\/05\/ato-bolsonaro1.jpg 1000w, https:\/\/bbconsultoria.net\/site\/wp-content\/uploads\/2019\/05\/ato-bolsonaro1-300x169.jpg 300w, https:\/\/bbconsultoria.net\/site\/wp-content\/uploads\/2019\/05\/ato-bolsonaro1-768x432.jpg 768w\" sizes=\"auto, (max-width: 1000px) 100vw, 1000px\" \/><\/p>\n<p>As manifesta\u00e7\u00f5es de ontem foram muito importantes por dois aspectos: primeiro, porque, pela primeira vez, o povo foi \u00e0s ruas n\u00e3o contra alguma coisa, mas a favor de pautas que est\u00e3o no Legislativo, principalmente, de um assunto que \u00e9 espinhoso e que tira privil\u00e9gios de muitos, que \u00e9 a quest\u00e3o da Reforma da Previd\u00eancia.<\/p>\n<p>\u00c9 uma mudan\u00e7a de paradigma muito grande. Uma manifesta\u00e7\u00e3o que n\u00e3o tinha dono, que n\u00e3o tinha um grupo majorit\u00e1rio, que n\u00e3o tinham pol\u00edticos diretamente respons\u00e1veis pela organiza\u00e7\u00e3o.<\/p>\n<p>Foi uma demonstra\u00e7\u00e3o de for\u00e7a para o presidente que, nos \u00faltimos dias, ficou meio nas cordas, por conta da manifesta\u00e7\u00e3o organizada pelos partidos de esquerda, no \u00faltimo dia 15, em defesa da educa\u00e7\u00e3o, contra os cortes anunciados pelo governo para os ensinos superior e t\u00e9cnico federais.<\/p>\n<p>Enfim, depois de passar por uma s\u00e9rie de derrotas no Legislativo, ontem acabou dando uma demonstra\u00e7\u00e3o de for\u00e7a.<\/p>\n<p>Em que pese , diretamente n\u00e3o ganha votos para aprovar, principalmente, a pauta da Previd\u00eancia, ao contr\u00e1rio do que diziam, a Previd\u00eancia n\u00e3o \u00e9 uma pauta t\u00e3o impopular assim. A popula\u00e7\u00e3o tem a dimens\u00e3o da necessidade de reformar o atual modelo que a\u00ed est\u00e1.<\/p>\n<p>Os protestos tamb\u00e9m apoiavam a reforma ministerial do governo Bolsonaro, com redu\u00e7\u00e3o de 29 para 22 no n\u00famero de minist\u00e9rios.<\/p>\n","protected":false},"excerpt":{"rendered":"<p>Ao menos 156 cidades em 26 estados e no Distrito Federal tiveram protestos entre a manh\u00e3 e a tarde deste domingo (26) em defesa do presidente Jair Bolsonaro e de medidas do governo, como a reforma da Previd\u00eancia e o pacote anticrime &nbsp; As manifesta\u00e7\u00f5es de ontem foram muito importantes por dois aspectos: primeiro, porque,&#8230; <\/p>\n<div class=\"clear\"><\/div>\n<p><a href=\"https:\/\/bbconsultoria.net\/site\/cidades-brasileiras-registram-atos-em-apoio-ao-governo-bolsonaro\/\" class=\"excerpt-read-more\">Read More<\/a><\/p>\n","protected":false},"author":4,"featured_media":0,"comment_status":"closed","ping_status":"closed","sticky":false,"template":"","format":"standard","meta":{"footnotes":""},"categories":[82],"tags":[],"class_list":["post-6812","post","type-post","status-publish","format-standard","hentry","category-noticias"],"_links":{"self":[{"href":"https:\/\/bbconsultoria.net\/site\/wp-json\/wp\/v2\/posts\/6812","targetHints":{"allow":["GET"]}}],"collection":[{"href":"https:\/\/bbconsultoria.net\/site\/wp-json\/wp\/v2\/posts"}],"about":[{"href":"https:\/\/bbconsultoria.net\/site\/wp-json\/wp\/v2\/types\/post"}],"author":[{"embeddable":true,"href":"https:\/\/bbconsultoria.net\/site\/wp-json\/wp\/v2\/users\/4"}],"replies":[{"embeddable":true,"href":"https:\/\/bbconsultoria.net\/site\/wp-json\/wp\/v2\/comments?post=6812"}],"version-history":[{"count":1,"href":"https:\/\/bbconsultoria.net\/site\/wp-json\/wp\/v2\/posts\/6812\/revisions"}],"predecessor-version":[{"id":6814,"href":"https:\/\/bbconsultoria.net\/site\/wp-json\/wp\/v2\/posts\/6812\/revisions\/6814"}],"wp:attachment":[{"href":"https:\/\/bbconsultoria.net\/site\/wp-json\/wp\/v2\/media?parent=6812"}],"wp:term":[{"taxonomy":"category","embeddable":true,"href":"https:\/\/bbconsultoria.net\/site\/wp-json\/wp\/v2\/categories?post=6812"},{"taxonomy":"post_tag","embeddable":true,"href":"https:\/\/bbconsultoria.net\/site\/wp-json\/wp\/v2\/tags?post=6812"}],"curies":[{"name":"wp","href":"https:\/\/api.w.org\/{rel}","templated":true}]}}