{"id":6805,"date":"2019-05-13T15:19:23","date_gmt":"2019-05-13T18:19:23","guid":{"rendered":"http:\/\/bbconsultoria.net\/site\/?p=6805"},"modified":"2019-05-13T15:19:23","modified_gmt":"2019-05-13T18:19:23","slug":"brasil-perde-bonus-demografico-e-ve-taxa-de-poupanca-encolher","status":"publish","type":"post","link":"https:\/\/bbconsultoria.net\/site\/brasil-perde-bonus-demografico-e-ve-taxa-de-poupanca-encolher\/","title":{"rendered":"Brasil perde \u2018b\u00f4nus demogr\u00e1fico\u2019 e v\u00ea taxa de poupan\u00e7a encolher"},"content":{"rendered":"<p><img loading=\"lazy\" decoding=\"async\" class=\"wp-image-6806 aligncenter\" src=\"http:\/\/bbconsultoria.net\/site\/wp-content\/uploads\/2019\/05\/images.jpg\" alt=\"\" width=\"379\" height=\"212\" \/><\/p>\n<p><strong>Fonte:<\/strong> ISTO \u00c9<\/p>\n<p>Os economistas dizem que explicar a queda da poupan\u00e7a do Brasil n\u00e3o \u00e9 tarefa simples. Pela l\u00f3gica, com o crescimento da popula\u00e7\u00e3o \u2013 e do total de cidad\u00e3os em idade economicamente ativa -, a taxa deveria ter aumentado de forma significativa, de acordo com Samuel Pessoa, economista e pesquisador do Ibre-FGV. No entanto, o economista diz que o Brasil desperdi\u00e7ou o \u201cb\u00f4nus demogr\u00e1fico\u201d e viu sua poupan\u00e7a cair em um ter\u00e7o desde os anos 1970. Na \u00e9poca, a taxa de reservas brasileira girava em torno de 23%; hoje, est\u00e1 abaixo de 15%.<\/p>\n<p>A compara\u00e7\u00e3o com os anos 1970 faz sentido porque a \u00e9poca retrata uma realidade anterior \u00e0 atual, em rela\u00e7\u00e3o a tr\u00eas fatores: demografia (na \u00e9poca, a popula\u00e7\u00e3o era mais jovem), Previd\u00eancia (o total de contribuintes era bem superior ao de benefici\u00e1rios) e de contas p\u00fablicas (o gasto prim\u00e1rio da Uni\u00e3o girava em torno de 11%, metade do atual).<\/p>\n<p>O hipot\u00e9tico Estado de bem-estar social criado pela Constitui\u00e7\u00e3o de 1988 deu garantias \u00e0 popula\u00e7\u00e3o, estabelecendo uma s\u00e9rie de \u201credes de seguran\u00e7a\u201d, incluindo seguro-desemprego e Bolsa Fam\u00edlia, argumenta estudo realizado por Pessoa.<\/p>\n<p>Os benef\u00edcios institu\u00eddos pelo Estado reduziram a percep\u00e7\u00e3o de risco para o aposentado. O Brasil est\u00e1 hoje entre as dez que mais gastam com Previd\u00eancia em uma lista de 101 pa\u00edses, segundo levantamento do pesquisador do Ibre-FGV.<\/p>\n<p>O custo dessa conta que n\u00e3o fecha, segundo o economista-chefe do Ita\u00fa Unibanco, M\u00e1rio Mesquita, levou a um forte d\u00e9ficit da administra\u00e7\u00e3o p\u00fablica \u2013 principal respons\u00e1vel pela queda geral do \u00edndice da poupan\u00e7a.<\/p>\n<p>Ele pondera, por\u00e9m, que as reservas privadas n\u00e3o subiram de patamar, contribuindo tamb\u00e9m para o problema. Para Pessoa, isso gera uma ciclo perverso: \u201cUm pa\u00eds n\u00e3o cresce de forma sustent\u00e1vel sem poupar.\u201d<\/p>\n<p>A China \u00e9 considerada por economistas uma base v\u00e1lida de compara\u00e7\u00e3o com o Brasil porque ajuda a derrubar uma no\u00e7\u00e3o equivocada: a de que o brasileiro n\u00e3o poupa porque ganha pouco. Hoje, a renda m\u00e9dia de chineses e brasileiros ainda \u00e9 semelhante.<\/p>\n<p>\u201cO que muita gente chama de reforma da Previd\u00eancia, eu vejo como uma mudan\u00e7a cultural\u201d, diz Ricardo Brito, professor do Insper e autor de um estudo que compara os dois pa\u00edses. \u201cNa China, quem se aposenta consegue, com o benef\u00edcio p\u00fablico, um porcentual baix\u00edssimo do que ganhava na ativa. Eles s\u00e3o obrigados a guardar dinheiro para a velhice\u201d, explica o professor do Insper.<\/p>\n<p>No Brasil, uma pesquisa feita pela FenaPrevi em 2018, mostrou que s\u00f3 38% dos brasileiros dizem estar dispostos a separar parte da renda para uma reserva extra para a aposentadoria.<\/p>\n<p>Professor da USP, H\u00e9lio Zylberstajn, diz que a introdu\u00e7\u00e3o do modelo de capitaliza\u00e7\u00e3o \u2013 um dos pilares do projeto do governo para a Previd\u00eancia \u2013 poder\u00e1 ajudar a mudar esse quadro. \u201cHoje, a ideia das pessoas \u00e9: \u2018minha aposentadoria est\u00e1 l\u00e1, garantida\u2019. Com a capitaliza\u00e7\u00e3o, a cabe\u00e7a das pessoas ter\u00e1 de funcionar de outra maneira. O desenho do sistema influencia na disposi\u00e7\u00e3o em poupar.\u201d<\/p>\n","protected":false},"excerpt":{"rendered":"<p>Fonte: ISTO \u00c9 Os economistas dizem que explicar a queda da poupan\u00e7a do Brasil n\u00e3o \u00e9 tarefa simples. Pela l\u00f3gica, com o crescimento da popula\u00e7\u00e3o \u2013 e do total de cidad\u00e3os em idade economicamente ativa -, a taxa deveria ter aumentado de forma significativa, de acordo com Samuel Pessoa, economista e pesquisador do Ibre-FGV. No&#8230; <\/p>\n<div class=\"clear\"><\/div>\n<p><a href=\"https:\/\/bbconsultoria.net\/site\/brasil-perde-bonus-demografico-e-ve-taxa-de-poupanca-encolher\/\" class=\"excerpt-read-more\">Read More<\/a><\/p>\n","protected":false},"author":1,"featured_media":0,"comment_status":"closed","ping_status":"closed","sticky":false,"template":"","format":"standard","meta":{"footnotes":""},"categories":[82],"tags":[],"class_list":["post-6805","post","type-post","status-publish","format-standard","hentry","category-noticias"],"_links":{"self":[{"href":"https:\/\/bbconsultoria.net\/site\/wp-json\/wp\/v2\/posts\/6805","targetHints":{"allow":["GET"]}}],"collection":[{"href":"https:\/\/bbconsultoria.net\/site\/wp-json\/wp\/v2\/posts"}],"about":[{"href":"https:\/\/bbconsultoria.net\/site\/wp-json\/wp\/v2\/types\/post"}],"author":[{"embeddable":true,"href":"https:\/\/bbconsultoria.net\/site\/wp-json\/wp\/v2\/users\/1"}],"replies":[{"embeddable":true,"href":"https:\/\/bbconsultoria.net\/site\/wp-json\/wp\/v2\/comments?post=6805"}],"version-history":[{"count":1,"href":"https:\/\/bbconsultoria.net\/site\/wp-json\/wp\/v2\/posts\/6805\/revisions"}],"predecessor-version":[{"id":6807,"href":"https:\/\/bbconsultoria.net\/site\/wp-json\/wp\/v2\/posts\/6805\/revisions\/6807"}],"wp:attachment":[{"href":"https:\/\/bbconsultoria.net\/site\/wp-json\/wp\/v2\/media?parent=6805"}],"wp:term":[{"taxonomy":"category","embeddable":true,"href":"https:\/\/bbconsultoria.net\/site\/wp-json\/wp\/v2\/categories?post=6805"},{"taxonomy":"post_tag","embeddable":true,"href":"https:\/\/bbconsultoria.net\/site\/wp-json\/wp\/v2\/tags?post=6805"}],"curies":[{"name":"wp","href":"https:\/\/api.w.org\/{rel}","templated":true}]}}