{"id":6797,"date":"2019-05-06T14:10:27","date_gmt":"2019-05-06T17:10:27","guid":{"rendered":"http:\/\/bbconsultoria.net\/site\/?p=6797"},"modified":"2019-05-06T14:10:27","modified_gmt":"2019-05-06T17:10:27","slug":"mansueto-diz-querer-sensibilizar-congresso-para-aprovacao-de-credito-de-r-248-bi","status":"publish","type":"post","link":"https:\/\/bbconsultoria.net\/site\/mansueto-diz-querer-sensibilizar-congresso-para-aprovacao-de-credito-de-r-248-bi\/","title":{"rendered":"<strong>Mansueto diz querer sensibilizar Congresso para aprova\u00e7\u00e3o de cr\u00e9dito de R$ 248 bi<\/strong>"},"content":{"rendered":"<p><img loading=\"lazy\" decoding=\"async\" src=\"http:\/\/bbconsultoria.net\/site\/wp-content\/uploads\/2019\/05\/mansueto.jpg\" alt=\"\" width=\"275\" height=\"183\" class=\"alignnone size-full wp-image-6798\" \/><\/p>\n<p>O secret\u00e1rio do Tesouro Nacional, Mansueto Almeida, ressaltou que a equipe econ\u00f4mica est\u00e1 tentando sensibilizar o Congresso, por meio de um di\u00e1logo \u201caberto e transparente\u201d, para a aprova\u00e7\u00e3o do projeto que abre um cr\u00e9dito de R$ 248,9 bilh\u00f5es para liberar despesas com benef\u00edcios previdenci\u00e1rios, assistenciais e Bolsa Fam\u00edlia. Ele destacou que a situa\u00e7\u00e3o \u00e9 \u201cmuito preocupante\u201d, uma vez que, sem o cr\u00e9dito, o governo n\u00e3o conseguir\u00e1 executar esses gastos e poder\u00e1 descumprir a chamada \u201cregra de ouro\u201d do Or\u00e7amento, que impede a emiss\u00e3o de d\u00edvida para pagar despesas correntes.<\/p>\n<p>\u201cHoje, a nossa defici\u00eancia, o que a gente precisaria de autoriza\u00e7\u00e3o especial do Congresso, \u00e9 um pouco menos, talvez entre R$ 120 bilh\u00f5es e R$ 140 bilh\u00f5es. Mas os R$ 248 bilh\u00f5es, ou algo menor, isso tem que ser aprovado at\u00e9 o final de junho\u201d, destacou, em entrevista ao programa Canal Livre, da Band, transmitida nesta segunda-feira, 6.<\/p>\n<p>Na entrevista, o secret\u00e1rio reiterou ainda que a principal medida para recuperar a sa\u00fade financeira da Uni\u00e3o, Estados e munic\u00edpios \u00e9 a reforma da Previd\u00eancia. Ele se mostrou otimista, dizendo nunca ter visto um ambiente t\u00e3o favor\u00e1vel \u00e0 aprova\u00e7\u00e3o de uma reforma previdenci\u00e1ria no Congresso, mas frisou que o tamanho do impacto fiscal das mudan\u00e7as nas regras de aposentadoria depender\u00e1 da capacidade pol\u00edtica do governo.<\/p>\n<p>Mansueto tamb\u00e9m avaliou que o governo tem pela frente um ajuste fiscal \u201cduro\u201d e \u201cmuito dif\u00edcil\u201d, mesmo que consiga realizar as privatiza\u00e7\u00f5es e concess\u00f5es em estudo para este e o pr\u00f3ximo ano. \u201cMesmo que o Brasil cumpra a emenda do teto dos gastos (\u2026), se n\u00e3o tivermos algum ganho de arrecada\u00e7\u00e3o, corremos o risco de terminar o governo Bolsonaro ainda com d\u00e9ficit prim\u00e1rio\u201d, afirmou.<\/p>\n<p>Sobre o Programa de Equil\u00edbrio Fiscal (PEF), mais conhecido como \u201cPlano Mansueto\u201d, o secret\u00e1rio lembrou que o foco est\u00e1 nos Estados com nota C no ranking do Tesouro que mede o n\u00edvel de bons pagadores \u2013 ou seja, aqueles que n\u00e3o podem receber garantia do Tesouro em empr\u00e9stimos banc\u00e1rios e de organismos multilaterais. Sobre os Estados com nota D (a pior) \u2013 Rio de Janeiro, Rio Grande do Sul e Minas Gerais -, Mansueto comentou que a situa\u00e7\u00e3o de Minas \u00e9 ainda mais grave do que a do Rio.<\/p>\n<p>FONTE: ISTO \u00c9<\/p>\n","protected":false},"excerpt":{"rendered":"<p>O secret\u00e1rio do Tesouro Nacional, Mansueto Almeida, ressaltou que a equipe econ\u00f4mica est\u00e1 tentando sensibilizar o Congresso, por meio de um di\u00e1logo \u201caberto e transparente\u201d, para a aprova\u00e7\u00e3o do projeto que abre um cr\u00e9dito de R$ 248,9 bilh\u00f5es para liberar despesas com benef\u00edcios previdenci\u00e1rios, assistenciais e Bolsa Fam\u00edlia. Ele destacou que a situa\u00e7\u00e3o \u00e9 \u201cmuito&#8230; <\/p>\n<div class=\"clear\"><\/div>\n<p><a href=\"https:\/\/bbconsultoria.net\/site\/mansueto-diz-querer-sensibilizar-congresso-para-aprovacao-de-credito-de-r-248-bi\/\" class=\"excerpt-read-more\">Read More<\/a><\/p>\n","protected":false},"author":4,"featured_media":0,"comment_status":"closed","ping_status":"closed","sticky":false,"template":"","format":"standard","meta":{"footnotes":""},"categories":[82],"tags":[],"class_list":["post-6797","post","type-post","status-publish","format-standard","hentry","category-noticias"],"_links":{"self":[{"href":"https:\/\/bbconsultoria.net\/site\/wp-json\/wp\/v2\/posts\/6797","targetHints":{"allow":["GET"]}}],"collection":[{"href":"https:\/\/bbconsultoria.net\/site\/wp-json\/wp\/v2\/posts"}],"about":[{"href":"https:\/\/bbconsultoria.net\/site\/wp-json\/wp\/v2\/types\/post"}],"author":[{"embeddable":true,"href":"https:\/\/bbconsultoria.net\/site\/wp-json\/wp\/v2\/users\/4"}],"replies":[{"embeddable":true,"href":"https:\/\/bbconsultoria.net\/site\/wp-json\/wp\/v2\/comments?post=6797"}],"version-history":[{"count":1,"href":"https:\/\/bbconsultoria.net\/site\/wp-json\/wp\/v2\/posts\/6797\/revisions"}],"predecessor-version":[{"id":6799,"href":"https:\/\/bbconsultoria.net\/site\/wp-json\/wp\/v2\/posts\/6797\/revisions\/6799"}],"wp:attachment":[{"href":"https:\/\/bbconsultoria.net\/site\/wp-json\/wp\/v2\/media?parent=6797"}],"wp:term":[{"taxonomy":"category","embeddable":true,"href":"https:\/\/bbconsultoria.net\/site\/wp-json\/wp\/v2\/categories?post=6797"},{"taxonomy":"post_tag","embeddable":true,"href":"https:\/\/bbconsultoria.net\/site\/wp-json\/wp\/v2\/tags?post=6797"}],"curies":[{"name":"wp","href":"https:\/\/api.w.org\/{rel}","templated":true}]}}