{"id":6781,"date":"2019-04-10T10:17:18","date_gmt":"2019-04-10T13:17:18","guid":{"rendered":"http:\/\/bbconsultoria.net\/site\/?p=6781"},"modified":"2019-04-10T10:17:18","modified_gmt":"2019-04-10T13:17:18","slug":"o-problema-e-de-gestao","status":"publish","type":"post","link":"https:\/\/bbconsultoria.net\/site\/o-problema-e-de-gestao\/","title":{"rendered":"O problema \u00e9 de gest\u00e3o"},"content":{"rendered":"<div><\/div>\n<div><em><strong>\u00c9 pouco prov\u00e1vel que o presidente n\u00e3o soubesse que V\u00e9lez n\u00e3o tinha nenhum sinal de tarimba como administrador p\u00fablico, especialmente na educa\u00e7\u00e3o<\/strong><\/em><\/div>\n<div><\/div>\n<div><\/div>\n<div>O presidente Jair Bolsonaro decidiu afinal demitir o ministro da Educa\u00e7\u00e3o, Ricardo V\u00e9lez Rodr\u00edguez. Foi o segundo ministro a cair em tr\u00eas meses \u2013 o primeiro foi Gustavo Bebianno, da Secretaria-Geral da Presid\u00eancia. Segundo Bolsonaro, a decis\u00e3o foi tomada por uma \u201cquest\u00e3o de gest\u00e3o\u201d, j\u00e1 que V\u00e9lez \u201clamentavelmente n\u00e3o tinha essa expertise com ele\u201d. Traduzindo: para o presidente, seu escolhido para o Minist\u00e9rio da Educa\u00e7\u00e3o, uma das pastas mais importantes do governo, n\u00e3o tinha a experi\u00eancia necess\u00e1ria para desempenhar t\u00e3o relevante fun\u00e7\u00e3o, e disso resultou uma gest\u00e3o insatisfat\u00f3ria.<\/div>\n<div><\/div>\n<div>Ora, a inexperi\u00eancia de Ricardo V\u00e9lez era de conhecimento geral no instante em que seu nome foi anunciado para ocupar o cargo de ministro da Educa\u00e7\u00e3o. \u00c9 pouco prov\u00e1vel que o presidente da Rep\u00fablica n\u00e3o soubesse que Ricardo V\u00e9lez n\u00e3o tinha em seu curr\u00edculo nenhum sinal de tarimba como administrador p\u00fablico, especialmente em \u00e1rea t\u00e3o complexa como a educa\u00e7\u00e3o.<\/div>\n<div><\/div>\n<div>Contudo, Ricardo V\u00e9lez n\u00e3o foi escolhido para ser propriamente um gestor da educa\u00e7\u00e3o. Seu papel, como estava claro desde o in\u00edcio, era implementar a agenda ideol\u00f3gica apresentada por Bolsonaro na campanha eleitoral. De acordo com essa agenda, \u00e9 preciso acabar com o \u201cmarxismo cultural\u201d que, segundo os bolsonaristas, est\u00e1 entranhado nas universidades e escolas p\u00fablicas. \u201cJair Bolsonaro prestou aten\u00e7\u00e3o \u00e0 voz entrecortada de pais e m\u00e3es reprimidos pela ret\u00f3rica marxista que tomou conta do espa\u00e7o educacional\u201d, discursou Ricardo V\u00e9lez ao tomar posse, em janeiro.<\/div>\n<div><\/div>\n<div>Para assessor\u00e1-lo, o ministro trouxe ex-alunos seus, igualmente despreparados. \u00c0 medida que a inaptid\u00e3o de Ricardo V\u00e9lez e de sua equipe cobrava seu pre\u00e7o na forma de desorganiza\u00e7\u00e3o, demiss\u00f5es em s\u00e9rie e paralisia decis\u00f3ria, outras for\u00e7as trataram de disputar o poder no Minist\u00e9rio da Educa\u00e7\u00e3o, tornando insustent\u00e1vel a perman\u00eancia de um ministro que, de t\u00e3o desprestigiado, s\u00f3 soube pela imprensa que seria demitido, j\u00e1 que o presidente Bolsonaro preferiu contar a jornalistas, e n\u00e3o a ele, sobre sua decis\u00e3o, na semana passada.<\/div>\n<div><\/div>\n<div>Para o lugar de Ricardo V\u00e9lez, o presidente Bolsonaro escolheu o economista Abraham Weintraub, que era secret\u00e1rio executivo da Casa Civil e se tornou conhecido por ajudar a formular um esbo\u00e7o da reforma da Previd\u00eancia. Assim como o antecessor, o novo ministro n\u00e3o tem qualquer experi\u00eancia de gest\u00e3o no setor p\u00fablico e em educa\u00e7\u00e3o. Na posse, foi apresentado por Bolsonaro como algu\u00e9m que, por sua \u201cdedica\u00e7\u00e3o e patriotismo\u201d, ser\u00e1 capaz de \u201cfazer os nossos jovens melhores que seus pais e av\u00f3s\u201d. Sem mod\u00e9stia, o pr\u00f3prio ministro Weintraub disse, \u201cn\u00e3o para me vangloriar, mas para acalmar os \u00e2nimos\u201d, que seu diferencial \u00e9 sua autoproclamada capacidade de gestor.<\/div>\n<div><\/div>\n<div>Com essa escolha para o Minist\u00e9rio da Educa\u00e7\u00e3o, o presidente julga resolver a \u201cquest\u00e3o de gest\u00e3o\u201d que oficialmente custou o cargo a V\u00e9lez. Mas o problema \u00e9 o que o presidente entende por \u201cgest\u00e3o\u201d. Ao colocar na Educa\u00e7\u00e3o mais um ministro com pouco v\u00ednculo com a \u00e1rea e nenhuma passagem pelo servi\u00e7o p\u00fablico em geral, Bolsonaro deixa claro que uma boa \u201cgest\u00e3o\u201d, para ele, n\u00e3o \u00e9 a formula\u00e7\u00e3o de s\u00f3lidas pol\u00edticas educacionais nem a administra\u00e7\u00e3o da complexa estrutura de ensino, e sim a disposi\u00e7\u00e3o de combater \u201ccomunistas\u201d \u2013 que, segundo disse o agora ministro em outra ocasi\u00e3o, \u201cest\u00e3o no topo do Pa\u00eds\u201d.<\/div>\n<div><\/div>\n<div>O caso do Minist\u00e9rio da Educa\u00e7\u00e3o mostra que o problema de gest\u00e3o n\u00e3o \u00e9 deste ou daquele ministro, mas do pr\u00f3prio presidente \u2013 que, afinal, escolhe seus ministros e se orgulha de faz\u00ea-lo sem interfer\u00eancia pol\u00edtica. A administra\u00e7\u00e3o do governo, que depende diretamente da dire\u00e7\u00e3o determinada pelo presidente, ziguezagueia ao sabor das cren\u00e7as pessoais de Bolsonaro e de seus principais conselheiros, quase sempre divorciadas da realidade do Pa\u00eds. Por sorte, h\u00e1 entre os assessores do presidente, especialmente na equipe econ\u00f4mica, funcion\u00e1rios que t\u00eam demonstrado boa capacidade de trabalho e consci\u00eancia de suas responsabilidades.<\/div>\n<div><\/div>\n<div>H\u00e1 poucos dias, em tom de blague, Bolsonaro disse que n\u00e3o nasceu para ser presidente. As sucessivas crises num governo t\u00e3o novo, com a queda de dois ministros em tr\u00eas meses, a desarticula\u00e7\u00e3o pol\u00edtica e a paralisia de diversos setores, est\u00e3o a\u00ed a sugerir que talvez ele tenha raz\u00e3o.<\/div>\n<div><\/div>\n<div>FONTE: ESTAD\u00c3O<\/div>\n","protected":false},"excerpt":{"rendered":"<p>\u00c9 pouco prov\u00e1vel que o presidente n\u00e3o soubesse que V\u00e9lez n\u00e3o tinha nenhum sinal de tarimba como administrador p\u00fablico, especialmente na educa\u00e7\u00e3o O presidente Jair Bolsonaro decidiu afinal demitir o ministro da Educa\u00e7\u00e3o, Ricardo V\u00e9lez Rodr\u00edguez. Foi o segundo ministro a cair em tr\u00eas meses \u2013 o primeiro foi Gustavo Bebianno, da Secretaria-Geral da Presid\u00eancia&#8230;. <\/p>\n<div class=\"clear\"><\/div>\n<p><a href=\"https:\/\/bbconsultoria.net\/site\/o-problema-e-de-gestao\/\" class=\"excerpt-read-more\">Read More<\/a><\/p>\n","protected":false},"author":4,"featured_media":0,"comment_status":"closed","ping_status":"closed","sticky":false,"template":"","format":"standard","meta":{"footnotes":""},"categories":[82],"tags":[],"class_list":["post-6781","post","type-post","status-publish","format-standard","hentry","category-noticias"],"_links":{"self":[{"href":"https:\/\/bbconsultoria.net\/site\/wp-json\/wp\/v2\/posts\/6781","targetHints":{"allow":["GET"]}}],"collection":[{"href":"https:\/\/bbconsultoria.net\/site\/wp-json\/wp\/v2\/posts"}],"about":[{"href":"https:\/\/bbconsultoria.net\/site\/wp-json\/wp\/v2\/types\/post"}],"author":[{"embeddable":true,"href":"https:\/\/bbconsultoria.net\/site\/wp-json\/wp\/v2\/users\/4"}],"replies":[{"embeddable":true,"href":"https:\/\/bbconsultoria.net\/site\/wp-json\/wp\/v2\/comments?post=6781"}],"version-history":[{"count":1,"href":"https:\/\/bbconsultoria.net\/site\/wp-json\/wp\/v2\/posts\/6781\/revisions"}],"predecessor-version":[{"id":6783,"href":"https:\/\/bbconsultoria.net\/site\/wp-json\/wp\/v2\/posts\/6781\/revisions\/6783"}],"wp:attachment":[{"href":"https:\/\/bbconsultoria.net\/site\/wp-json\/wp\/v2\/media?parent=6781"}],"wp:term":[{"taxonomy":"category","embeddable":true,"href":"https:\/\/bbconsultoria.net\/site\/wp-json\/wp\/v2\/categories?post=6781"},{"taxonomy":"post_tag","embeddable":true,"href":"https:\/\/bbconsultoria.net\/site\/wp-json\/wp\/v2\/tags?post=6781"}],"curies":[{"name":"wp","href":"https:\/\/api.w.org\/{rel}","templated":true}]}}