{"id":6772,"date":"2019-04-04T16:01:43","date_gmt":"2019-04-04T19:01:43","guid":{"rendered":"http:\/\/bbconsultoria.net\/site\/?p=6772"},"modified":"2019-04-04T16:01:43","modified_gmt":"2019-04-04T19:01:43","slug":"guedes-e-o-conflito-na-previdencia","status":"publish","type":"post","link":"https:\/\/bbconsultoria.net\/site\/guedes-e-o-conflito-na-previdencia\/","title":{"rendered":"Guedes e o conflito na Previd\u00eancia"},"content":{"rendered":"<div>\n<div id=\"attachment_6773\" style=\"width: 310px\" class=\"wp-caption aligncenter\"><img loading=\"lazy\" decoding=\"async\" aria-describedby=\"caption-attachment-6773\" class=\"size-medium wp-image-6773\" src=\"http:\/\/bbconsultoria.net\/site\/wp-content\/uploads\/2019\/04\/edit_jfcrz_abr_03041913830-300x200.jpg\" alt=\"\" width=\"300\" height=\"200\" srcset=\"https:\/\/bbconsultoria.net\/site\/wp-content\/uploads\/2019\/04\/edit_jfcrz_abr_03041913830-300x200.jpg 300w, https:\/\/bbconsultoria.net\/site\/wp-content\/uploads\/2019\/04\/edit_jfcrz_abr_03041913830-768x512.jpg 768w, https:\/\/bbconsultoria.net\/site\/wp-content\/uploads\/2019\/04\/edit_jfcrz_abr_03041913830-1024x683.jpg 1024w, https:\/\/bbconsultoria.net\/site\/wp-content\/uploads\/2019\/04\/edit_jfcrz_abr_03041913830.jpg 1140w\" sizes=\"auto, (max-width: 300px) 100vw, 300px\" \/><p id=\"caption-attachment-6773\" class=\"wp-caption-text\">O ministro da Economia, Paulo Guedes, na Comiss\u00e3o de Constitui\u00e7\u00e3o e Justi\u00e7a (CCJ) da C\u00e2mara, debate a reforma da Previd\u00eancia (PEC 6\/19).<\/p><\/div>\n<div><\/div>\n<div>Cinco conclus\u00f5es sobre o depoimento do ministro da Economia \u00e0 CCJ da C\u00e2mara<\/div>\n<div><\/div>\n<div>Os conflitos e o tumulto no depoimento do ministro Paulo Guedes ontem \u00e0 Comiss\u00e3o de Constitui\u00e7\u00e3o de Justi\u00e7a da C\u00e2mara deixaram claros alguns fatos sobre a atual rela\u00e7\u00e3o entre o Executivo e o Legislativo e sobre as chances de aprova\u00e7\u00e3o da reforma da Previd\u00eancia:<\/div>\n<div><\/div>\n<div>Guedes n\u00e3o \u00e9 pol\u00edtico. Sua rea\u00e7\u00e3o destemperada ou ir\u00f4nica em v\u00e1rios momentos \u00e9 o oposto do esperado de uma autoridade em sua posi\u00e7\u00e3o. A agressividade da oposi\u00e7\u00e3o era previs\u00edvel. Se ele foi treinado, foi mal treinado. Passou a impress\u00e3o de desconforto, arrog\u00e2ncia e, com certeza, n\u00e3o conquistou um s\u00f3 voto para seu projeto.<\/div>\n<div><\/div>\n<div>A oposi\u00e7\u00e3o \u2013 sobretudo PT e PSOL \u2013 est\u00e1 despreparada para debater o assunto. Questionamentos estapaf\u00fardios dos deputados Maria do Ros\u00e1rio, Ivan Valente, Paulo Pimenta e a agress\u00e3o despropositada e leviana do deputado Zeca Dirceu demonstram exatamente por que a esquerda foi varrida nas \u00faltimas elei\u00e7\u00f5es. Desconhecem n\u00fameros, desconhecem fatos, desconhecem princ\u00edpios elementares de economia e formula\u00e7\u00e3o do Or\u00e7amento. Incapazes de entender o que beneficia pobres e ricos, recaem no discurso ideol\u00f3gico rasteiro, falso, mofado. Tornaram-se, sob o manto de guardi\u00f5es da igualdade, apenas defensores de uma casta de privilegiados no funcionalismo p\u00fablico, principais benefici\u00e1rios da manuten\u00e7\u00e3o do statu quo.<\/div>\n<div><\/div>\n<div>O governo \u2013 em especial o PSL dos deputados Felipe Francischini e Capit\u00e3o Augusto \u2013 n\u00e3o tem a menor condi\u00e7\u00e3o de enfrentar politicamente uma batalha dura como a aprova\u00e7\u00e3o da reforma da Previd\u00eancia. S\u00f3 um ne\u00f3fito como Francischini, jovem e inexperiente, deixaria uma sess\u00e3o repleta de conflitos e cascas de banana se estender por tanto tempo (seis horas e meia), expondo \u00e0 exaust\u00e3o e levando \u00e0 explos\u00e3o o principal ministro do governo de seu pr\u00f3prio partido. A defesa da reforma pelos governistas foi t\u00edmida, a oposi\u00e7\u00e3o dominou as inscri\u00e7\u00f5es e discuss\u00f5es. Sem conseguir nem mexer direito no microfone com que controlava o debate, Francischini n\u00e3o conseguiu evitar caos e bate-bocas. Com o pavio curto de Guedes, n\u00e3o poderia terminar de outro modo.<\/div>\n<div><\/div>\n<div>O cidad\u00e3o que pretendia entender os pontos mais controversos da reforma, como o sistema de capitaliza\u00e7\u00e3o ou as regras do Benef\u00edcio de Presta\u00e7\u00e3o Continuada (BPC), teve de se contentar com os momentos em que deixaram Guedes falar. Mais preparado que qualquer um no recinto para debater o assunto, ele deixou evidente o motivo de o Brasil ter chegado ao limite do abismo fiscal: a incompet\u00eancia crassa de sucessivos governos e parlamentos para lidar com as dificuldades impostas por um sistema que criou um sem-n\u00famero de privil\u00e9gios, cujos benefici\u00e1rios sempre souberam se fazer representar e melar praticamente toda tentativa de extingui-los. Guedes n\u00e3o \u00e9 o homem dos detalhes t\u00e9cnicos, mas com certeza tem uma compreens\u00e3o abrangente e precisa do problema que enfrentamos. Sabe tamb\u00e9m como resolv\u00ea-lo, embora n\u00e3o tenha demonstrado at\u00e9 agora a compet\u00eancia pol\u00edtica necess\u00e1ria para conquistar aliados a sua causa.<\/div>\n<div><\/div>\n<div>As chances de o Brasil, com estes deputados que est\u00e3o a\u00ed, com este governo que est\u00e1 a\u00ed, aprovar alguma reforma decente na Previd\u00eancia s\u00e3o \u00ednfimas. As economias almejadas por Guedes, da ordem de US$ 1,1 trilh\u00e3o, ser\u00e3o fatalmente dilu\u00eddas pelas ondas de demandas do oceano parlamentar. N\u00e3o se sabe ao certo o que \u2013 se algo \u2013 sobreviver\u00e1. Mas \u00e9 certo que o clima de conflito que se viu ontem n\u00e3o levar\u00e1 a nenhum tipo de consenso produtivo. Com cr\u00edticas rasteiras e desinforma\u00e7\u00e3o, n\u00e3o haver\u00e1 como melhorar os pontos falhos do projeto de Guedes.<\/div>\n<div><\/div>\n<div>Vencem aqueles que n\u00e3o querem mudan\u00e7a. Vencem a elite do funcionalismo, os ju\u00edzes, procuradores e militares, os que ainda t\u00eam direito a aposentadoria integral, aqueles que se aposentam aos 50 e poucos anos e todos os privilegiados que se beneficiam das distor\u00e7\u00f5es corrigidas pela reforma. Perdem os mais pobres (que j\u00e1 se aposentam aos 65 ganhando um sal\u00e1rio m\u00ednimo). Perde o Brasil. Resultado da prepot\u00eancia do governo, do despreparo pol\u00edtico de Guedes e, sobretudo, da ignor\u00e2ncia da oposi\u00e7\u00e3o que n\u00e3o estuda, n\u00e3o se informa, n\u00e3o aprende \u2013 s\u00f3 agride.<\/div>\n<\/div>\n<div><\/div>\n<div><\/div>\n<div>FONTE : G1<\/div>\n","protected":false},"excerpt":{"rendered":"<p>Cinco conclus\u00f5es sobre o depoimento do ministro da Economia \u00e0 CCJ da C\u00e2mara Os conflitos e o tumulto no depoimento do ministro Paulo Guedes ontem \u00e0 Comiss\u00e3o de Constitui\u00e7\u00e3o de Justi\u00e7a da C\u00e2mara deixaram claros alguns fatos sobre a atual rela\u00e7\u00e3o entre o Executivo e o Legislativo e sobre as chances de aprova\u00e7\u00e3o da reforma&#8230; <\/p>\n<div class=\"clear\"><\/div>\n<p><a href=\"https:\/\/bbconsultoria.net\/site\/guedes-e-o-conflito-na-previdencia\/\" class=\"excerpt-read-more\">Read More<\/a><\/p>\n","protected":false},"author":4,"featured_media":0,"comment_status":"closed","ping_status":"closed","sticky":false,"template":"","format":"standard","meta":{"footnotes":""},"categories":[82],"tags":[],"class_list":["post-6772","post","type-post","status-publish","format-standard","hentry","category-noticias"],"_links":{"self":[{"href":"https:\/\/bbconsultoria.net\/site\/wp-json\/wp\/v2\/posts\/6772","targetHints":{"allow":["GET"]}}],"collection":[{"href":"https:\/\/bbconsultoria.net\/site\/wp-json\/wp\/v2\/posts"}],"about":[{"href":"https:\/\/bbconsultoria.net\/site\/wp-json\/wp\/v2\/types\/post"}],"author":[{"embeddable":true,"href":"https:\/\/bbconsultoria.net\/site\/wp-json\/wp\/v2\/users\/4"}],"replies":[{"embeddable":true,"href":"https:\/\/bbconsultoria.net\/site\/wp-json\/wp\/v2\/comments?post=6772"}],"version-history":[{"count":1,"href":"https:\/\/bbconsultoria.net\/site\/wp-json\/wp\/v2\/posts\/6772\/revisions"}],"predecessor-version":[{"id":6774,"href":"https:\/\/bbconsultoria.net\/site\/wp-json\/wp\/v2\/posts\/6772\/revisions\/6774"}],"wp:attachment":[{"href":"https:\/\/bbconsultoria.net\/site\/wp-json\/wp\/v2\/media?parent=6772"}],"wp:term":[{"taxonomy":"category","embeddable":true,"href":"https:\/\/bbconsultoria.net\/site\/wp-json\/wp\/v2\/categories?post=6772"},{"taxonomy":"post_tag","embeddable":true,"href":"https:\/\/bbconsultoria.net\/site\/wp-json\/wp\/v2\/tags?post=6772"}],"curies":[{"name":"wp","href":"https:\/\/api.w.org\/{rel}","templated":true}]}}