{"id":6769,"date":"2019-04-03T12:29:42","date_gmt":"2019-04-03T15:29:42","guid":{"rendered":"http:\/\/bbconsultoria.net\/site\/?p=6769"},"modified":"2019-04-03T12:29:42","modified_gmt":"2019-04-03T15:29:42","slug":"camara-do-rio-abre-processo-de-impeachment-contra-marcelo-crivella","status":"publish","type":"post","link":"https:\/\/bbconsultoria.net\/site\/camara-do-rio-abre-processo-de-impeachment-contra-marcelo-crivella\/","title":{"rendered":"C\u00e2mara do Rio abre processo de impeachment contra Marcelo Crivella"},"content":{"rendered":"<p><img loading=\"lazy\" decoding=\"async\" class=\"size-medium wp-image-6770\" src=\"http:\/\/bbconsultoria.net\/site\/wp-content\/uploads\/2019\/04\/marcelo-crivella-2018-0330-300x200.jpg\" alt=\"\" width=\"300\" height=\"200\" srcset=\"https:\/\/bbconsultoria.net\/site\/wp-content\/uploads\/2019\/04\/marcelo-crivella-2018-0330-300x200.jpg 300w, https:\/\/bbconsultoria.net\/site\/wp-content\/uploads\/2019\/04\/marcelo-crivella-2018-0330-768x512.jpg 768w, https:\/\/bbconsultoria.net\/site\/wp-content\/uploads\/2019\/04\/marcelo-crivella-2018-0330-1024x683.jpg 1024w, https:\/\/bbconsultoria.net\/site\/wp-content\/uploads\/2019\/04\/marcelo-crivella-2018-0330-1320x880.jpg 1320w, https:\/\/bbconsultoria.net\/site\/wp-content\/uploads\/2019\/04\/marcelo-crivella-2018-0330.jpg 1500w\" sizes=\"auto, (max-width: 300px) 100vw, 300px\" \/><\/p>\n<p>A C\u00e2mara Municipal aprovou, ontem, a admissibilidade do processo de impeachment do prefeito Marcelo Crivella. Houve uma debandada da base aliada, que minguou para 11 votos. Muito pouco para um prefeito que quer tentar a reelei\u00e7\u00e3o e quer chegar ao final do mandato.<\/p>\n<p>O processo de impeachment foi aceito por 35 votos a 14. H\u00e1 6 meses, outro pedido contra foi &#8216;enterrado&#8217; por 28 votos a 14; 13 vereadores mudaram do &#8216;n\u00e3o&#8217; para o &#8216;sim&#8217;.<\/p>\n<p>S\u00f3 o vereador Alexandre Isquierdo (DEM) se absteve de votar. Presidente da C\u00e2mara, Jorge Felippe tamb\u00e9m n\u00e3o p\u00f4de participar da vota\u00e7\u00e3o, por estar na linha sucess\u00f3ria de Crivella.<\/p>\n<p>Acusado de favorecer duas empresas durante a renova\u00e7\u00e3o de contratos de mobili\u00e1rios urbanos, em dezembro de 2018, o prefeito ter\u00e1 dez dias para apresentar sua defesa.<\/p>\n<p>A meu ver, a den\u00fancia \u00e9 muito fr\u00e1gil para derrubar um prefeito. \u00c9 algo, absolutamente, question\u00e1vel e nada que tenha uma gravidade para uma atitude t\u00e3o s\u00e9ria.<\/p>\n<p>Mas o que est\u00e1 em jogo, efetivamente, \u00e9 a capacidade de articula\u00e7\u00e3o do prefeito.<\/p>\n<p>Em 90 dias \u00e9 muito poss\u00edvel de ele reverter esse placar. Ser\u00e3o necess\u00e1rios 34 votos para a cassa\u00e7\u00e3o. Foram 35 a favor da abertura do processo. Ou seja, se o Crivella conseguir tirar dois votos a favor da abertura do processo contra a cassa\u00e7\u00e3o dele, estar\u00e1 com a vida resolvida.<\/p>\n<p>O problema \u00e9 sobreviver com uma base t\u00e3o pequena. Ele precisa se reestruturar, rever a forma de se relacionar com a C\u00e2mara para conseguir levar seu mandato at\u00e9 o final.<\/p>\n","protected":false},"excerpt":{"rendered":"<p>A C\u00e2mara Municipal aprovou, ontem, a admissibilidade do processo de impeachment do prefeito Marcelo Crivella. Houve uma debandada da base aliada, que minguou para 11 votos. Muito pouco para um prefeito que quer tentar a reelei\u00e7\u00e3o e quer chegar ao final do mandato. O processo de impeachment foi aceito por 35 votos a 14. H\u00e1&#8230; <\/p>\n<div class=\"clear\"><\/div>\n<p><a href=\"https:\/\/bbconsultoria.net\/site\/camara-do-rio-abre-processo-de-impeachment-contra-marcelo-crivella\/\" class=\"excerpt-read-more\">Read More<\/a><\/p>\n","protected":false},"author":4,"featured_media":0,"comment_status":"closed","ping_status":"closed","sticky":false,"template":"","format":"standard","meta":{"footnotes":""},"categories":[82],"tags":[],"class_list":["post-6769","post","type-post","status-publish","format-standard","hentry","category-noticias"],"_links":{"self":[{"href":"https:\/\/bbconsultoria.net\/site\/wp-json\/wp\/v2\/posts\/6769","targetHints":{"allow":["GET"]}}],"collection":[{"href":"https:\/\/bbconsultoria.net\/site\/wp-json\/wp\/v2\/posts"}],"about":[{"href":"https:\/\/bbconsultoria.net\/site\/wp-json\/wp\/v2\/types\/post"}],"author":[{"embeddable":true,"href":"https:\/\/bbconsultoria.net\/site\/wp-json\/wp\/v2\/users\/4"}],"replies":[{"embeddable":true,"href":"https:\/\/bbconsultoria.net\/site\/wp-json\/wp\/v2\/comments?post=6769"}],"version-history":[{"count":1,"href":"https:\/\/bbconsultoria.net\/site\/wp-json\/wp\/v2\/posts\/6769\/revisions"}],"predecessor-version":[{"id":6771,"href":"https:\/\/bbconsultoria.net\/site\/wp-json\/wp\/v2\/posts\/6769\/revisions\/6771"}],"wp:attachment":[{"href":"https:\/\/bbconsultoria.net\/site\/wp-json\/wp\/v2\/media?parent=6769"}],"wp:term":[{"taxonomy":"category","embeddable":true,"href":"https:\/\/bbconsultoria.net\/site\/wp-json\/wp\/v2\/categories?post=6769"},{"taxonomy":"post_tag","embeddable":true,"href":"https:\/\/bbconsultoria.net\/site\/wp-json\/wp\/v2\/tags?post=6769"}],"curies":[{"name":"wp","href":"https:\/\/api.w.org\/{rel}","templated":true}]}}