{"id":6765,"date":"2019-04-02T16:36:11","date_gmt":"2019-04-02T19:36:11","guid":{"rendered":"http:\/\/bbconsultoria.net\/site\/?p=6765"},"modified":"2019-04-02T16:36:11","modified_gmt":"2019-04-02T19:36:11","slug":"fracasso-em-aprovar-reforma-nao-pode-ser-descartado-diz-fitch-ratings","status":"publish","type":"post","link":"https:\/\/bbconsultoria.net\/site\/fracasso-em-aprovar-reforma-nao-pode-ser-descartado-diz-fitch-ratings\/","title":{"rendered":"Fracasso em aprovar reforma n\u00e3o pode ser descartado, diz Fitch Ratings"},"content":{"rendered":"<p>O governo de Jair Bolsonaro tem uma agenda ambiciosa de reformas, mas a implementa\u00e7\u00e3o das medidas e o timing da aprova\u00e7\u00e3o no Congresso permanecem sem clareza, avalia a ag\u00eancia de classifica\u00e7\u00e3o de risco Fitch Ratings, nesta ter\u00e7a-feira. \u201cO fracasso em aprovar a reforma [da Previd\u00eancia] n\u00e3o pode ser descartado e pode representar um desafio para as finan\u00e7as p\u00fablicas, bem como prejudicar a recupera\u00e7\u00e3o econ\u00f4mica\u201d, afirma a analista de rating soberano para Brasil, Shelly Shetty. \u201cA reforma \u00e9 politicamente impopular e o governo tem ainda que formar uma coaliz\u00e3o firme no Congresso para aprov\u00e1-la.\u201d<\/p>\n<p>&nbsp;<\/p>\n<p><img loading=\"lazy\" decoding=\"async\" class=\"size-medium wp-image-6766 aligncenter\" src=\"http:\/\/bbconsultoria.net\/site\/wp-content\/uploads\/2019\/04\/Logomarca-da-Fitch-Ratings-777x437-300x169.jpg\" alt=\"\" width=\"300\" height=\"169\" srcset=\"https:\/\/bbconsultoria.net\/site\/wp-content\/uploads\/2019\/04\/Logomarca-da-Fitch-Ratings-777x437-300x169.jpg 300w, https:\/\/bbconsultoria.net\/site\/wp-content\/uploads\/2019\/04\/Logomarca-da-Fitch-Ratings-777x437-768x432.jpg 768w, https:\/\/bbconsultoria.net\/site\/wp-content\/uploads\/2019\/04\/Logomarca-da-Fitch-Ratings-777x437.jpg 777w\" sizes=\"auto, (max-width: 300px) 100vw, 300px\" \/><\/p>\n<p>&nbsp;<\/p>\n<p>A avalia\u00e7\u00e3o da Fitch \u00e9 que a proposta de reforma da Previd\u00eancia apresentada por Bolsonaro ao Congresso \u00e9 um \u201celemento central\u201d para o ajuste das contas p\u00fablicas. Mas a analista acredita que provavelmente o texto ser\u00e1 dilu\u00eddo durante a tramita\u00e7\u00e3o no Congresso.<\/p>\n<p>A n\u00e3o aprova\u00e7\u00e3o da reforma, al\u00e9m de prejudicar o desempenho do Produto Interno Bruto (PIB) do Brasil pelos pr\u00f3ximos anos, teria impactos negativos para a trajet\u00f3ria de m\u00e9dio prazo da d\u00edvida p\u00fablica.<\/p>\n<p>Crescimento na Am\u00e9rica Latina<\/p>\n<p>A Fitch afirmou tamb\u00e9m que o crescimento econ\u00f4mico na Am\u00e9rica Latina \u201cprovavelmente permanecer\u00e1 modesto e altamente desigual\u201d este ano \u00e0 medida que algumas economias maiores permanecer\u00e3o em um caminho de crescimento \u201crazoavelmente lento\u201d, enquanto a Argentina registrar\u00e1 outra contra\u00e7\u00e3o econ\u00f4mica anual.<\/p>\n<p>De acordo a ag\u00eancia, os riscos externos, os riscos pol\u00edticos e os desafios de consolida\u00e7\u00e3o fiscal s\u00e3o os tr\u00eas principais desafios para os pa\u00edses da Am\u00e9rica Latina.<\/p>\n<p>Entre os riscos externos, a Fitch aponta para a volatilidade dos pre\u00e7os das commodities, uma desacelera\u00e7\u00e3o mais r\u00e1pida do que o esperado na China, tens\u00f5es no com\u00e9rcio internacional e um aperto mais r\u00e1pido do que o previsto das condi\u00e7\u00f5es de financiamento internacional.<\/p>\n<p>J\u00e1 os riscos pol\u00edticos citados pela ag\u00eancia est\u00e3o relacionados \u00e0 aprova\u00e7\u00e3o de reformas no Brasil e um ambiente pol\u00edtico \u201cpotencialmente menos favor\u00e1vel para investimento e crescimento sob o novo governo no M\u00e9xico\u201d, enquanto um ciclo eleitoral incerto e imprevis\u00edvel na Argentina tamb\u00e9m \u00e9 lembrado como um poss\u00edvel cen\u00e1rio que atraia mais volatilidade na Am\u00e9rica Latina.<\/p>\n<p>Em rela\u00e7\u00e3o ao M\u00e9xico, a Fitch pontua que h\u00e1 riscos para as finan\u00e7as p\u00fablicas do pa\u00eds. \u201cMedidas de apoio do governo para a estatal petrol\u00edfera Pemex anunciadas at\u00e9 hoje tiveram um impacto menor nas finan\u00e7as p\u00fablicas e sugerem que o governo est\u00e1 preocupado em proteger seu pr\u00f3prio perfil de cr\u00e9dito. No entanto, essas medidas s\u00e3o insuficientes para permitir que a empresa invista o bastante para estabilizar a produ\u00e7\u00e3o de petr\u00f3leo.\u201d<\/p>\n<p>J\u00e1 o processo de ajuste econ\u00f4mico da Argentina \u00e9 visto pela ag\u00eancia como \u201cmisto\u201d, tendo em vista que \u201co balan\u00e7o de riscos ainda se inclina para o lado negativo\u201d. A Fitch ressalta que o governo de Mauricio Macri cumpriu a meta de d\u00e9ficit prim\u00e1rio de 2018 acordada com o Fundo Monet\u00e1rio Internacional (FMI), mas lembra que \u201ca consolida\u00e7\u00e3o adicional poderia ser desafiada pela cont\u00ednua contra\u00e7\u00e3o econ\u00f4mica\u201d.<\/p>\n<p>FONTE: Isto \u00c9<\/p>\n","protected":false},"excerpt":{"rendered":"<p>O governo de Jair Bolsonaro tem uma agenda ambiciosa de reformas, mas a implementa\u00e7\u00e3o das medidas e o timing da aprova\u00e7\u00e3o no Congresso permanecem sem clareza, avalia a ag\u00eancia de classifica\u00e7\u00e3o de risco Fitch Ratings, nesta ter\u00e7a-feira. \u201cO fracasso em aprovar a reforma [da Previd\u00eancia] n\u00e3o pode ser descartado e pode representar um desafio para&#8230; <\/p>\n<div class=\"clear\"><\/div>\n<p><a href=\"https:\/\/bbconsultoria.net\/site\/fracasso-em-aprovar-reforma-nao-pode-ser-descartado-diz-fitch-ratings\/\" class=\"excerpt-read-more\">Read More<\/a><\/p>\n","protected":false},"author":4,"featured_media":0,"comment_status":"closed","ping_status":"closed","sticky":false,"template":"","format":"standard","meta":{"footnotes":""},"categories":[82],"tags":[],"class_list":["post-6765","post","type-post","status-publish","format-standard","hentry","category-noticias"],"_links":{"self":[{"href":"https:\/\/bbconsultoria.net\/site\/wp-json\/wp\/v2\/posts\/6765","targetHints":{"allow":["GET"]}}],"collection":[{"href":"https:\/\/bbconsultoria.net\/site\/wp-json\/wp\/v2\/posts"}],"about":[{"href":"https:\/\/bbconsultoria.net\/site\/wp-json\/wp\/v2\/types\/post"}],"author":[{"embeddable":true,"href":"https:\/\/bbconsultoria.net\/site\/wp-json\/wp\/v2\/users\/4"}],"replies":[{"embeddable":true,"href":"https:\/\/bbconsultoria.net\/site\/wp-json\/wp\/v2\/comments?post=6765"}],"version-history":[{"count":1,"href":"https:\/\/bbconsultoria.net\/site\/wp-json\/wp\/v2\/posts\/6765\/revisions"}],"predecessor-version":[{"id":6767,"href":"https:\/\/bbconsultoria.net\/site\/wp-json\/wp\/v2\/posts\/6765\/revisions\/6767"}],"wp:attachment":[{"href":"https:\/\/bbconsultoria.net\/site\/wp-json\/wp\/v2\/media?parent=6765"}],"wp:term":[{"taxonomy":"category","embeddable":true,"href":"https:\/\/bbconsultoria.net\/site\/wp-json\/wp\/v2\/categories?post=6765"},{"taxonomy":"post_tag","embeddable":true,"href":"https:\/\/bbconsultoria.net\/site\/wp-json\/wp\/v2\/tags?post=6765"}],"curies":[{"name":"wp","href":"https:\/\/api.w.org\/{rel}","templated":true}]}}