{"id":6760,"date":"2019-03-25T13:26:39","date_gmt":"2019-03-25T16:26:39","guid":{"rendered":"http:\/\/bbconsultoria.net\/site\/?p=6760"},"modified":"2019-03-25T13:26:39","modified_gmt":"2019-03-25T16:26:39","slug":"estamos-vivendo-uma-crise-institucional","status":"publish","type":"post","link":"https:\/\/bbconsultoria.net\/site\/estamos-vivendo-uma-crise-institucional\/","title":{"rendered":"Estamos vivendo uma crise institucional&#8230;"},"content":{"rendered":"<p>O Congresso se acostumou a ser cooptado pelo Executivo e, em face disso, tem muita dificuldade de ter protagonismo nas pautas que s\u00e3o enviadas.<\/p>\n<p>Por sua vez, o presidente Bolsonaro ficou preso \u00e0 sua narrativa de campanha da n\u00e3o-pol\u00edtica, da condena\u00e7\u00e3o \u00e0 pol\u00edtica, e evita conversas com o Legislativo porque tudo passa a parecer que \u00e9 a volta da velha pol\u00edtica da coopta\u00e7\u00e3o.<\/p>\n<p>E o poder judici\u00e1rio, que foi se fortalecendo com o apequenamento , principalmente, do Legislativo, ao longo dos anos, passou a legislar, ou seja, a fazer o papel de outro poder.<\/p>\n<p>Fato \u00e9 que os atores institucionais est\u00e3o fora do seu campo, o que gera uma dificuldade enorme. O Brasil tem reformas important\u00edssimas para poder entrar numa rota de crescimento sustent\u00e1vel e fica, cada vez mais, ao passo que aparecem mais dificuldades para que as coisas avancem.<\/p>\n<p>N\u00e3o existem mais atores que possam dar credibilidade e serenidade e colocar essa bola no ch\u00e3o para tentar organizar uma pauta m\u00ednima para o pa\u00eds. At\u00e9 devido ao processo eleitoral, h\u00e1 um esgar\u00e7amento, uma divis\u00e3o entre preto e vermelho, hoje em dia.<\/p>\n<p>A situa\u00e7\u00e3o ficou muito complicada da semana passada para c\u00e1. Parecia haver uma boa vontade e um bom entendimento entre o presidente da C\u00e2mara, Rodrigo mais, e o presidente Bolsonaro, mas , agora, parece que as coisas ficaram claras em ambos os lados.<\/p>\n<p>A n\u00e3o ser que hajam bombeiros que possam fazer os dois cederem, pelas posi\u00e7\u00f5es do fim de semana, a reforma da Previd\u00eancia n\u00e3o vai chegar a lugar nenhum.<\/p>\n","protected":false},"excerpt":{"rendered":"<p>O Congresso se acostumou a ser cooptado pelo Executivo e, em face disso, tem muita dificuldade de ter protagonismo nas pautas que s\u00e3o enviadas. Por sua vez, o presidente Bolsonaro ficou preso \u00e0 sua narrativa de campanha da n\u00e3o-pol\u00edtica, da condena\u00e7\u00e3o \u00e0 pol\u00edtica, e evita conversas com o Legislativo porque tudo passa a parecer que&#8230; <\/p>\n<div class=\"clear\"><\/div>\n<p><a href=\"https:\/\/bbconsultoria.net\/site\/estamos-vivendo-uma-crise-institucional\/\" class=\"excerpt-read-more\">Read More<\/a><\/p>\n","protected":false},"author":1,"featured_media":0,"comment_status":"closed","ping_status":"closed","sticky":false,"template":"","format":"standard","meta":{"footnotes":""},"categories":[82],"tags":[],"class_list":["post-6760","post","type-post","status-publish","format-standard","hentry","category-noticias"],"_links":{"self":[{"href":"https:\/\/bbconsultoria.net\/site\/wp-json\/wp\/v2\/posts\/6760","targetHints":{"allow":["GET"]}}],"collection":[{"href":"https:\/\/bbconsultoria.net\/site\/wp-json\/wp\/v2\/posts"}],"about":[{"href":"https:\/\/bbconsultoria.net\/site\/wp-json\/wp\/v2\/types\/post"}],"author":[{"embeddable":true,"href":"https:\/\/bbconsultoria.net\/site\/wp-json\/wp\/v2\/users\/1"}],"replies":[{"embeddable":true,"href":"https:\/\/bbconsultoria.net\/site\/wp-json\/wp\/v2\/comments?post=6760"}],"version-history":[{"count":1,"href":"https:\/\/bbconsultoria.net\/site\/wp-json\/wp\/v2\/posts\/6760\/revisions"}],"predecessor-version":[{"id":6761,"href":"https:\/\/bbconsultoria.net\/site\/wp-json\/wp\/v2\/posts\/6760\/revisions\/6761"}],"wp:attachment":[{"href":"https:\/\/bbconsultoria.net\/site\/wp-json\/wp\/v2\/media?parent=6760"}],"wp:term":[{"taxonomy":"category","embeddable":true,"href":"https:\/\/bbconsultoria.net\/site\/wp-json\/wp\/v2\/categories?post=6760"},{"taxonomy":"post_tag","embeddable":true,"href":"https:\/\/bbconsultoria.net\/site\/wp-json\/wp\/v2\/tags?post=6760"}],"curies":[{"name":"wp","href":"https:\/\/api.w.org\/{rel}","templated":true}]}}