{"id":6755,"date":"2019-03-22T09:36:54","date_gmt":"2019-03-22T12:36:54","guid":{"rendered":"http:\/\/bbconsultoria.net\/site\/?p=6755"},"modified":"2019-03-22T09:36:54","modified_gmt":"2019-03-22T12:36:54","slug":"ibovespa-fecha-em-queda-de-134-com-prisao-de-temer-e-foco-na-previdencia","status":"publish","type":"post","link":"https:\/\/bbconsultoria.net\/site\/ibovespa-fecha-em-queda-de-134-com-prisao-de-temer-e-foco-na-previdencia\/","title":{"rendered":"Ibovespa fecha em queda de 1,34% com pris\u00e3o de Temer e foco na Previd\u00eancia"},"content":{"rendered":"<p><strong><br \/>\n<em>ECONOMIA<\/em><\/strong><\/p>\n<p><strong><em><img loading=\"lazy\" decoding=\"async\" class=\"size-medium wp-image-6757 aligncenter\" src=\"http:\/\/bbconsultoria.net\/site\/wp-content\/uploads\/2019\/03\/relacao-do-ibovespa-com-o-indice-futuro-1-300x172.png\" alt=\"\" width=\"300\" height=\"172\" srcset=\"https:\/\/bbconsultoria.net\/site\/wp-content\/uploads\/2019\/03\/relacao-do-ibovespa-com-o-indice-futuro-1-300x172.png 300w, https:\/\/bbconsultoria.net\/site\/wp-content\/uploads\/2019\/03\/relacao-do-ibovespa-com-o-indice-futuro-1-768x441.png 768w, https:\/\/bbconsultoria.net\/site\/wp-content\/uploads\/2019\/03\/relacao-do-ibovespa-com-o-indice-futuro-1-1024x587.png 1024w, https:\/\/bbconsultoria.net\/site\/wp-content\/uploads\/2019\/03\/relacao-do-ibovespa-com-o-indice-futuro-1-700x400.png 700w, https:\/\/bbconsultoria.net\/site\/wp-content\/uploads\/2019\/03\/relacao-do-ibovespa-com-o-indice-futuro-1.png 1248w\" sizes=\"auto, (max-width: 300px) 100vw, 300px\" \/><\/em><\/strong><\/p>\n<p>Depois da frustra\u00e7\u00e3o com a proposta de previd\u00eancia dos militares, o mercado brasileiro de a\u00e7\u00f5es foi surpreendido pela not\u00edcia da pris\u00e3o do ex-presidente Michel Temer e de seu ex-ministro Moreira Franco. O temor de que o epis\u00f3dio trouxesse desdobramentos pol\u00edticos mais graves levou o \u00cdndice Bovespa a registrar perdas expressivas at\u00e9 o in\u00edcio da tarde, mas foi reduzido ao longo do per\u00edodo. O indicador terminou o dia aos 96.729,08 pontos, com baixa de 1,34%. Nos piores momentos, chegou a cair 2,64%.<\/p>\n<p>Segundo analistas ouvidos pelo Broadcast, sistema de not\u00edcias em tempo real do Grupo Estado, o nervosismo inicial com as pris\u00f5es feitas pela Pol\u00edcia Federal foi reduzido \u00e0 medida que n\u00e3o foram encontrados argumentos convincentes de que o caso tenha potencial para comprometer a tramita\u00e7\u00e3o da reforma no Congresso. No entanto, afirmam que o assunto est\u00e1 apenas come\u00e7ando e nada impede que novos desdobramentos mudem o cen\u00e1rio. O notici\u00e1rio daqui em diante, afirmam, ser\u00e1 acompanhado de perto.<\/p>\n<p>\u201cA pris\u00e3o de um ex-presidente mostra uma s\u00e9rie de sinais. O sinal positivo \u00e9 mostrar que ningu\u00e9m no Pa\u00eds est\u00e1 acima da lei. Por outro lado, h\u00e1 sempre a possibilidade do surgimento de nomes de outros pol\u00edticos com algum envolvimento em irregularidades. A pol\u00edtica \u00e9 uma teia complexa e nunca se sabe onde um evento vai chegar\u201d, disse Shin Lai, estrategista da Upside Investor.<\/p>\n<p>Para o estrategista, houve exagero do mercado ao longo do dia, que acabou sendo reduzido aos poucos. Segundo ele, a frustra\u00e7\u00e3o do mercado com a economia aqu\u00e9m do esperado na revis\u00e3o dos militares, somada \u00e0 pris\u00e3o de Temer, foi boa justificativa para incentivar uma realiza\u00e7\u00e3o de lucros que o mercado j\u00e1 vinha querendo fazer.<\/p>\n<p>Para Luiz Roberto Monteiro, operador da mesa institucional da Renascen\u00e7a Corretora, a acelera\u00e7\u00e3o dos ganhos das bolsas de Nova York \u00e0 tarde foi outro fator a contribuir para amenizar perdas no Ibovespa. \u201cApesar de andar na contram\u00e3o do mercado internacional, n\u00e3o havia como a bolsa ignorar a melhora em NY\u201d, afirma. \u201cMas, a partir de agora, o mercado ter\u00e1 de dividir aten\u00e7\u00f5es com mais um assunto, uma vez que os desdobramentos das pris\u00f5es de Temer e Moreira Franco ainda podem gerar volatilidade\u201d, afirmou.<\/p>\n<p>Na an\u00e1lise por a\u00e7\u00f5es, o destaque de queda ficou mais uma vez com o setor financeiro, que amarga as maiores perdas tamb\u00e9m no acumulado da semana. Banco do Brasil ON perdeu 1,20%, Ita\u00fa Unibanco PN caiu 1,76% e Bradesco PN terminou o dia com baixa de 2,20%. Al\u00e9m das a\u00e7\u00f5es do Banco do Brasil, outros pap\u00e9is do \u201ckit Brasil\u201d tiveram perdas expressivas. Foi o caso de Eletrobras PNB (-2,90%) e Petrobras ON (-2,00%). No caso da petroleira, al\u00e9m do aumento da percep\u00e7\u00e3o de risco pol\u00edtico, houve influ\u00eancia dos pre\u00e7os do petr\u00f3leo, que ca\u00edram no mercado internacional.<\/p>\n<p>FONTE: ISTO \u00c9<\/p>\n","protected":false},"excerpt":{"rendered":"<p>ECONOMIA Depois da frustra\u00e7\u00e3o com a proposta de previd\u00eancia dos militares, o mercado brasileiro de a\u00e7\u00f5es foi surpreendido pela not\u00edcia da pris\u00e3o do ex-presidente Michel Temer e de seu ex-ministro Moreira Franco. O temor de que o epis\u00f3dio trouxesse desdobramentos pol\u00edticos mais graves levou o \u00cdndice Bovespa a registrar perdas expressivas at\u00e9 o in\u00edcio da&#8230; <\/p>\n<div class=\"clear\"><\/div>\n<p><a href=\"https:\/\/bbconsultoria.net\/site\/ibovespa-fecha-em-queda-de-134-com-prisao-de-temer-e-foco-na-previdencia\/\" class=\"excerpt-read-more\">Read More<\/a><\/p>\n","protected":false},"author":4,"featured_media":0,"comment_status":"closed","ping_status":"closed","sticky":false,"template":"","format":"standard","meta":{"footnotes":""},"categories":[82],"tags":[],"class_list":["post-6755","post","type-post","status-publish","format-standard","hentry","category-noticias"],"_links":{"self":[{"href":"https:\/\/bbconsultoria.net\/site\/wp-json\/wp\/v2\/posts\/6755","targetHints":{"allow":["GET"]}}],"collection":[{"href":"https:\/\/bbconsultoria.net\/site\/wp-json\/wp\/v2\/posts"}],"about":[{"href":"https:\/\/bbconsultoria.net\/site\/wp-json\/wp\/v2\/types\/post"}],"author":[{"embeddable":true,"href":"https:\/\/bbconsultoria.net\/site\/wp-json\/wp\/v2\/users\/4"}],"replies":[{"embeddable":true,"href":"https:\/\/bbconsultoria.net\/site\/wp-json\/wp\/v2\/comments?post=6755"}],"version-history":[{"count":1,"href":"https:\/\/bbconsultoria.net\/site\/wp-json\/wp\/v2\/posts\/6755\/revisions"}],"predecessor-version":[{"id":6758,"href":"https:\/\/bbconsultoria.net\/site\/wp-json\/wp\/v2\/posts\/6755\/revisions\/6758"}],"wp:attachment":[{"href":"https:\/\/bbconsultoria.net\/site\/wp-json\/wp\/v2\/media?parent=6755"}],"wp:term":[{"taxonomy":"category","embeddable":true,"href":"https:\/\/bbconsultoria.net\/site\/wp-json\/wp\/v2\/categories?post=6755"},{"taxonomy":"post_tag","embeddable":true,"href":"https:\/\/bbconsultoria.net\/site\/wp-json\/wp\/v2\/tags?post=6755"}],"curies":[{"name":"wp","href":"https:\/\/api.w.org\/{rel}","templated":true}]}}