{"id":6740,"date":"2019-03-18T11:30:43","date_gmt":"2019-03-18T14:30:43","guid":{"rendered":"http:\/\/bbconsultoria.net\/site\/?p=6740"},"modified":"2019-03-18T11:30:43","modified_gmt":"2019-03-18T14:30:43","slug":"deficit-de-apoio","status":"publish","type":"post","link":"https:\/\/bbconsultoria.net\/site\/deficit-de-apoio\/","title":{"rendered":"D\u00e9ficit de apoio"},"content":{"rendered":"<p><img loading=\"lazy\" decoding=\"async\" class=\" wp-image-6741 aligncenter\" src=\"http:\/\/bbconsultoria.net\/site\/wp-content\/uploads\/2019\/03\/reforma-300x200.jpg\" alt=\"\" width=\"449\" height=\"300\" srcset=\"https:\/\/bbconsultoria.net\/site\/wp-content\/uploads\/2019\/03\/reforma-300x200.jpg 300w, https:\/\/bbconsultoria.net\/site\/wp-content\/uploads\/2019\/03\/reforma-768x512.jpg 768w, https:\/\/bbconsultoria.net\/site\/wp-content\/uploads\/2019\/03\/reforma-1024x683.jpg 1024w, https:\/\/bbconsultoria.net\/site\/wp-content\/uploads\/2019\/03\/reforma.jpg 1200w\" sizes=\"auto, (max-width: 449px) 100vw, 449px\" \/><\/p>\n<p>&nbsp;<\/p>\n<p><strong>Relut\u00e2ncia de deputados em assumir compromisso com a reforma da Previd\u00eancia reflete articula\u00e7\u00e3o pol\u00edtica fr\u00e1gil e falta de empenho de Bolsonaro<\/strong><\/p>\n<p>&nbsp;<\/p>\n<p>A retomada dos trabalhos legislativos trouxe novas evid\u00eancias da insatisfa\u00e7\u00e3o dos aliados do presidente Jair Bolsonaro (PSL) e das dificuldades que o governo enfrenta para formar uma base de sustenta\u00e7\u00e3o confi\u00e1vel no Congresso.<\/p>\n<p>L\u00edderes da bancada evang\u00e9lica, um dos pilares da coaliz\u00e3o eleitoral que levou o mandat\u00e1rio ao poder, amea\u00e7am boicotar projetos ap\u00f3s a demiss\u00e3o sem aviso pr\u00e9vio de correligion\u00e1rios que ocupavam posi\u00e7\u00f5es no Pal\u00e1cio do Planalto.<\/p>\n<p>Partidos do chamado centr\u00e3o, ressentidos com a indefini\u00e7\u00e3o sobre seu espa\u00e7o no governo, articulam mudan\u00e7as na medida provis\u00f3ria que redesenhou a estrutura dos minist\u00e9rios, ainda pendente de aprova\u00e7\u00e3o no Legislativo.<\/p>\n<p>Complica\u00e7\u00f5es desse g\u00eanero, que fazem parte da rotina dos regimes democr\u00e1ticos e poderiam ser tratadas como contratempos banais, acabam alimentando preocupa\u00e7\u00f5es no caso de Bolsonaro.<\/p>\n<p>O chefe do Executivo prometeu jogar fora o manual que guiou os antecessores nas intera\u00e7\u00f5es com o Congresso, mas ainda n\u00e3o parece ter encontrado uma estrat\u00e9gia eficaz para promover sua agenda.<\/p>\n<p>Com o in\u00edcio do debate da reforma da Previd\u00eancia Social, passo essencial para tirar o pa\u00eds da semiestagna\u00e7\u00e3o econ\u00f4mica, os riscos criados pela fragilidade da articula\u00e7\u00e3o entre o governo e os partidos tornam-se mais inquietantes.<\/p>\n<p>Como mostram os resultados de uma enquete realizada por esta Folha com os membros da C\u00e2mara dos Deputados nas \u00faltimas semanas, at\u00e9 legendas que demonstravam mais entusiasmo com a proposta se mostram relutantes.<\/p>\n<p>Somente metade dos consultados na bancada do PSL, o partido de Bolsonaro, declarou-se a favor das mudan\u00e7as nas aposentadorias. No DEM, que comanda as duas casas do Congresso e tem tr\u00eas ministros no primeiro escal\u00e3o do governo, apenas um quarto da bancada declarou apoio \u00e0 reforma.<\/p>\n<p>Muitos certamente temem preju\u00edzos nas pr\u00f3ximas elei\u00e7\u00f5es se assumirem compromissos agora, antes que fiquem mais claros os sacrif\u00edcios que inevitavelmente ser\u00e3o impostos pela reforma a diferentes grupos da sociedade.<\/p>\n<p>Parte dos deputados n\u00e3o quis responder \u00e0 enquete, um ind\u00edcio de que ainda n\u00e3o se sentem confort\u00e1veis para declarar o que pensam e preferem olhar de lado enquanto negociam com o governo.<\/p>\n<p>Na \u00faltima quarta (13), Bolsonaro disse a jornalistas que espera ver a reforma da Previd\u00eancia aprovada neste semestre, mas a expectativa soa excessivamente otimista.<\/p>\n<p>Recentemente, causaram surpresa declara\u00e7\u00f5es do presidente de que aceitaria reduzir a idade m\u00ednima exigida para a aposentadoria das mulheres \u2014gesto decerto prematuro no est\u00e1gio em que as discuss\u00f5es do projeto se encontram.<\/p>\n<p>Talvez o presidente desse contribui\u00e7\u00e3o mais efetiva se demonstrasse ele mesmo o engajamento esperado dos aliados. Caso os congressistas entendam que nem o Planalto est\u00e1 t\u00e3o convencido da urg\u00eancia da reforma, tudo ficar\u00e1 mais dif\u00edcil.<\/p>\n<p><strong>FONTE: FOLHA DE S\u00c3O PAULO <\/strong><\/p>\n","protected":false},"excerpt":{"rendered":"<p>&nbsp; Relut\u00e2ncia de deputados em assumir compromisso com a reforma da Previd\u00eancia reflete articula\u00e7\u00e3o pol\u00edtica fr\u00e1gil e falta de empenho de Bolsonaro &nbsp; A retomada dos trabalhos legislativos trouxe novas evid\u00eancias da insatisfa\u00e7\u00e3o dos aliados do presidente Jair Bolsonaro (PSL) e das dificuldades que o governo enfrenta para formar uma base de sustenta\u00e7\u00e3o confi\u00e1vel no&#8230; <\/p>\n<div class=\"clear\"><\/div>\n<p><a href=\"https:\/\/bbconsultoria.net\/site\/deficit-de-apoio\/\" class=\"excerpt-read-more\">Read More<\/a><\/p>\n","protected":false},"author":4,"featured_media":0,"comment_status":"closed","ping_status":"closed","sticky":false,"template":"","format":"standard","meta":{"footnotes":""},"categories":[82],"tags":[],"class_list":["post-6740","post","type-post","status-publish","format-standard","hentry","category-noticias"],"_links":{"self":[{"href":"https:\/\/bbconsultoria.net\/site\/wp-json\/wp\/v2\/posts\/6740","targetHints":{"allow":["GET"]}}],"collection":[{"href":"https:\/\/bbconsultoria.net\/site\/wp-json\/wp\/v2\/posts"}],"about":[{"href":"https:\/\/bbconsultoria.net\/site\/wp-json\/wp\/v2\/types\/post"}],"author":[{"embeddable":true,"href":"https:\/\/bbconsultoria.net\/site\/wp-json\/wp\/v2\/users\/4"}],"replies":[{"embeddable":true,"href":"https:\/\/bbconsultoria.net\/site\/wp-json\/wp\/v2\/comments?post=6740"}],"version-history":[{"count":1,"href":"https:\/\/bbconsultoria.net\/site\/wp-json\/wp\/v2\/posts\/6740\/revisions"}],"predecessor-version":[{"id":6742,"href":"https:\/\/bbconsultoria.net\/site\/wp-json\/wp\/v2\/posts\/6740\/revisions\/6742"}],"wp:attachment":[{"href":"https:\/\/bbconsultoria.net\/site\/wp-json\/wp\/v2\/media?parent=6740"}],"wp:term":[{"taxonomy":"category","embeddable":true,"href":"https:\/\/bbconsultoria.net\/site\/wp-json\/wp\/v2\/categories?post=6740"},{"taxonomy":"post_tag","embeddable":true,"href":"https:\/\/bbconsultoria.net\/site\/wp-json\/wp\/v2\/tags?post=6740"}],"curies":[{"name":"wp","href":"https:\/\/api.w.org\/{rel}","templated":true}]}}