{"id":6732,"date":"2019-03-15T10:38:46","date_gmt":"2019-03-15T13:38:46","guid":{"rendered":"http:\/\/bbconsultoria.net\/site\/?p=6732"},"modified":"2019-03-15T10:38:46","modified_gmt":"2019-03-15T13:38:46","slug":"igp-10-de-marco-fica-em-140-ante-alta-de-040-em-fevereiro-revela-fgv","status":"publish","type":"post","link":"https:\/\/bbconsultoria.net\/site\/igp-10-de-marco-fica-em-140-ante-alta-de-040-em-fevereiro-revela-fgv\/","title":{"rendered":"IGP-10 de mar\u00e7o fica em 1,40% ante alta de 0,40% em fevereiro, revela FGV"},"content":{"rendered":"<p><strong>O \u00cdndice Geral de Pre\u00e7os \u2013 10 (IGP-10)<\/strong><img loading=\"lazy\" decoding=\"async\" src=\"http:\/\/bbconsultoria.net\/site\/wp-content\/uploads\/2019\/03\/fgvfgv-300x172.png\" alt=\"\" width=\"300\" height=\"172\" class=\"alignnone size-medium wp-image-6734\" srcset=\"https:\/\/bbconsultoria.net\/site\/wp-content\/uploads\/2019\/03\/fgvfgv-300x172.png 300w, https:\/\/bbconsultoria.net\/site\/wp-content\/uploads\/2019\/03\/fgvfgv.png 470w\" sizes=\"auto, (max-width: 300px) 100vw, 300px\" \/> subiu 1,40% em mar\u00e7o, ap\u00f3s ter aumentado 0,40% em fevereiro, informou nesta sexta-feira, 15, a Funda\u00e7\u00e3o Getulio Vargas (FGV). O resultado agora anunciado ficou acima das estimativas dos analistas do mercado financeiro ouvidos pelo Proje\u00e7\u00f5es Broadcast, que esperavam uma alta entre 0,80% e 1,39%, com mediana positiva de 1,23%.<\/p>\n<p>Quanto aos tr\u00eas indicadores que comp\u00f5em o IGP-10 de mar\u00e7o, os pre\u00e7os no atacado medidos pelo IPA-10 tiveram avan\u00e7o de 1,93% no m\u00eas, ante uma eleva\u00e7\u00e3o de 0,40% em fevereiro. Os pre\u00e7os ao consumidor verificados pelo IPC-10 apresentaram crescimento de 0,48% em mar\u00e7o, ap\u00f3s a eleva\u00e7\u00e3o de 0,38% em fevereiro. J\u00e1 o INCC-10, que mede os pre\u00e7os da constru\u00e7\u00e3o civil, teve aumento de 0,07% em mar\u00e7o, depois de um avan\u00e7o de 0,41% em fevereiro.<\/p>\n<p>O IGP-10 acumulou um aumento de 1,54% no ano. A taxa em 12 meses ficou positiva em 7,99%. O per\u00edodo de coleta de pre\u00e7os para o indicador de mar\u00e7o foi do dia 11 de fevereiro a 10 deste m\u00eas.<\/p>\n<p><strong>IPAs<\/strong><\/p>\n<p>Medidos pelo IPA Agr\u00edcola, os pre\u00e7os agropecu\u00e1rios subiram 4,68% no atacado em mar\u00e7o, ap\u00f3s um aumento de 0,34% em fevereiro, dentro do IGP-10. J\u00e1 os pre\u00e7os dos produtos industriais, mensurados pelo IPA Industrial, tiveram alta de 1,04% este m\u00eas, depois da eleva\u00e7\u00e3o de 0,43% no atacado em fevereiro.<\/p>\n<p>Dentro do \u00cdndice de Pre\u00e7os por Atacado segundo Est\u00e1gios de Processamento (IPA-EP), que permite visualizar a transmiss\u00e3o de pre\u00e7os ao longo da cadeia produtiva, os pre\u00e7os dos bens finais tiveram alta de 1,97% em mar\u00e7o, ante um avan\u00e7o de 0,49% em fevereiro.<\/p>\n<p>Os pre\u00e7os dos bens intermedi\u00e1rios subiram 0,54% em mar\u00e7o, ap\u00f3s redu\u00e7\u00e3o de 0,14% no m\u00eas anterior. J\u00e1 os pre\u00e7os das mat\u00e9rias-primas brutas apresentaram aumento de 3,60% em mar\u00e7o, depois da expans\u00e3o de 0,98% em fevereiro.<\/p>\n<p>FONTE: REVISTA \u00c9POCA<\/p>\n","protected":false},"excerpt":{"rendered":"<p>O \u00cdndice Geral de Pre\u00e7os \u2013 10 (IGP-10) subiu 1,40% em mar\u00e7o, ap\u00f3s ter aumentado 0,40% em fevereiro, informou nesta sexta-feira, 15, a Funda\u00e7\u00e3o Getulio Vargas (FGV). O resultado agora anunciado ficou acima das estimativas dos analistas do mercado financeiro ouvidos pelo Proje\u00e7\u00f5es Broadcast, que esperavam uma alta entre 0,80% e 1,39%, com mediana positiva&#8230; <\/p>\n<div class=\"clear\"><\/div>\n<p><a href=\"https:\/\/bbconsultoria.net\/site\/igp-10-de-marco-fica-em-140-ante-alta-de-040-em-fevereiro-revela-fgv\/\" class=\"excerpt-read-more\">Read More<\/a><\/p>\n","protected":false},"author":4,"featured_media":0,"comment_status":"closed","ping_status":"closed","sticky":false,"template":"","format":"standard","meta":{"footnotes":""},"categories":[82],"tags":[],"class_list":["post-6732","post","type-post","status-publish","format-standard","hentry","category-noticias"],"_links":{"self":[{"href":"https:\/\/bbconsultoria.net\/site\/wp-json\/wp\/v2\/posts\/6732","targetHints":{"allow":["GET"]}}],"collection":[{"href":"https:\/\/bbconsultoria.net\/site\/wp-json\/wp\/v2\/posts"}],"about":[{"href":"https:\/\/bbconsultoria.net\/site\/wp-json\/wp\/v2\/types\/post"}],"author":[{"embeddable":true,"href":"https:\/\/bbconsultoria.net\/site\/wp-json\/wp\/v2\/users\/4"}],"replies":[{"embeddable":true,"href":"https:\/\/bbconsultoria.net\/site\/wp-json\/wp\/v2\/comments?post=6732"}],"version-history":[{"count":1,"href":"https:\/\/bbconsultoria.net\/site\/wp-json\/wp\/v2\/posts\/6732\/revisions"}],"predecessor-version":[{"id":6735,"href":"https:\/\/bbconsultoria.net\/site\/wp-json\/wp\/v2\/posts\/6732\/revisions\/6735"}],"wp:attachment":[{"href":"https:\/\/bbconsultoria.net\/site\/wp-json\/wp\/v2\/media?parent=6732"}],"wp:term":[{"taxonomy":"category","embeddable":true,"href":"https:\/\/bbconsultoria.net\/site\/wp-json\/wp\/v2\/categories?post=6732"},{"taxonomy":"post_tag","embeddable":true,"href":"https:\/\/bbconsultoria.net\/site\/wp-json\/wp\/v2\/tags?post=6732"}],"curies":[{"name":"wp","href":"https:\/\/api.w.org\/{rel}","templated":true}]}}