{"id":6719,"date":"2019-03-14T13:55:24","date_gmt":"2019-03-14T16:55:24","guid":{"rendered":"http:\/\/bbconsultoria.net\/site\/?p=6719"},"modified":"2019-03-14T13:55:24","modified_gmt":"2019-03-14T16:55:24","slug":"proposta-de-reforma-tem-149-votos-mostra-pesquisa-atlas-politico","status":"publish","type":"post","link":"https:\/\/bbconsultoria.net\/site\/proposta-de-reforma-tem-149-votos-mostra-pesquisa-atlas-politico\/","title":{"rendered":"Proposta de reforma tem 149 votos, mostra pesquisa Atlas Pol\u00edtico"},"content":{"rendered":"<p>O texto da reforma da Previd\u00eancia enviado pelo governo \u00e0 C\u00e2mara tem hoje o apoio decidido de 95 deputados federais, de acordo com dados apurados e tabulados pela empresa de consultoria Atlas Pol\u00edtico. Outros 54 parlamentares da Casa concordam com grande parte da reda\u00e7\u00e3o, mas t\u00eam restri\u00e7\u00f5es a aspectos do projeto.<\/p>\n<p>Com isso, \u00e9 razo\u00e1vel estimar que, se fosse levada hoje \u00e0 vota\u00e7\u00e3o no plen\u00e1rio, a Proposta de Emenda Constitucional (PEC) defendida pelo presidente Jair Bolsonaro teria, pelo menos, 149 votos favor\u00e1veis, ressalvados os destaques (vota\u00e7\u00f5es separadas de trechos segregados do texto principal, a pedido de bancadas partid\u00e1rias).<\/p>\n<p>Os dados s\u00e3o da primeira rodada de um monitoramento permanente da taxa de apoio \u00e0 reforma da Previd\u00eancia publicado em primeira m\u00e3o pelo Valor. Para ser aprovada na C\u00e2mara e ent\u00e3o seguir para o Senado, s\u00e3o necess\u00e1rios 308 votos de um universo de 513 deputados &#8211; tr\u00eas quintos do total. Os 149 votos mais seguros favor\u00e1veis ao texto da PEC s\u00e3o 48% do do necess\u00e1rio para a aprova\u00e7\u00e3o.<\/p>\n<p>Batizado de &#8216;Term\u00f4metro da Previd\u00eancia&#8217;, o placar on-line da reforma passa a ser atualizado no site do Valor a partir de tr\u00eas frentes: entrevistas com deputados feitas presencialmente, por e-mail ou telefone; identifica\u00e7\u00e3o de manifesta\u00e7\u00f5es p\u00fablicas individuais no notici\u00e1rio ou em redes sociais; e posicionamentos feitos ao Atlas por iniciativa dos pr\u00f3prios parlamentares. Esse acompanhamento ser\u00e1 realizado at\u00e9 o dia da vota\u00e7\u00e3o no plen\u00e1rio, sem data definida.<\/p>\n<p>Conforme a atualiza\u00e7\u00e3o mais recente, h\u00e1 144 deputados decididamente contr\u00e1rios \u00e0 reforma, grupo formado majoritariamente por parlamentares de oposi\u00e7\u00e3o. Outros 220 nomes &#8211; o maior contingente &#8211; devem ser classificados como indefinidos. \u00c9 a soma dos que manifestam indecis\u00e3o com os que n\u00e3o respondem sobre o assunto.<\/p>\n<p>No site do Valor, o Term\u00f4metro da Previd\u00eancia ficar\u00e1 abrigado dentro da p\u00e1gina especial da reforma que estreia. Al\u00e9m das taxas de aceita\u00e7\u00e3o e rejei\u00e7\u00e3o da proposta, o placar informa o n\u00edvel de aceita\u00e7\u00e3o do texto por partido, por estado de origem do parlamentar e por sexo. Tamb\u00e9m \u00e9 poss\u00edvel consultar o posicionamento individual de cada deputado.<\/p>\n<p>Com 54 representantes (a maior bancada da C\u00e2mara, empatada com a do PT), o PSL \u00e9 o partido que entregaria o maior n\u00famero de votos favor\u00e1veis \u00e0 reforma, 52 seguros mais um apoio parcial. Hoje, o \u00fanico partido com bancada integralmente favor\u00e1vel \u00e0 reforma \u00e9 o Novo, legenda que tem oito deputados.<\/p>\n<p>Os crit\u00e9rios de apura\u00e7\u00e3o e contabilidade de votos do Term\u00f4metro da Previd\u00eancia foram desenvolvidos pelo Atlas Pol\u00edtico. A empresa contatou por e-mail, telefone ou presencialmente todos os deputados federais em exerc\u00edcio.<\/p>\n<p>H\u00e1 casos de deputados que n\u00e3o responderam aos chamados do Atlas, mas se manifestaram publicamente sobre o assunto no notici\u00e1rio ou em suas redes sociais. Em situa\u00e7\u00f5es assim, o voto \u00e9 contabilizado conforme a manifesta\u00e7\u00e3o p\u00fablica mais recente do parlamentar. Outra situa\u00e7\u00e3o \u00e9 de representantes que n\u00e3o responderam, mas pertencem a partidos que j\u00e1 se posicionaram sobre a reforma e que historicamente apresentam tend\u00eancia de votar de forma un\u00e2nime em temas dessa natureza. Em casos assim, o voto individual do deputado foi computado conforme a posi\u00e7\u00e3o p\u00fablica de sua agremia\u00e7\u00e3o.<\/p>\n<p><img loading=\"lazy\" decoding=\"async\" class=\"size-full wp-image-6724 aligncenter\" src=\"http:\/\/bbconsultoria.net\/site\/wp-content\/uploads\/2019\/03\/valor1.png\" alt=\"\" width=\"561\" height=\"910\" srcset=\"https:\/\/bbconsultoria.net\/site\/wp-content\/uploads\/2019\/03\/valor1.png 561w, https:\/\/bbconsultoria.net\/site\/wp-content\/uploads\/2019\/03\/valor1-185x300.png 185w\" sizes=\"auto, (max-width: 561px) 100vw, 561px\" \/><\/p>\n<h3>NOTA METODOL\u00d3GICA<\/h3>\n<div>Defini\u00e7\u00e3o dos posicionamentos<\/div>\n<table>\n<tbody>\n<tr>\n<td bgcolor=\"#408653\"><strong>APOIO TOTAL<\/strong><\/td>\n<td>Disposto a votar pela aprova\u00e7\u00e3o integral da proposta atual do governo ou com m\u00ednimas ressalvas<\/td>\n<\/tr>\n<tr>\n<td><strong>APOIO PARCIAL<\/strong><\/td>\n<td>Apoia grande parte da proposta, mas tem restri\u00e7\u00f5es a alguns aspectos<\/td>\n<\/tr>\n<tr>\n<td><strong>INDEFINIDO<\/strong><\/td>\n<td>N\u00e3o manifestou posi\u00e7\u00e3o ou n\u00e3o decidiu ainda se votar\u00e1 pela aprova\u00e7\u00e3o ou rejei\u00e7\u00e3o da proposta atual<\/td>\n<\/tr>\n<tr>\n<td><strong>CONTRA<\/strong><\/td>\n<td>Disposto a votar contra a proposta atual do governo ou ir\u00e1 se abster<\/td>\n<\/tr>\n<\/tbody>\n<\/table>\n<h4>Metodologia<\/h4>\n<div>Os 513 deputados federais foram contatados pelo Atlas Pol\u00edtico por e-mail, telefone e presencialmente. Os que n\u00e3o responderam foram classificados como indefinidos, exceto nas seguintes hip\u00f3teses:<\/div>\n<ol>\n<li>Deputados de bancadas partid\u00e1rias com posicionamentos p\u00fablicos un\u00e2nimes foram classificados de acordo com o consenso do partido at\u00e9 este momento;<\/li>\n<li>Deputados que se manifestaram publicamente em rela\u00e7\u00e3o a reforma no notici\u00e1rio ou nas redes sociais foram classificados de acordo com este posicionamento.<\/li>\n<\/ol>\n<p><strong>Fonte: <\/strong>VALOR<\/p>\n","protected":false},"excerpt":{"rendered":"<p>O texto da reforma da Previd\u00eancia enviado pelo governo \u00e0 C\u00e2mara tem hoje o apoio decidido de 95 deputados federais, de acordo com dados apurados e tabulados pela empresa de consultoria Atlas Pol\u00edtico. Outros 54 parlamentares da Casa concordam com grande parte da reda\u00e7\u00e3o, mas t\u00eam restri\u00e7\u00f5es a aspectos do projeto. Com isso, \u00e9 razo\u00e1vel&#8230; <\/p>\n<div class=\"clear\"><\/div>\n<p><a href=\"https:\/\/bbconsultoria.net\/site\/proposta-de-reforma-tem-149-votos-mostra-pesquisa-atlas-politico\/\" class=\"excerpt-read-more\">Read More<\/a><\/p>\n","protected":false},"author":1,"featured_media":0,"comment_status":"closed","ping_status":"closed","sticky":false,"template":"","format":"standard","meta":{"footnotes":""},"categories":[82],"tags":[],"class_list":["post-6719","post","type-post","status-publish","format-standard","hentry","category-noticias"],"_links":{"self":[{"href":"https:\/\/bbconsultoria.net\/site\/wp-json\/wp\/v2\/posts\/6719","targetHints":{"allow":["GET"]}}],"collection":[{"href":"https:\/\/bbconsultoria.net\/site\/wp-json\/wp\/v2\/posts"}],"about":[{"href":"https:\/\/bbconsultoria.net\/site\/wp-json\/wp\/v2\/types\/post"}],"author":[{"embeddable":true,"href":"https:\/\/bbconsultoria.net\/site\/wp-json\/wp\/v2\/users\/1"}],"replies":[{"embeddable":true,"href":"https:\/\/bbconsultoria.net\/site\/wp-json\/wp\/v2\/comments?post=6719"}],"version-history":[{"count":9,"href":"https:\/\/bbconsultoria.net\/site\/wp-json\/wp\/v2\/posts\/6719\/revisions"}],"predecessor-version":[{"id":6731,"href":"https:\/\/bbconsultoria.net\/site\/wp-json\/wp\/v2\/posts\/6719\/revisions\/6731"}],"wp:attachment":[{"href":"https:\/\/bbconsultoria.net\/site\/wp-json\/wp\/v2\/media?parent=6719"}],"wp:term":[{"taxonomy":"category","embeddable":true,"href":"https:\/\/bbconsultoria.net\/site\/wp-json\/wp\/v2\/categories?post=6719"},{"taxonomy":"post_tag","embeddable":true,"href":"https:\/\/bbconsultoria.net\/site\/wp-json\/wp\/v2\/tags?post=6719"}],"curies":[{"name":"wp","href":"https:\/\/api.w.org\/{rel}","templated":true}]}}