{"id":6716,"date":"2019-03-13T10:46:48","date_gmt":"2019-03-13T13:46:48","guid":{"rendered":"http:\/\/bbconsultoria.net\/site\/?p=6716"},"modified":"2019-03-13T10:46:48","modified_gmt":"2019-03-13T13:46:48","slug":"governo-corta-21-mil-cargos-e-gratificacoes-e-estima-economia-de-r-195-mi","status":"publish","type":"post","link":"https:\/\/bbconsultoria.net\/site\/governo-corta-21-mil-cargos-e-gratificacoes-e-estima-economia-de-r-195-mi\/","title":{"rendered":"Governo corta 21 mil cargos e gratifica\u00e7\u00f5es e estima economia de R$ 195 mi"},"content":{"rendered":"<p><strong>Medida faz parte do pacote de metas para os primeiros 100 dias de governo do presidente Jair Bolsonaro<\/strong><\/p>\n<p><img loading=\"lazy\" decoding=\"async\" class=\"size-medium wp-image-6717 aligncenter\" src=\"http:\/\/bbconsultoria.net\/site\/wp-content\/uploads\/2019\/03\/brasil-jair-bolsonaro-01-300x200.jpg\" alt=\"\" width=\"300\" height=\"200\" srcset=\"https:\/\/bbconsultoria.net\/site\/wp-content\/uploads\/2019\/03\/brasil-jair-bolsonaro-01-300x200.jpg 300w, https:\/\/bbconsultoria.net\/site\/wp-content\/uploads\/2019\/03\/brasil-jair-bolsonaro-01.jpg 680w\" sizes=\"auto, (max-width: 300px) 100vw, 300px\" \/><\/p>\n<p>&nbsp;<\/p>\n<p style=\"text-align: left;\">O presidente Jair Bolsonaro assinou um decreto que extingue 21 mil cargos comissionados e gratifica\u00e7\u00f5es do servi\u00e7o p\u00fablico federal. A medida era uma das prioridades listadas para os primeiros 100 dias de governo.<\/p>\n<p style=\"text-align: left;\">O texto, publicado nesta quarta-feira, 13, no Di\u00e1rio Oficial da Uni\u00e3o, estima economizar 194,9 milh\u00f5es de reais.<\/p>\n<p style=\"text-align: left;\">Na pr\u00e1tica, a maior parte dos cargos extintos n\u00e3o vai gerar demiss\u00e3o de trabalhadores. Isso porque muitas vagas s\u00e3o uma esp\u00e9cie de adicional pago ao servidor p\u00fablico concursado que passa a exercer determinada fun\u00e7\u00e3o escolhida por chefias ou \u00e9 nomeado para cargo de confian\u00e7a.<\/p>\n<p style=\"text-align: left;\">O decreto estabelece a extin\u00e7\u00e3o imediata de 5.100 cargos e fun\u00e7\u00f5es. Outras 12,4 mil deixar\u00e3o de existir em 31 de julho. J\u00e1 nas gratifica\u00e7\u00f5es, 1.487 deixam de existir de imediato e outras 2.000 ficam vigentes at\u00e9 30 de abril. N\u00e3o h\u00e1 detalhamento de \u00e1reas em que os cortes foram feitos.<\/p>\n<p style=\"text-align: left;\">Segundo o texto, \u201ceventuais ocupantes das vagas ficam automaticamente dispensados ou exonerados\u201d. O governo n\u00e3o informou qual o n\u00famero de postos que j\u00e1 estavam desocupados.<\/p>\n<p style=\"text-align: left;\">FONTE: VEJA<\/p>\n","protected":false},"excerpt":{"rendered":"<p>Medida faz parte do pacote de metas para os primeiros 100 dias de governo do presidente Jair Bolsonaro &nbsp; O presidente Jair Bolsonaro assinou um decreto que extingue 21 mil cargos comissionados e gratifica\u00e7\u00f5es do servi\u00e7o p\u00fablico federal. A medida era uma das prioridades listadas para os primeiros 100 dias de governo. O texto, publicado&#8230; <\/p>\n<div class=\"clear\"><\/div>\n<p><a href=\"https:\/\/bbconsultoria.net\/site\/governo-corta-21-mil-cargos-e-gratificacoes-e-estima-economia-de-r-195-mi\/\" class=\"excerpt-read-more\">Read More<\/a><\/p>\n","protected":false},"author":4,"featured_media":0,"comment_status":"closed","ping_status":"closed","sticky":false,"template":"","format":"standard","meta":{"footnotes":""},"categories":[82],"tags":[],"class_list":["post-6716","post","type-post","status-publish","format-standard","hentry","category-noticias"],"_links":{"self":[{"href":"https:\/\/bbconsultoria.net\/site\/wp-json\/wp\/v2\/posts\/6716","targetHints":{"allow":["GET"]}}],"collection":[{"href":"https:\/\/bbconsultoria.net\/site\/wp-json\/wp\/v2\/posts"}],"about":[{"href":"https:\/\/bbconsultoria.net\/site\/wp-json\/wp\/v2\/types\/post"}],"author":[{"embeddable":true,"href":"https:\/\/bbconsultoria.net\/site\/wp-json\/wp\/v2\/users\/4"}],"replies":[{"embeddable":true,"href":"https:\/\/bbconsultoria.net\/site\/wp-json\/wp\/v2\/comments?post=6716"}],"version-history":[{"count":1,"href":"https:\/\/bbconsultoria.net\/site\/wp-json\/wp\/v2\/posts\/6716\/revisions"}],"predecessor-version":[{"id":6718,"href":"https:\/\/bbconsultoria.net\/site\/wp-json\/wp\/v2\/posts\/6716\/revisions\/6718"}],"wp:attachment":[{"href":"https:\/\/bbconsultoria.net\/site\/wp-json\/wp\/v2\/media?parent=6716"}],"wp:term":[{"taxonomy":"category","embeddable":true,"href":"https:\/\/bbconsultoria.net\/site\/wp-json\/wp\/v2\/categories?post=6716"},{"taxonomy":"post_tag","embeddable":true,"href":"https:\/\/bbconsultoria.net\/site\/wp-json\/wp\/v2\/tags?post=6716"}],"curies":[{"name":"wp","href":"https:\/\/api.w.org\/{rel}","templated":true}]}}