{"id":6709,"date":"2019-03-13T10:17:19","date_gmt":"2019-03-13T13:17:19","guid":{"rendered":"http:\/\/bbconsultoria.net\/site\/?p=6709"},"modified":"2019-03-13T10:22:25","modified_gmt":"2019-03-13T13:22:25","slug":"trabalho-segue-em-recuperacao-gradual-aponta-fgv","status":"publish","type":"post","link":"https:\/\/bbconsultoria.net\/site\/trabalho-segue-em-recuperacao-gradual-aponta-fgv\/","title":{"rendered":"Trabalho segue em recupera\u00e7\u00e3o gradual, aponta FGV\u00a0"},"content":{"rendered":"<p><img loading=\"lazy\" decoding=\"async\" class=\"wp-image-6714 aligncenter\" src=\"http:\/\/bbconsultoria.net\/site\/wp-content\/uploads\/2019\/03\/image-1.png\" alt=\"\" width=\"466\" height=\"324\" srcset=\"https:\/\/bbconsultoria.net\/site\/wp-content\/uploads\/2019\/03\/image-1.png 620w, https:\/\/bbconsultoria.net\/site\/wp-content\/uploads\/2019\/03\/image-1-300x208.png 300w\" sizes=\"auto, (max-width: 466px) 100vw, 466px\" \/><\/p>\n<p>Dois indicadores de mercado de trabalho divulgados ontem Funda\u00e7\u00e3o Getulio Vargas (FGV) mostram cautela por parte do empresariado e ritmo lento de abertura de vagas. O Indicador Antecedente de Emprego (IAEmp) caiu 1,8 ponto entre janeiro e fevereiro, para 99,3 pontos.<\/p>\n<p>O Indicador Coincidente de Desemprego (ICD) recuou 2,4 pontos, para 92,1 pontos. A queda levou o \u00edndice ao menor patamar desde agosto de 2015 (89,5 pontos) informou Rodolpho Tobler, economista da FGV.<\/p>\n<p>Para ele, a retra\u00e7\u00e3o do IAEmp representa uma &#8220;calibragem&#8221; nas expectativas, que estavam em patamar muito elevado em cen\u00e1rio p\u00f3s elei\u00e7\u00f5es presidenciais. Tobler disse que o desempenho dos indicadores sinaliza retomada lenta no mercado de trabalho.<\/p>\n<p>Tobler explicou que historicamente, em come\u00e7o de ano em novo governo, o empresariado eleva o otimismo &#8220;em excesso&#8221;. Ap\u00f3s a euforia, \u00e9 normal ajuste das expectativas, mais voltado ao que ocorre no momento presente, observou.<\/p>\n<p>O especialista lembrou que que, em janeiro, o IAEmp subiu 4,1 pontos, alta mais intensa desde novembro (6,2 pontos), logo ap\u00f3s a elei\u00e7\u00e3o presidencial.<\/p>\n<p>O indicador de Tend\u00eancia de Neg\u00f3cios do setor de Servi\u00e7os foi o que mais contribuiu para a baixa do IAEmp, ao cair 7,2 pontos em fevereiro. O mesmo t\u00f3pico havia subido 8,8 pontos em janeiro.<\/p>\n<p>O ICD havia ca\u00eddo 4,4 pontos em janeiro. Tobler explicou que, em fevereiro, a queda do indicador foi menos espalhada e menos intensa do que a do primeiro m\u00eas do ano, principalmente por conta desta &#8220;calibragem&#8221; de otimismo, observada no m\u00eas passado.<\/p>\n<p>O t\u00e9cnico reconheceu que a interpreta\u00e7\u00e3o dos dois indicadores sugere retomada de mercado de trabalho com cad\u00eancia mais lenta do que o estimado em proje\u00e7\u00f5es no fim do ano passado. Para Tobler, mesmo com a resolu\u00e7\u00e3o do pleito presidencial, ainda h\u00e1 fatores a se considerar para impulsionar o mercado de trabalho. A condu\u00e7\u00e3o de pol\u00edtica econ\u00f4mica ainda n\u00e3o est\u00e1 clara para o empresariado, notou ele. Ao mesmo tempo, a atividade mostra sinais de melhora, mas ainda t\u00edmidos.<\/p>\n<p>&#8220;Se tiv\u00e9ssemos uma melhora nesses dois indicadores, de atividade e redu\u00e7\u00e3o de incerteza em pol\u00edtica econ\u00f4mica, os indicadores [de mercado de trabalho] poderiam andar mais r\u00e1pido, com melhoras mais contundentes&#8221;, afirmou. Ele observou que os ind\u00edcios at\u00e9 agora s\u00e3o de que a recupera\u00e7\u00e3o da atividade econ\u00f4mica continuar\u00e1, mas em um ritmo mais gradual &#8211; o que tamb\u00e9m afeta a evolu\u00e7\u00e3o de mercado de trabalho.<\/p>\n<p><strong>FONTE:<\/strong> VALOR ECON\u00d4MICO<\/p>\n","protected":false},"excerpt":{"rendered":"<p>Dois indicadores de mercado de trabalho divulgados ontem Funda\u00e7\u00e3o Getulio Vargas (FGV) mostram cautela por parte do empresariado e ritmo lento de abertura de vagas. O Indicador Antecedente de Emprego (IAEmp) caiu 1,8 ponto entre janeiro e fevereiro, para 99,3 pontos. O Indicador Coincidente de Desemprego (ICD) recuou 2,4 pontos, para 92,1 pontos. A queda&#8230; <\/p>\n<div class=\"clear\"><\/div>\n<p><a href=\"https:\/\/bbconsultoria.net\/site\/trabalho-segue-em-recuperacao-gradual-aponta-fgv\/\" class=\"excerpt-read-more\">Read More<\/a><\/p>\n","protected":false},"author":4,"featured_media":0,"comment_status":"closed","ping_status":"closed","sticky":false,"template":"","format":"standard","meta":{"footnotes":""},"categories":[82],"tags":[],"class_list":["post-6709","post","type-post","status-publish","format-standard","hentry","category-noticias"],"_links":{"self":[{"href":"https:\/\/bbconsultoria.net\/site\/wp-json\/wp\/v2\/posts\/6709","targetHints":{"allow":["GET"]}}],"collection":[{"href":"https:\/\/bbconsultoria.net\/site\/wp-json\/wp\/v2\/posts"}],"about":[{"href":"https:\/\/bbconsultoria.net\/site\/wp-json\/wp\/v2\/types\/post"}],"author":[{"embeddable":true,"href":"https:\/\/bbconsultoria.net\/site\/wp-json\/wp\/v2\/users\/4"}],"replies":[{"embeddable":true,"href":"https:\/\/bbconsultoria.net\/site\/wp-json\/wp\/v2\/comments?post=6709"}],"version-history":[{"count":3,"href":"https:\/\/bbconsultoria.net\/site\/wp-json\/wp\/v2\/posts\/6709\/revisions"}],"predecessor-version":[{"id":6715,"href":"https:\/\/bbconsultoria.net\/site\/wp-json\/wp\/v2\/posts\/6709\/revisions\/6715"}],"wp:attachment":[{"href":"https:\/\/bbconsultoria.net\/site\/wp-json\/wp\/v2\/media?parent=6709"}],"wp:term":[{"taxonomy":"category","embeddable":true,"href":"https:\/\/bbconsultoria.net\/site\/wp-json\/wp\/v2\/categories?post=6709"},{"taxonomy":"post_tag","embeddable":true,"href":"https:\/\/bbconsultoria.net\/site\/wp-json\/wp\/v2\/tags?post=6709"}],"curies":[{"name":"wp","href":"https:\/\/api.w.org\/{rel}","templated":true}]}}