{"id":6706,"date":"2019-03-12T10:33:29","date_gmt":"2019-03-12T13:33:29","guid":{"rendered":"http:\/\/bbconsultoria.net\/site\/?p=6706"},"modified":"2019-03-12T10:33:29","modified_gmt":"2019-03-12T13:33:29","slug":"analise-do-assunto-da-semana-instalacao-da-ccj","status":"publish","type":"post","link":"https:\/\/bbconsultoria.net\/site\/analise-do-assunto-da-semana-instalacao-da-ccj\/","title":{"rendered":"An\u00e1lise do assunto da semana: Instala\u00e7\u00e3o da CCJ"},"content":{"rendered":"<p><img loading=\"lazy\" decoding=\"async\" class=\"wp-image-6707 aligncenter\" src=\"http:\/\/bbconsultoria.net\/site\/wp-content\/uploads\/2019\/03\/image.png\" alt=\"\" width=\"449\" height=\"299\" srcset=\"https:\/\/bbconsultoria.net\/site\/wp-content\/uploads\/2019\/03\/image.png 940w, https:\/\/bbconsultoria.net\/site\/wp-content\/uploads\/2019\/03\/image-300x200.png 300w, https:\/\/bbconsultoria.net\/site\/wp-content\/uploads\/2019\/03\/image-768x512.png 768w\" sizes=\"auto, (max-width: 449px) 100vw, 449px\" \/><\/p>\n<p>Ap\u00f3s o recesso de carnaval, os deputados retomam os trabalhos com a expectativa de instala\u00e7\u00e3o da Comiss\u00e3o de Constitui\u00e7\u00e3o e Justi\u00e7a e de Cidadania (CCJ)<\/p>\n<p>Vamos ter uma finaliza\u00e7\u00e3o bastante interessante depois da instala\u00e7\u00e3o da Comiss\u00e3o de Constitui\u00e7\u00e3o e Justi\u00e7a (CCJ) da C\u00e2mara, que deve ser feita hoje, e na escolha relator, para avaliar a constitucionalidade da PEC da Previd\u00eancia.<\/p>\n<p>O futuro presidente da CCJ, o deputado Felipe Francischini (PSL-PR), j\u00e1 disse que vai trabalhar com &#8220;celeridade&#8221; para, uma vez confirmado presidente da CCJ, indicar at\u00e9 o fim da semana o relator da reforma.<\/p>\n<p>A CCJ \u00e9 a primeira etapa da tramita\u00e7\u00e3o da reforma. Caber\u00e1 \u00e0 comiss\u00e3o analisar se a proposta do governo Bolsonaro est\u00e1 de acordo com a Constitui\u00e7\u00e3o.<\/p>\n<p>Vai nos dar a sinaliza\u00e7\u00e3o do bom humor da C\u00e2mara para a r\u00e1pida tramita\u00e7\u00e3o ou n\u00e3o da reforma da Previd\u00eancia que, sem d\u00favida nenhuma, \u00e9 o projeto mais importante do governo como um todo.<\/p>\n<p>A aprova\u00e7\u00e3o da Reforma vai significar um aumento da confian\u00e7a, principalmente, dos investidores, al\u00e9m de um crescimento sustent\u00e1vel para os pr\u00f3ximos quatro anos. E, consequentemente, a popularidade do presidente vai se manter alta, com a redu\u00e7\u00e3o do desemprego, aumento do poder de compra da popula\u00e7\u00e3o, que \u00e9 isso que interessa \u00e0s pessoas.<\/p>\n<p>O resto \u00e9 bobagem. Xingou jornalista, n\u00e3o xingou, falou no twitter&#8230; O mundo real n\u00e3o est\u00e1 nem a\u00ed pra isso.<\/p>\n","protected":false},"excerpt":{"rendered":"<p>Ap\u00f3s o recesso de carnaval, os deputados retomam os trabalhos com a expectativa de instala\u00e7\u00e3o da Comiss\u00e3o de Constitui\u00e7\u00e3o e Justi\u00e7a e de Cidadania (CCJ) Vamos ter uma finaliza\u00e7\u00e3o bastante interessante depois da instala\u00e7\u00e3o da Comiss\u00e3o de Constitui\u00e7\u00e3o e Justi\u00e7a (CCJ) da C\u00e2mara, que deve ser feita hoje, e na escolha relator, para avaliar a&#8230; <\/p>\n<div class=\"clear\"><\/div>\n<p><a href=\"https:\/\/bbconsultoria.net\/site\/analise-do-assunto-da-semana-instalacao-da-ccj\/\" class=\"excerpt-read-more\">Read More<\/a><\/p>\n","protected":false},"author":1,"featured_media":0,"comment_status":"closed","ping_status":"closed","sticky":false,"template":"","format":"standard","meta":{"footnotes":""},"categories":[82],"tags":[],"class_list":["post-6706","post","type-post","status-publish","format-standard","hentry","category-noticias"],"_links":{"self":[{"href":"https:\/\/bbconsultoria.net\/site\/wp-json\/wp\/v2\/posts\/6706","targetHints":{"allow":["GET"]}}],"collection":[{"href":"https:\/\/bbconsultoria.net\/site\/wp-json\/wp\/v2\/posts"}],"about":[{"href":"https:\/\/bbconsultoria.net\/site\/wp-json\/wp\/v2\/types\/post"}],"author":[{"embeddable":true,"href":"https:\/\/bbconsultoria.net\/site\/wp-json\/wp\/v2\/users\/1"}],"replies":[{"embeddable":true,"href":"https:\/\/bbconsultoria.net\/site\/wp-json\/wp\/v2\/comments?post=6706"}],"version-history":[{"count":1,"href":"https:\/\/bbconsultoria.net\/site\/wp-json\/wp\/v2\/posts\/6706\/revisions"}],"predecessor-version":[{"id":6708,"href":"https:\/\/bbconsultoria.net\/site\/wp-json\/wp\/v2\/posts\/6706\/revisions\/6708"}],"wp:attachment":[{"href":"https:\/\/bbconsultoria.net\/site\/wp-json\/wp\/v2\/media?parent=6706"}],"wp:term":[{"taxonomy":"category","embeddable":true,"href":"https:\/\/bbconsultoria.net\/site\/wp-json\/wp\/v2\/categories?post=6706"},{"taxonomy":"post_tag","embeddable":true,"href":"https:\/\/bbconsultoria.net\/site\/wp-json\/wp\/v2\/tags?post=6706"}],"curies":[{"name":"wp","href":"https:\/\/api.w.org\/{rel}","templated":true}]}}