{"id":6699,"date":"2019-03-08T11:43:06","date_gmt":"2019-03-08T14:43:06","guid":{"rendered":"http:\/\/bbconsultoria.net\/site\/?p=6699"},"modified":"2019-03-08T11:43:06","modified_gmt":"2019-03-08T14:43:06","slug":"sombra-no-ministerio","status":"publish","type":"post","link":"https:\/\/bbconsultoria.net\/site\/sombra-no-ministerio\/","title":{"rendered":"Sombra no minist\u00e9rio"},"content":{"rendered":"<div>Estad\u00e3o<\/div>\n<div><\/div>\n<div><span style=\"font-size: large;\">Titular do Turismo continua a dever explica\u00e7\u00f5es sobre candidaturas de fachada do PSL; suspeitas se refor\u00e7am com entrevista de candidata a este jornal<\/span><\/div>\n<div><span style=\"font-size: large;\">\u00a0<\/span><\/div>\n<div><span style=\"font-size: large;\">Se o titular da pasta do Turismo, Marcelo \u00c1lvaro Ant\u00f4nio, aposta que ser\u00e3o esquecidas as evid\u00eancias de seu envolvimento com candidaturas de fachada em Minas Gerais, a estrat\u00e9gia se mostra ingl\u00f3ria. Desde o in\u00edcio de fevereiro, quando esta Folha revelou o caso, a situa\u00e7\u00e3o do ministro s\u00f3 faz piorar.<\/span><\/div>\n<div><span style=\"font-size: large;\">\u00a0<\/span><\/div>\n<div><span style=\"font-size: large;\">Nos pr\u00f3ximos dias, a Pol\u00edcia Federal dever\u00e1 ouvir Zuleide Oliveira, candidata do PSL que o acusa de t\u00ea-la convidado para participar, nas \u00faltimas elei\u00e7\u00f5es, de esquema de desvio de dinheiro p\u00fablico reservado ao partido \u2014o mesmo do presidente Jair Bolsonaro.<\/span><\/div>\n<div><span style=\"font-size: large;\">\u00a0<\/span><\/div>\n<div><span style=\"font-size: large;\">Nesta quinta (7), Adriana Borges, que disputou uma cadeira na C\u00e2mara, disse ao Minist\u00e9rio P\u00fablico Eleitoral que um assessor do ministro lhe prop\u00f4s a devolu\u00e7\u00e3o de R$ 90 mil em verba de campanha.<\/span><\/div>\n<div><span style=\"font-size: large;\">\u00a0<\/span><\/div>\n<div><span style=\"font-size: large;\">O ministro do Turismo, Marcelo \u00c1lvaro Antonio, investigado no caso dos &#8220;laranjas do PSL&#8221;, durante entrevista ao SBT<\/span><\/div>\n<div><span style=\"font-size: large;\">O ministro do Turismo, Marcelo \u00c1lvaro Antonio, investigado no caso dos &#8220;laranjas do PSL&#8221;, durante entrevista ao SBT &#8211; Reprodu\u00e7\u00e3o<\/span><\/div>\n<div><span style=\"font-size: large;\">At\u00e9 ent\u00e3o, sabia-se que \u00c1lvaro Ant\u00f4nio, presidente do PSL mineiro e deputado federal mais votado em seu estado, havia obtido da c\u00fapula nacional da sigla um repasse de R$ 279 mil para quatro candidatas sem nenhuma express\u00e3o perante o eleitorado. Juntas, elas amealharam pouco mais de 2.000 votos.<\/span><\/div>\n<div><span style=\"font-size: large;\">\u00a0<\/span><\/div>\n<div><span style=\"font-size: large;\">A discrep\u00e2ncia entre as cifras, por si s\u00f3, j\u00e1 d\u00e1 margem a suspeitas de atividade fraudulenta. Elas se fortalecem com a comprova\u00e7\u00e3o de que ao menos R$ 85 mil do total de recursos foram encaminhados oficialmente para a conta de quatro empresas ligadas a assessores ou parentes do atual ministro.\u00a0<\/span><\/div>\n<div><span style=\"font-size: large;\">\u00a0<\/span><\/div>\n<div><span style=\"font-size: large;\">Ap\u00f3s tentativas do governo de tratar o epis\u00f3dio com evasivas, nova reportagem mostrou que o PSL tamb\u00e9m forjou uma candidatura feminina em Pernambuco, base do atual presidente do partido, Luciano Bivar. A laranja, desta feita, foi contemplada com R$ 400 mil em recursos or\u00e7ament\u00e1rios.\u00a0<\/span><\/div>\n<div><span style=\"font-size: large;\">\u00a0<\/span><\/div>\n<div><span style=\"font-size: large;\">Na \u00e9poca, a sigla era comandada por Gustavo Bebianno, que no governo chegou \u00e0 Secretaria-Geral da Presid\u00eancia. Os fatos expostos aprofundaram a crise latente no Planalto e levaram a uma conturbada exonera\u00e7\u00e3o do ministro.\u00a0<\/span><\/div>\n<div><span style=\"font-size: large;\">\u00a0<\/span><\/div>\n<div><span style=\"font-size: large;\">Zuleide Oliveira, inscrita para a disputa a deputada estadual, j\u00e1 havia apresentado uma den\u00fancia ao Tribunal Regional Eleitoral de Minas, mas sem consequ\u00eancia.<\/span><\/div>\n<div><span style=\"font-size: large;\">\u00a0<\/span><\/div>\n<div><span style=\"font-size: large;\">Em entrevista a este jornal, declarou ter participado de um encontro com \u00c1lvaro Ant\u00f4nio no escrit\u00f3rio dele, em Belo Horizonte, no dia 11 de setembro, acompanhada pelo marido e por um amigo. \u201cA minha candidatura foi usada para fazer parte de uma lavagem de dinheiro do partido\u201d, afirmou.<\/span><\/div>\n<div><span style=\"font-size: large;\">\u00a0<\/span><\/div>\n<div><span style=\"font-size: large;\">Caber\u00e1 aos \u00f3rg\u00e3os competentes apurar o ocorrido. S\u00e3o contundentes os ind\u00edcios de que a obrigatoriedade legal de candidaturas femininas foi objeto de burla nas elei\u00e7\u00f5es \u2014e n\u00e3o apenas, conv\u00e9m ressaltar, por parte do PSL.\u00a0<\/span><\/div>\n<div><span style=\"font-size: large;\">\u00a0<\/span><\/div>\n<div><span style=\"font-size: large;\">A defesa do titular do Turismo recorreu nesta quarta (6) de decis\u00e3o do ministro Luiz Fux, do Supremo Tribunal Federal (STF), favor\u00e1vel a manter o caso na primeira inst\u00e2ncia da Justi\u00e7a. Horas depois, noticiou-se a desist\u00eancia do recurso.<\/span><\/div>\n<div><span style=\"font-size: large;\">\u00a0<\/span><\/div>\n<div><span style=\"font-size: large;\">O estratagema de \u00c1lvaro Ant\u00f4nio para pleitear foro especial era insustent\u00e1vel. Mais servia, na realidade, para refor\u00e7ar as suspeitas que pesam sobre seus ombros. Enquanto isso, sua inexplic\u00e1vel perman\u00eancia no cargo contamina um governo que se elegeu com a promessa de sanear a pr\u00e1tica pol\u00edtica.<\/span><\/div>\n","protected":false},"excerpt":{"rendered":"<p>Estad\u00e3o Titular do Turismo continua a dever explica\u00e7\u00f5es sobre candidaturas de fachada do PSL; suspeitas se refor\u00e7am com entrevista de candidata a este jornal \u00a0 Se o titular da pasta do Turismo, Marcelo \u00c1lvaro Ant\u00f4nio, aposta que ser\u00e3o esquecidas as evid\u00eancias de seu envolvimento com candidaturas de fachada em Minas Gerais, a estrat\u00e9gia se mostra&#8230; <\/p>\n<div class=\"clear\"><\/div>\n<p><a href=\"https:\/\/bbconsultoria.net\/site\/sombra-no-ministerio\/\" class=\"excerpt-read-more\">Read More<\/a><\/p>\n","protected":false},"author":4,"featured_media":0,"comment_status":"closed","ping_status":"closed","sticky":false,"template":"","format":"standard","meta":{"footnotes":""},"categories":[82],"tags":[],"class_list":["post-6699","post","type-post","status-publish","format-standard","hentry","category-noticias"],"_links":{"self":[{"href":"https:\/\/bbconsultoria.net\/site\/wp-json\/wp\/v2\/posts\/6699","targetHints":{"allow":["GET"]}}],"collection":[{"href":"https:\/\/bbconsultoria.net\/site\/wp-json\/wp\/v2\/posts"}],"about":[{"href":"https:\/\/bbconsultoria.net\/site\/wp-json\/wp\/v2\/types\/post"}],"author":[{"embeddable":true,"href":"https:\/\/bbconsultoria.net\/site\/wp-json\/wp\/v2\/users\/4"}],"replies":[{"embeddable":true,"href":"https:\/\/bbconsultoria.net\/site\/wp-json\/wp\/v2\/comments?post=6699"}],"version-history":[{"count":1,"href":"https:\/\/bbconsultoria.net\/site\/wp-json\/wp\/v2\/posts\/6699\/revisions"}],"predecessor-version":[{"id":6700,"href":"https:\/\/bbconsultoria.net\/site\/wp-json\/wp\/v2\/posts\/6699\/revisions\/6700"}],"wp:attachment":[{"href":"https:\/\/bbconsultoria.net\/site\/wp-json\/wp\/v2\/media?parent=6699"}],"wp:term":[{"taxonomy":"category","embeddable":true,"href":"https:\/\/bbconsultoria.net\/site\/wp-json\/wp\/v2\/categories?post=6699"},{"taxonomy":"post_tag","embeddable":true,"href":"https:\/\/bbconsultoria.net\/site\/wp-json\/wp\/v2\/tags?post=6699"}],"curies":[{"name":"wp","href":"https:\/\/api.w.org\/{rel}","templated":true}]}}