{"id":6697,"date":"2019-03-08T11:41:47","date_gmt":"2019-03-08T14:41:47","guid":{"rendered":"http:\/\/bbconsultoria.net\/site\/?p=6697"},"modified":"2019-03-08T11:41:47","modified_gmt":"2019-03-08T14:41:47","slug":"preocupado-governo-tenta-evitar-esvaziamento-das-falas-de-bolsonaro-apos-improvisos","status":"publish","type":"post","link":"https:\/\/bbconsultoria.net\/site\/preocupado-governo-tenta-evitar-esvaziamento-das-falas-de-bolsonaro-apos-improvisos\/","title":{"rendered":"Preocupado, governo tenta evitar &#8216;esvaziamento&#8217; das falas de Bolsonaro ap\u00f3s improvisos"},"content":{"rendered":"<div><\/div>\n<div>Blog do Gerson Camarotti<\/div>\n<div><\/div>\n<div>H\u00e1 uma preocupa\u00e7\u00e3o cada vez maior, entre integrantes do governo e aliados, com as declara\u00e7\u00f5es, mensagens nas redes sociais e discursos ou entrevistas de improviso feitos pelo presidente Jair Bolsonaro.<\/div>\n<div><\/div>\n<div>H\u00e1 o consenso de que isso enfraquece, cada vez mais, a fala presidencial, pois muitas vezes o pr\u00f3prio Bolsonaro precisa ser reinterpretado por auxiliares ou at\u00e9 mesmo pelo vice-presidente Hamilton Mour\u00e3o para minimizar declara\u00e7\u00f5es pol\u00eamicas.<\/div>\n<div><\/div>\n<div>&#8220;\u00c9 preciso evitar o esvaziamento da fala presidencial. Quando o chefe do Executivo fala, tem que ter a mensagem principal do governo. N\u00e3o deve ter a necessidade de explica\u00e7\u00f5es ou corre\u00e7\u00f5es&#8221;, disse ao blog um auxiliar pr\u00f3ximo do presidente.<\/div>\n<div><\/div>\n<div>Foi o que aconteceu nesta quinta-feira, quando o vice-presidente Hamilton Mour\u00e3o afirmou que o presidente Jair Bolsonaro foi &#8220;mal interpretado&#8221; ao declarar que democracia e liberdade s\u00f3 existem quando as For\u00e7as Armadas querem.<\/div>\n<div><\/div>\n<div>A avalia\u00e7\u00e3o interna \u00e9 que, al\u00e9m do esvaziamento da fala presidencial, esse tipo de pol\u00eamica acaba desviando o foco do principal objetivo do governo neste momento: a aprova\u00e7\u00e3o da reforma da Previd\u00eancia.<\/div>\n<div><\/div>\n<div>Com dificuldade em consolidar a pr\u00f3pria base aliada no Congresso Nacional, integrantes do governo reconhecem que \u00e9 preciso evitar pol\u00eamicas e falas que possam dividir ainda mais poss\u00edveis aliados no Legislativo.<\/div>\n<div><\/div>\n<div>Nesta quinta, a transmiss\u00e3o ao vivo do presidente em uma rede social estava toda projetada para defender a reforma da Previd\u00eancia.<\/div>\n<div><\/div>\n<div>Depois da pol\u00eamica em torno do discurso de improviso, o consenso foi o de que o tema principal foi ofuscado pela fala anterior.<\/div>\n","protected":false},"excerpt":{"rendered":"<p>Blog do Gerson Camarotti H\u00e1 uma preocupa\u00e7\u00e3o cada vez maior, entre integrantes do governo e aliados, com as declara\u00e7\u00f5es, mensagens nas redes sociais e discursos ou entrevistas de improviso feitos pelo presidente Jair Bolsonaro. H\u00e1 o consenso de que isso enfraquece, cada vez mais, a fala presidencial, pois muitas vezes o pr\u00f3prio Bolsonaro precisa ser&#8230; <\/p>\n<div class=\"clear\"><\/div>\n<p><a href=\"https:\/\/bbconsultoria.net\/site\/preocupado-governo-tenta-evitar-esvaziamento-das-falas-de-bolsonaro-apos-improvisos\/\" class=\"excerpt-read-more\">Read More<\/a><\/p>\n","protected":false},"author":4,"featured_media":0,"comment_status":"closed","ping_status":"closed","sticky":false,"template":"","format":"standard","meta":{"footnotes":""},"categories":[82],"tags":[],"class_list":["post-6697","post","type-post","status-publish","format-standard","hentry","category-noticias"],"_links":{"self":[{"href":"https:\/\/bbconsultoria.net\/site\/wp-json\/wp\/v2\/posts\/6697","targetHints":{"allow":["GET"]}}],"collection":[{"href":"https:\/\/bbconsultoria.net\/site\/wp-json\/wp\/v2\/posts"}],"about":[{"href":"https:\/\/bbconsultoria.net\/site\/wp-json\/wp\/v2\/types\/post"}],"author":[{"embeddable":true,"href":"https:\/\/bbconsultoria.net\/site\/wp-json\/wp\/v2\/users\/4"}],"replies":[{"embeddable":true,"href":"https:\/\/bbconsultoria.net\/site\/wp-json\/wp\/v2\/comments?post=6697"}],"version-history":[{"count":1,"href":"https:\/\/bbconsultoria.net\/site\/wp-json\/wp\/v2\/posts\/6697\/revisions"}],"predecessor-version":[{"id":6698,"href":"https:\/\/bbconsultoria.net\/site\/wp-json\/wp\/v2\/posts\/6697\/revisions\/6698"}],"wp:attachment":[{"href":"https:\/\/bbconsultoria.net\/site\/wp-json\/wp\/v2\/media?parent=6697"}],"wp:term":[{"taxonomy":"category","embeddable":true,"href":"https:\/\/bbconsultoria.net\/site\/wp-json\/wp\/v2\/categories?post=6697"},{"taxonomy":"post_tag","embeddable":true,"href":"https:\/\/bbconsultoria.net\/site\/wp-json\/wp\/v2\/tags?post=6697"}],"curies":[{"name":"wp","href":"https:\/\/api.w.org\/{rel}","templated":true}]}}