{"id":6694,"date":"2019-03-07T09:24:57","date_gmt":"2019-03-07T12:24:57","guid":{"rendered":"http:\/\/bbconsultoria.net\/site\/?p=6694"},"modified":"2019-03-08T09:26:23","modified_gmt":"2019-03-08T12:26:23","slug":"mercado-diminui-para-23-projecao-do-pib-de-2019-diz-focus","status":"publish","type":"post","link":"https:\/\/bbconsultoria.net\/site\/mercado-diminui-para-23-projecao-do-pib-de-2019-diz-focus\/","title":{"rendered":"Mercado diminui para 2,3% proje\u00e7\u00e3o do PIB de 2019, diz Focus"},"content":{"rendered":"<div class=\"gmail_quote\">\n<div dir=\"ltr\">\n<div><\/div>\n<div><span style=\"font-size: large;\">Correio Braziliense\u00a0<\/span><\/div>\n<div><span style=\"font-size: large;\">\u00a0<\/span><\/div>\n<div><span style=\"font-size: large;\">Segundo os analistas, as perspectivas da atividade econ\u00f4mica pioraram nos \u00faltimos dias. Isso porque h\u00e1 sinais de atraso da reforma da Previd\u00eancia<\/span><\/div>\n<div><span style=\"font-size: large;\">\u00a0<\/span><\/div>\n<div><span style=\"font-size: large;\">Os economistas consultados pelo Banco Central (BC) estimaram que a economia brasileira vai crescer 2,3%. A taxa \u00e9 menor do que o estimado na semana passada, quando o mercado trabalhava com o avan\u00e7o de 2,48% do Produto Interno Bruto (PIB).<\/span><\/div>\n<div><span style=\"font-size: large;\">\u00a0<\/span><\/div>\n<div><span style=\"font-size: large;\">Os dados foram divulgados na tarde desta quarta-feira (6\/3) no Relat\u00f3rio Focus, da autoridade monet\u00e1ria. Segundo os analistas, as perspectivas da atividade econ\u00f4mica pioraram nos \u00faltimos dias. Isso porque h\u00e1 sinais de atraso da reforma da Previd\u00eancia.\u00a0<\/span><\/div>\n<div><span style=\"font-size: large;\">\u00a0<\/span><\/div>\n<div><span style=\"font-size: large;\">A equipe econ\u00f4mica do governo federal tem inten\u00e7\u00e3o de aprovar a Proposta de Emenda \u00e0 Constitui\u00e7\u00e3o (PEC) no primeiro semestre deste ano. Apesar disso, o mercado n\u00e3o acredita que isso ser\u00e1 poss\u00edvel.\u00a0<\/span><\/div>\n<div><span style=\"font-size: large;\">\u00a0<\/span><\/div>\n<div><span style=\"font-size: large;\">Analistas acreditam que a aprova\u00e7\u00e3o poder\u00e1 ocorrer em meados de setembro ou em outubro, o que torna o efeito na economia em 2019 limitado. A\u00a0 Organiza\u00e7\u00e3o para a Coopera\u00e7\u00e3o e Desenvolvimento Econ\u00f4mico (OCDE) divulgou as estimativas para o crescimento econ\u00f4mico mundial e do Brasil.\u00a0<\/span><\/div>\n<div><span style=\"font-size: large;\">\u00a0<\/span><\/div>\n<div><span style=\"font-size: large;\">Segundo as estimativas da entidade, a atividade econ\u00f4mica do pa\u00eds ser\u00e1 pior do que o esperado anteriormente, saindo de 2,1% para 1,9%. Na \u00faltima semana, o Instituto Brasileiro de Geografia e Estat\u00edstica (IBGE) divulgou que o Brasil cresceu 1,1% em 2018.\u00a0<\/span><\/div>\n<div><span style=\"font-size: large;\">\u00a0<\/span><\/div>\n<div><span style=\"font-size: large;\">O Focus tamb\u00e9m revela que os economistas mantiveram as proje\u00e7\u00f5es para a infla\u00e7\u00e3o e juros em 3,85% e 6,5% ao ano, respectivamente. Para 2019, a expectativa \u00e9 de um PIB de 2,7%, infla\u00e7\u00e3o de 4% e juros de 8%.\u00a0<\/span><\/div>\n<\/div>\n<\/div>\n","protected":false},"excerpt":{"rendered":"<p>Correio Braziliense\u00a0 \u00a0 Segundo os analistas, as perspectivas da atividade econ\u00f4mica pioraram nos \u00faltimos dias. Isso porque h\u00e1 sinais de atraso da reforma da Previd\u00eancia \u00a0 Os economistas consultados pelo Banco Central (BC) estimaram que a economia brasileira vai crescer 2,3%. A taxa \u00e9 menor do que o estimado na semana passada, quando o mercado&#8230; <\/p>\n<div class=\"clear\"><\/div>\n<p><a href=\"https:\/\/bbconsultoria.net\/site\/mercado-diminui-para-23-projecao-do-pib-de-2019-diz-focus\/\" class=\"excerpt-read-more\">Read More<\/a><\/p>\n","protected":false},"author":4,"featured_media":0,"comment_status":"closed","ping_status":"closed","sticky":false,"template":"","format":"standard","meta":{"footnotes":""},"categories":[82],"tags":[],"class_list":["post-6694","post","type-post","status-publish","format-standard","hentry","category-noticias"],"_links":{"self":[{"href":"https:\/\/bbconsultoria.net\/site\/wp-json\/wp\/v2\/posts\/6694","targetHints":{"allow":["GET"]}}],"collection":[{"href":"https:\/\/bbconsultoria.net\/site\/wp-json\/wp\/v2\/posts"}],"about":[{"href":"https:\/\/bbconsultoria.net\/site\/wp-json\/wp\/v2\/types\/post"}],"author":[{"embeddable":true,"href":"https:\/\/bbconsultoria.net\/site\/wp-json\/wp\/v2\/users\/4"}],"replies":[{"embeddable":true,"href":"https:\/\/bbconsultoria.net\/site\/wp-json\/wp\/v2\/comments?post=6694"}],"version-history":[{"count":1,"href":"https:\/\/bbconsultoria.net\/site\/wp-json\/wp\/v2\/posts\/6694\/revisions"}],"predecessor-version":[{"id":6695,"href":"https:\/\/bbconsultoria.net\/site\/wp-json\/wp\/v2\/posts\/6694\/revisions\/6695"}],"wp:attachment":[{"href":"https:\/\/bbconsultoria.net\/site\/wp-json\/wp\/v2\/media?parent=6694"}],"wp:term":[{"taxonomy":"category","embeddable":true,"href":"https:\/\/bbconsultoria.net\/site\/wp-json\/wp\/v2\/categories?post=6694"},{"taxonomy":"post_tag","embeddable":true,"href":"https:\/\/bbconsultoria.net\/site\/wp-json\/wp\/v2\/tags?post=6694"}],"curies":[{"name":"wp","href":"https:\/\/api.w.org\/{rel}","templated":true}]}}