{"id":6688,"date":"2019-03-01T09:00:19","date_gmt":"2019-03-01T12:00:19","guid":{"rendered":"http:\/\/bbconsultoria.net\/site\/?p=6688"},"modified":"2019-03-07T10:58:04","modified_gmt":"2019-03-07T13:58:04","slug":"com-reformas-brasil-entra-em-ciclo-de-crescimento-sustentavel-diz-mendonca-de-barros","status":"publish","type":"post","link":"https:\/\/bbconsultoria.net\/site\/com-reformas-brasil-entra-em-ciclo-de-crescimento-sustentavel-diz-mendonca-de-barros\/","title":{"rendered":"Com reformas, Brasil entra em ciclo de crescimento sustent\u00e1vel\u2019, diz Mendon\u00e7a de Barros"},"content":{"rendered":"<h3><\/h3>\n<h3><img loading=\"lazy\" decoding=\"async\" class=\"wp-image-6689 aligncenter\" src=\"http:\/\/bbconsultoria.net\/site\/wp-content\/uploads\/2019\/03\/20190301080854510622a.jpg\" alt=\"\" width=\"588\" height=\"320\" srcset=\"https:\/\/bbconsultoria.net\/site\/wp-content\/uploads\/2019\/03\/20190301080854510622a.jpg 1140w, https:\/\/bbconsultoria.net\/site\/wp-content\/uploads\/2019\/03\/20190301080854510622a-300x163.jpg 300w, https:\/\/bbconsultoria.net\/site\/wp-content\/uploads\/2019\/03\/20190301080854510622a-768x418.jpg 768w, https:\/\/bbconsultoria.net\/site\/wp-content\/uploads\/2019\/03\/20190301080854510622a-1024x557.jpg 1024w\" sizes=\"auto, (max-width: 588px) 100vw, 588px\" \/><\/h3>\n<h3>Para economista, PIB de 2018 \u00e9 decepcionante, mas aprovar mudan\u00e7as na Previd\u00eancia ajudar\u00e1 a destravar investimentos<\/h3>\n<p>A aprova\u00e7\u00e3o de reformas estruturais, como a da Previd\u00eancia, e o avan\u00e7o nas concess\u00f5es de infraestrutura devem definir se o Brasil vai entrar em um ciclo de crescimento sustent\u00e1vel a partir de 2020 ou voltar para a recess\u00e3o, avalia Jos\u00e9 Roberto Mendon\u00e7a de Barros, ex-secret\u00e1rio de Pol\u00edtica Econ\u00f4mica do Minist\u00e9rio da Fazenda.<\/p>\n<p>Para o economista da MB Associados, o crescimento de 1,1% da economia em 2018 foi desanimador, sobretudo se comparado \u00e0s experi\u00eancias anteriores em que o Pa\u00eds se recuperou de crises. Para 2019, ele espera crescimento de 2,2%. A seguir, trechos da entrevista.<\/p>\n<p><strong>Como avaliar o crescimento de 1,1% em 2018? O segundo ano ap\u00f3s a crise n\u00e3o deveria ter sido de crescimento mais robusto?<\/strong><\/p>\n<p>\u00c9 desanimador. No come\u00e7o do ano passado, todo mundo esperava algo entre 2,5% e 3% de crescimento. O Pa\u00eds saiu de uma recess\u00e3o t\u00e3o profunda e a experi\u00eancia de crises anteriores era de sa\u00eddas vigorosas, mas tivemos uma sucess\u00e3o de decep\u00e7\u00f5es. Ainda no primeiro trimestre, a demanda estava mais fraca e demorou para recuperar. Al\u00e9m disso, a greve dos caminhoneiros, em maio, e o enfraquecimento pol\u00edtico do governo Michel Temer, que acabou n\u00e3o permitindo colocar em vota\u00e7\u00e3o a reforma da Previd\u00eancia, postergaram um maior f\u00f4lego na recupera\u00e7\u00e3o.<\/p>\n<p><strong>Havia uma onda de otimismo em rela\u00e7\u00e3o a 2018. A dimens\u00e3o da crise foi subestimada?<\/strong><\/p>\n<p>Sim. Um terceiro fator, que s\u00f3 o tempo foi capaz de mostrar, \u00e9 que o colapso dos Estados era maior do que se imaginava. Muitos deles passaram a n\u00e3o pagar sal\u00e1rios e fornecedores corretamente, o que significa corte de demanda e menos dinheiro em circula\u00e7\u00e3o para consumo e pagamento de d\u00edvidas.<\/p>\n<p><strong>A ind\u00fastria teve a primeira alta, de 0,6%, ap\u00f3s quatro anos de queda. Mas ainda n\u00e3o \u00e9 pouco?<\/strong><\/p>\n<p>Sim. A ind\u00fastria foi atingida fortemente no segundo semestre, com o colapso da Argentina. O \u00fanico choque positivo foi com o resultado das elei\u00e7\u00f5es, que criou expectativas de continuidade de uma pol\u00edtica econ\u00f4mica que n\u00e3o aumentasse despesas. 2018 n\u00e3o foi um ano perdido, se completou de vez a sa\u00edda da recess\u00e3o, mas ainda n\u00e3o pegou tra\u00e7\u00e3o, porque n\u00e3o tem investimento.<\/p>\n<p><strong>Mesmo com o avan\u00e7o do consumo das fam\u00edlias em 2018, a situa\u00e7\u00e3o das fam\u00edlias ainda \u00e9 dif\u00edcil?<\/strong><\/p>\n<p>O cen\u00e1rio ainda \u00e9 muito dif\u00edcil quando se olha para a vida real. O consumidor ainda est\u00e1 muito temeroso, mesmo quem conseguiu manter o emprego est\u00e1 cauteloso e h\u00e1 um ex\u00e9rcito de pessoas, que ficaram desempregadas, e aceitaram uma outra vaga em que ganhavam menos do que antes. A autoestima do consumidor fica pior, o desejo de comprar e fazer novas d\u00edvidas desaparece. Do lado das empresas, tamb\u00e9m tem um monte apenas em \u2018modo sobreviv\u00eancia\u2019. Elas enxugaram quadros, diminu\u00edram turnos, pararam de investir e come\u00e7aram a atrasar impostos.<\/p>\n<p><strong>Passadas as incertezas das elei\u00e7\u00f5es, 2019 deve ser um ano melhor para a economia?<\/strong><\/p>\n<p>Acredito que sim. Imagino um crescimento de 2,2% para este ano, o que ainda \u00e9 pouco para o terceiro ano de recupera\u00e7\u00e3o ap\u00f3s uma crise, mas acima do resultado de 2018. Agora, se o governo conseguir aprovar a reforma da Previd\u00eancia e fizer concess\u00f5es de infraestrutura, o jogo vira. O Brasil pode entrar em um crescimento sustent\u00e1vel, na faixa dos 3%.<\/p>\n<p><strong>E caso a reforma da Previd\u00eancia n\u00e3o seja aprovada?<\/strong><\/p>\n<p>O Brasil volta para a recess\u00e3o, o esbo\u00e7o de recupera\u00e7\u00e3o vai embora e haver\u00e1 um des\u00e2nimo enorme. O dado de ontem mostra que o PIB per capita, que mede o padr\u00e3o de vida, recuou ao patamar de oito anos atr\u00e1s. Nunca tivemos nada parecido com isso. Com a reforma da Previd\u00eancia, a parte fiscal come\u00e7a a caminhar, a taxa de forma\u00e7\u00e3o bruta de capital aumenta e a arrecada\u00e7\u00e3o real cresce mais rapidamente. Por enquanto, a expectativa \u00e9 boa, mas que pode se frustrar.<\/p>\n<p><strong>Fonte:<\/strong> Estad\u00e3o &#8211; 01\/03\/2019<\/p>\n","protected":false},"excerpt":{"rendered":"<p>Para economista, PIB de 2018 \u00e9 decepcionante, mas aprovar mudan\u00e7as na Previd\u00eancia ajudar\u00e1 a destravar investimentos A aprova\u00e7\u00e3o de reformas estruturais, como a da Previd\u00eancia, e o avan\u00e7o nas concess\u00f5es de infraestrutura devem definir se o Brasil vai entrar em um ciclo de crescimento sustent\u00e1vel a partir de 2020 ou voltar para a recess\u00e3o, avalia&#8230; <\/p>\n<div class=\"clear\"><\/div>\n<p><a href=\"https:\/\/bbconsultoria.net\/site\/com-reformas-brasil-entra-em-ciclo-de-crescimento-sustentavel-diz-mendonca-de-barros\/\" class=\"excerpt-read-more\">Read More<\/a><\/p>\n","protected":false},"author":1,"featured_media":0,"comment_status":"closed","ping_status":"closed","sticky":false,"template":"","format":"standard","meta":{"footnotes":""},"categories":[82],"tags":[],"class_list":["post-6688","post","type-post","status-publish","format-standard","hentry","category-noticias"],"_links":{"self":[{"href":"https:\/\/bbconsultoria.net\/site\/wp-json\/wp\/v2\/posts\/6688","targetHints":{"allow":["GET"]}}],"collection":[{"href":"https:\/\/bbconsultoria.net\/site\/wp-json\/wp\/v2\/posts"}],"about":[{"href":"https:\/\/bbconsultoria.net\/site\/wp-json\/wp\/v2\/types\/post"}],"author":[{"embeddable":true,"href":"https:\/\/bbconsultoria.net\/site\/wp-json\/wp\/v2\/users\/1"}],"replies":[{"embeddable":true,"href":"https:\/\/bbconsultoria.net\/site\/wp-json\/wp\/v2\/comments?post=6688"}],"version-history":[{"count":1,"href":"https:\/\/bbconsultoria.net\/site\/wp-json\/wp\/v2\/posts\/6688\/revisions"}],"predecessor-version":[{"id":6691,"href":"https:\/\/bbconsultoria.net\/site\/wp-json\/wp\/v2\/posts\/6688\/revisions\/6691"}],"wp:attachment":[{"href":"https:\/\/bbconsultoria.net\/site\/wp-json\/wp\/v2\/media?parent=6688"}],"wp:term":[{"taxonomy":"category","embeddable":true,"href":"https:\/\/bbconsultoria.net\/site\/wp-json\/wp\/v2\/categories?post=6688"},{"taxonomy":"post_tag","embeddable":true,"href":"https:\/\/bbconsultoria.net\/site\/wp-json\/wp\/v2\/tags?post=6688"}],"curies":[{"name":"wp","href":"https:\/\/api.w.org\/{rel}","templated":true}]}}