{"id":6686,"date":"2019-03-01T11:00:09","date_gmt":"2019-03-01T14:00:09","guid":{"rendered":"http:\/\/bbconsultoria.net\/site\/?p=6686"},"modified":"2019-03-07T11:07:40","modified_gmt":"2019-03-07T14:07:40","slug":"pib-per-capita-nao-vai-crescer-sem-reforma-da-previdencia-alerta-governo","status":"publish","type":"post","link":"https:\/\/bbconsultoria.net\/site\/pib-per-capita-nao-vai-crescer-sem-reforma-da-previdencia-alerta-governo\/","title":{"rendered":"PIB per capita n\u00e3o vai crescer sem reforma da Previd\u00eancia, alerta governo"},"content":{"rendered":"<h3><img loading=\"lazy\" decoding=\"async\" class=\"wp-image-6690 aligncenter\" src=\"http:\/\/bbconsultoria.net\/site\/wp-content\/uploads\/2019\/03\/ay2pi8qcep551cbi7n7678hop.jpg\" alt=\"\" width=\"412\" height=\"258\" srcset=\"https:\/\/bbconsultoria.net\/site\/wp-content\/uploads\/2019\/03\/ay2pi8qcep551cbi7n7678hop.jpg 652w, https:\/\/bbconsultoria.net\/site\/wp-content\/uploads\/2019\/03\/ay2pi8qcep551cbi7n7678hop-300x188.jpg 300w\" sizes=\"auto, (max-width: 412px) 100vw, 412px\" \/><\/h3>\n<h3>Segundo estudo divulgado pelo Minist\u00e9rio da Economia, as mudan\u00e7as nas aposentadorias s\u00e3o &#8220;condi\u00e7\u00e3o necess\u00e1ria para o equil\u00edbrio fiscal&#8221; do Pa\u00eds<\/h3>\n<h4>Com a reforma da Previd\u00eancia, segundo o governo, o PIB per capita do Pa\u00eds saltaria para R$ 36,6 mil em cinco anos<\/h4>\n<p>Ap\u00f3s a divulga\u00e7\u00e3o do desempenho da economia brasileira em 2018 , o Minist\u00e9rio da Economia publicou um estudo em que alerta que o PIB (Produto Interno Bruto) per capita \u2013 isto \u00e9, a soma de todas as riquezas produzidas no Pa\u00eds dividida pelo n\u00famero de habitantes \u2013 entrar\u00e1 em trajet\u00f3ria de queda se a reforma da Previd\u00eancia n\u00e3o for aprovada.<\/p>\n<p>Do PIB registrado em 2018 (R$ 6,8 trilh\u00f5es), coube a cada brasileiro uma por\u00e7\u00e3o m\u00e9dia de R$ 32,7 mil. Segundo c\u00e1lculos do governo, se o Pa\u00eds n\u00e3o fizer os ajustes necess\u00e1rios no sistema de aposentadorias, esse valor cairia ano a ano, chegando a R$ 30,8 mil em 2023. Se a proposta de reforma da Previd\u00eancia for colocada em pr\u00e1tica, por\u00e9m, o PIB per capita saltaria para R$ 36,6 mil em cinco anos.<\/p>\n<p>Os n\u00fameros do PIB mostram que o ritmo de recupera\u00e7\u00e3o da atividade econ\u00f4mica do Brasil ainda est\u00e1 muito lento. Para acelerar o processo, a sa\u00edda seria aprovar a reforma, o que geraria, de acordo com o governo, um impacto imediato. As expectativas quanto \u00e0 d\u00edvida p\u00fablica do Pa\u00eds ficariam mais otimistas, levando a uma redu\u00e7\u00e3o das taxas de juros e consequente crescimento econ\u00f4mico.<\/p>\n<p>\u201cN\u00e3o h\u00e1 d\u00favida de que o Brasil se encontra em uma das piores d\u00e9cadas da sua hist\u00f3ria em termos de crescimento econ\u00f4mico&#8221;, diz o estudo. \u201cPara que o PIB per capita volte a crescer de maneira sustent\u00e1vel, \u00e9 necess\u00e1rio que as reformas estruturais ocorram. A nova Previd\u00eancia \u00e9 condi\u00e7\u00e3o necess\u00e1ria para o equil\u00edbrio fiscal de longo prazo da economia\u201d, completa.<\/p>\n<h4>Possibilidade de recess\u00e3o<\/h4>\n<p>Sem a aprova\u00e7\u00e3o da reforma da Previd\u00eancia, segundo o governo, o crescimento do PIB em 2019 seria inferior a 1%<\/p>\n<p>O Brasil entraria em recess\u00e3o j\u00e1 no segundo semestre de 2020 se a reforma da Previd\u00eancia n\u00e3o for aprovada. O crescimento do PIB em 2019, primeiro ano do governo de Jair Bolsonaro (PSL), seria inferior a 1%, chegando a -1,8% em 2023. O diagn\u00f3stico foi feito pela Secretaria de Pol\u00edtica Econ\u00f4mica (SPE) do Minist\u00e9rio da Economia e divulgado na \u00faltima sexta-feira (22).<\/p>\n<p>O relat\u00f3rio com perspectivas dram\u00e1ticas para o Pa\u00eds foi elaborado para mostrar a import\u00e2ncia da aprova\u00e7\u00e3o do projeto enviado ao Congresso Nacional. Segundo o documento, se nenhuma reforma for feita nos pr\u00f3ximos cinco anos, o crescimento do PIB tende a ser, em m\u00e9dia, 2,9 pontos percentuais menor do que seria em um cen\u00e1rio com mudan\u00e7as no sistema previdenci\u00e1rios. A recess\u00e3o viria logo em 2020.<\/p>\n<p>Em contrapartida, se a reforma da Previd\u00eancia passar pelo Congresso, a expectativa de crescimento para o PIB salta para 2,9% j\u00e1 neste ano. A diferen\u00e7a entre os dois cen\u00e1rios \u00e9 justificada pela iminente deteriora\u00e7\u00e3o das atividades econ\u00f4micas causada pela manuten\u00e7\u00e3o do atual regime previdenci\u00e1rio.<\/p>\n<p>Para a SPE, o descontrole das contas p\u00fablicas \u00e9 o principal respons\u00e1vel pela crise econ\u00f4mica que o Pa\u00eds vem enfrentando, e o aumento dos gastos do governo com benef\u00edcios previdenci\u00e1rios explica esse estrago. Sem reformas estruturais, de acordo com a Secretaria, haver\u00e1 cada vez menos espa\u00e7o no Or\u00e7amento para a manuten\u00e7\u00e3o de despesas essenciais, como educa\u00e7\u00e3o e sa\u00fade, por exemplo, e a d\u00edvida p\u00fablica vai disparar.<\/p>\n<p><strong>Fonte:<\/strong> IG ECONOMIA<\/p>\n","protected":false},"excerpt":{"rendered":"<p>Segundo estudo divulgado pelo Minist\u00e9rio da Economia, as mudan\u00e7as nas aposentadorias s\u00e3o &#8220;condi\u00e7\u00e3o necess\u00e1ria para o equil\u00edbrio fiscal&#8221; do Pa\u00eds Com a reforma da Previd\u00eancia, segundo o governo, o PIB per capita do Pa\u00eds saltaria para R$ 36,6 mil em cinco anos Ap\u00f3s a divulga\u00e7\u00e3o do desempenho da economia brasileira em 2018 , o Minist\u00e9rio&#8230; <\/p>\n<div class=\"clear\"><\/div>\n<p><a href=\"https:\/\/bbconsultoria.net\/site\/pib-per-capita-nao-vai-crescer-sem-reforma-da-previdencia-alerta-governo\/\" class=\"excerpt-read-more\">Read More<\/a><\/p>\n","protected":false},"author":1,"featured_media":0,"comment_status":"closed","ping_status":"closed","sticky":false,"template":"","format":"standard","meta":{"footnotes":""},"categories":[82],"tags":[],"class_list":["post-6686","post","type-post","status-publish","format-standard","hentry","category-noticias"],"_links":{"self":[{"href":"https:\/\/bbconsultoria.net\/site\/wp-json\/wp\/v2\/posts\/6686","targetHints":{"allow":["GET"]}}],"collection":[{"href":"https:\/\/bbconsultoria.net\/site\/wp-json\/wp\/v2\/posts"}],"about":[{"href":"https:\/\/bbconsultoria.net\/site\/wp-json\/wp\/v2\/types\/post"}],"author":[{"embeddable":true,"href":"https:\/\/bbconsultoria.net\/site\/wp-json\/wp\/v2\/users\/1"}],"replies":[{"embeddable":true,"href":"https:\/\/bbconsultoria.net\/site\/wp-json\/wp\/v2\/comments?post=6686"}],"version-history":[{"count":2,"href":"https:\/\/bbconsultoria.net\/site\/wp-json\/wp\/v2\/posts\/6686\/revisions"}],"predecessor-version":[{"id":6692,"href":"https:\/\/bbconsultoria.net\/site\/wp-json\/wp\/v2\/posts\/6686\/revisions\/6692"}],"wp:attachment":[{"href":"https:\/\/bbconsultoria.net\/site\/wp-json\/wp\/v2\/media?parent=6686"}],"wp:term":[{"taxonomy":"category","embeddable":true,"href":"https:\/\/bbconsultoria.net\/site\/wp-json\/wp\/v2\/categories?post=6686"},{"taxonomy":"post_tag","embeddable":true,"href":"https:\/\/bbconsultoria.net\/site\/wp-json\/wp\/v2\/tags?post=6686"}],"curies":[{"name":"wp","href":"https:\/\/api.w.org\/{rel}","templated":true}]}}