{"id":6682,"date":"2019-02-27T12:00:59","date_gmt":"2019-02-27T15:00:59","guid":{"rendered":"http:\/\/bbconsultoria.net\/site\/?p=6682"},"modified":"2019-03-05T16:22:45","modified_gmt":"2019-03-05T19:22:45","slug":"desemprego-chega-a-12-e-atinge-127-milhoes-de-brasileiros","status":"publish","type":"post","link":"https:\/\/bbconsultoria.net\/site\/desemprego-chega-a-12-e-atinge-127-milhoes-de-brasileiros\/","title":{"rendered":"Desemprego chega a 12% e atinge 12,7 milh\u00f5es de brasileiros"},"content":{"rendered":"<h3>Ap\u00f3s duas quedas, a taxa de desocupa\u00e7\u00e3o no Pa\u00eds voltou a subir no trimestre encerrado em janeiro; segundo o IBGE, aumento no per\u00edodo \u00e9 sazonal<\/h3>\n<p>A taxa de desocupa\u00e7\u00e3o no Brasil subiu para 12% no trimestre encerrado em janeiro, de acordo com os dados da Pesquisa Nacional por Amostra de Domic\u00edlios Cont\u00ednua (Pnad Cont\u00ednua) divulgados nesta quarta-feira, 27, pelo Instituto Brasileiro de Geografia e Estat\u00edstica (IBGE). No trimestre at\u00e9 dezembro de 2018, o resultado havia ficado em 11,6%.<\/p>\n<p>O aumento na taxa representou a entrada de 318 mil pessoas na popula\u00e7\u00e3o desocupada, totalizando 12,7 milh\u00f5es de trabalhadores nessa condi\u00e7\u00e3o. A subutiliza\u00e7\u00e3o da for\u00e7a de trabalho ficou em 24,3% no per\u00edodo, somando 27,5 milh\u00f5es de pessoas nesse grupo.<\/p>\n<p>Ainda havia, de acordo com a Pnad, 4,716 milh\u00f5es de pessoas em situa\u00e7\u00e3o de desalento no trimestre encerrado em janeiro. O resultado significa 17 mil desalentados a menos em rela\u00e7\u00e3o ao trimestre encerrado em outubro. Em um ano, por\u00e9m, 296 mil pessoas a mais ca\u00edram no desalento.<\/p>\n<p>A popula\u00e7\u00e3o desalentada \u00e9 definida como aquela que estava fora da for\u00e7a de trabalho por uma das seguintes raz\u00f5es: n\u00e3o conseguia trabalho, ou n\u00e3o tinha experi\u00eancia, ou era muito jovem ou idosa, ou n\u00e3o encontrou trabalho na localidade. Se tivesse conseguido trabalho, estaria dispon\u00edvel para assumir a vaga.<\/p>\n<p>De acordo com o o coordenador de Trabalho e Rendimento do IBGE, Cimar Azeredo, o aumento da desocupa\u00e7\u00e3o em janeiro \u00e9 sazonal. \u201cCom a entrada do m\u00eas de janeiro, houve um aumento da taxa de desocupa\u00e7\u00e3o. \u00c9 algo sazonal, \u00e9 comum a taxa aumentar nessa \u00e9poca do ano por causa da diminui\u00e7\u00e3o da ocupa\u00e7\u00e3o.\u201d<\/p>\n<p>Segundo o t\u00e9cnico, no entanto, nos dois \u00faltimos anos, o crescimento na popula\u00e7\u00e3o desempregada n\u00e3o havia sido t\u00e3o relevante como foi neste in\u00edcio de ano. \u201cAno passado houve estabilidade na popula\u00e7\u00e3o ocupada e na desocupada, enquanto, neste ano, cresceu o n\u00famero de desocupados\u201d, complementa.<\/p>\n<p>O resultado ficou acima da mediana de 11,90% das expectativas dos analistas ouvidos pelo Proje\u00e7\u00f5es Broadcast, cujo intervalo ia de 11,60% a 12,10%. Em igual per\u00edodo de 2018, a taxa de desemprego medida pela Pnad Cont\u00ednua estava em 12,2%.<\/p>\n<p>A renda m\u00e9dia real do trabalhador foi de R$ 2.270 no trimestre encerrado em janeiro. O resultado representa alta de 0,8% em rela\u00e7\u00e3o ao mesmo per\u00edodo do ano anterior. A massa de renda real habitual paga aos ocupados somou R$ 205,027 bilh\u00f5es no trimestre at\u00e9 janeiro, alta de 1,9% ante igual per\u00edodo do ano anterior.<\/p>\n<p><strong>Fonte:<\/strong> Estad\u00e3o<\/p>\n","protected":false},"excerpt":{"rendered":"<p>Ap\u00f3s duas quedas, a taxa de desocupa\u00e7\u00e3o no Pa\u00eds voltou a subir no trimestre encerrado em janeiro; segundo o IBGE, aumento no per\u00edodo \u00e9 sazonal A taxa de desocupa\u00e7\u00e3o no Brasil subiu para 12% no trimestre encerrado em janeiro, de acordo com os dados da Pesquisa Nacional por Amostra de Domic\u00edlios Cont\u00ednua (Pnad Cont\u00ednua) divulgados&#8230; <\/p>\n<div class=\"clear\"><\/div>\n<p><a href=\"https:\/\/bbconsultoria.net\/site\/desemprego-chega-a-12-e-atinge-127-milhoes-de-brasileiros\/\" class=\"excerpt-read-more\">Read More<\/a><\/p>\n","protected":false},"author":1,"featured_media":0,"comment_status":"closed","ping_status":"closed","sticky":false,"template":"","format":"standard","meta":{"footnotes":""},"categories":[82],"tags":[],"class_list":["post-6682","post","type-post","status-publish","format-standard","hentry","category-noticias"],"_links":{"self":[{"href":"https:\/\/bbconsultoria.net\/site\/wp-json\/wp\/v2\/posts\/6682","targetHints":{"allow":["GET"]}}],"collection":[{"href":"https:\/\/bbconsultoria.net\/site\/wp-json\/wp\/v2\/posts"}],"about":[{"href":"https:\/\/bbconsultoria.net\/site\/wp-json\/wp\/v2\/types\/post"}],"author":[{"embeddable":true,"href":"https:\/\/bbconsultoria.net\/site\/wp-json\/wp\/v2\/users\/1"}],"replies":[{"embeddable":true,"href":"https:\/\/bbconsultoria.net\/site\/wp-json\/wp\/v2\/comments?post=6682"}],"version-history":[{"count":1,"href":"https:\/\/bbconsultoria.net\/site\/wp-json\/wp\/v2\/posts\/6682\/revisions"}],"predecessor-version":[{"id":6683,"href":"https:\/\/bbconsultoria.net\/site\/wp-json\/wp\/v2\/posts\/6682\/revisions\/6683"}],"wp:attachment":[{"href":"https:\/\/bbconsultoria.net\/site\/wp-json\/wp\/v2\/media?parent=6682"}],"wp:term":[{"taxonomy":"category","embeddable":true,"href":"https:\/\/bbconsultoria.net\/site\/wp-json\/wp\/v2\/categories?post=6682"},{"taxonomy":"post_tag","embeddable":true,"href":"https:\/\/bbconsultoria.net\/site\/wp-json\/wp\/v2\/tags?post=6682"}],"curies":[{"name":"wp","href":"https:\/\/api.w.org\/{rel}","templated":true}]}}