{"id":6633,"date":"2019-02-04T12:39:32","date_gmt":"2019-02-04T14:39:32","guid":{"rendered":"http:\/\/bbconsultoria.net\/site\/?p=6633"},"modified":"2019-02-22T12:40:27","modified_gmt":"2019-02-22T15:40:27","slug":"eleicao-no-senado-confirma-governo-forte-na-largada","status":"publish","type":"post","link":"https:\/\/bbconsultoria.net\/site\/eleicao-no-senado-confirma-governo-forte-na-largada\/","title":{"rendered":"Elei\u00e7\u00e3o no Senado confirma governo forte na largada"},"content":{"rendered":"<div class=\"adM\"><span style=\"font-size: large;\">Folha\u00a0<\/span><\/div>\n<div dir=\"ltr\">\n<div dir=\"ltr\">\n<div><span style=\"font-size: large;\">\u00a0<\/span><\/div>\n<div><span style=\"font-size: large;\">Articula\u00e7\u00e3o pol\u00edtica, no curto prazo, e investiga\u00e7\u00f5es no Rio, no longo, s\u00e3o os principais pontos cr\u00edticos<\/span><\/div>\n<div><span style=\"font-size: large;\">\u00a0<\/span><\/div>\n<div><span style=\"font-size: large;\">A possibilidade de vit\u00f3ria de Renan Calheiros para presidir o Senado estava em desacordo com tudo o que ocorre na pol\u00edtica brasileira desde outubro. Ningu\u00e9m deveria ficar surpreso com o resultado final, que acabou por atropelar a raposa emedebista.<\/span><\/div>\n<div><span style=\"font-size: large;\">\u00a0<\/span><\/div>\n<div><span style=\"font-size: large;\">A ascens\u00e3o do jovem Davi Alcolumbre fecha um ciclo de defini\u00e7\u00f5es institucionais coerentes com a voz das urnas. A agenda conservadora nos costumes e liberal na economia encontra no Executivo e no Legislativo um substrato favor\u00e1vel para vicejar, algo que nunca havia acontecido em 30 anos de regime constitucional democr\u00e1tico.<\/span><\/div>\n<div><span style=\"font-size: large;\">\u00a0<\/span><\/div>\n<div><span style=\"font-size: large;\">O governo confirma-se forte na largada. No curto prazo, a estrutura da articula\u00e7\u00e3o parlamentar, dividida entre um general de poucas palavras e um falastr\u00e3o de pouco lastro, torna-se o principal ponto cr\u00edtico. A negocia\u00e7\u00e3o da reforma da Previd\u00eancia na C\u00e2mara testar\u00e1 a fortaleza dessa configura\u00e7\u00e3o.<\/span><\/div>\n<div><span style=\"font-size: large;\">\u00a0<\/span><\/div>\n<div><span style=\"font-size: large;\">Paulo Guedes parece o jejuno em administra\u00e7\u00e3o p\u00fablica e artimanhas brasilienses que mais depressa avan\u00e7a na curva de aprendizado. Montou sob a sua al\u00e7ada um mecanismo pr\u00f3prio de negocia\u00e7\u00e3o com o Congresso, cujo piv\u00f4 \u00e9 o ex-deputado Rog\u00e9rio Marinho.<\/span><\/div>\n<div><span style=\"font-size: large;\">\u00a0<\/span><\/div>\n<div><span style=\"font-size: large;\">O ministro da Economia ter\u00e1 a faca e o queijo, pois tamb\u00e9m controla a execu\u00e7\u00e3o or\u00e7ament\u00e1ria da Uni\u00e3o, a moeda mais efetiva para lidar com os congressistas. Enquanto isso, abranda o ritmo da abertura externa, para n\u00e3o perder votos na reforma, e estreita rela\u00e7\u00f5es com o TCU, para catalisar o programa de venda de patrim\u00f4nio federal.<\/span><\/div>\n<div><span style=\"font-size: large;\">\u00a0<\/span><\/div>\n<div><span style=\"font-size: large;\">No longo prazo, as investiga\u00e7\u00f5es sobre o que os Bolsonaros faziam no Rio enquanto eram insignificantes na pol\u00edtica nacional prometem ser o principal obst\u00e1culo \u00e0 governabilidade. A rela\u00e7\u00e3o com mil\u00edcias tende a ficar paulatinamente estabelecida.<\/span><\/div>\n<div><span style=\"font-size: large;\">\u00a0<\/span><\/div>\n<div><span style=\"font-size: large;\">Ser\u00e1 interessante notar como reagir\u00e3o os militares e o ministro Sergio Moro caso essa evolu\u00e7\u00e3o se efetive. Como tem sido regra desde 2013 no Brasil, n\u00e3o faltar\u00e1 emo\u00e7\u00e3o.<\/span><\/div>\n<\/div>\n<\/div>\n","protected":false},"excerpt":{"rendered":"<p>Folha\u00a0 \u00a0 Articula\u00e7\u00e3o pol\u00edtica, no curto prazo, e investiga\u00e7\u00f5es no Rio, no longo, s\u00e3o os principais pontos cr\u00edticos \u00a0 A possibilidade de vit\u00f3ria de Renan Calheiros para presidir o Senado estava em desacordo com tudo o que ocorre na pol\u00edtica brasileira desde outubro. Ningu\u00e9m deveria ficar surpreso com o resultado final, que acabou por atropelar&#8230; <\/p>\n<div class=\"clear\"><\/div>\n<p><a href=\"https:\/\/bbconsultoria.net\/site\/eleicao-no-senado-confirma-governo-forte-na-largada\/\" class=\"excerpt-read-more\">Read More<\/a><\/p>\n","protected":false},"author":4,"featured_media":0,"comment_status":"closed","ping_status":"closed","sticky":false,"template":"","format":"standard","meta":{"footnotes":""},"categories":[82],"tags":[],"class_list":["post-6633","post","type-post","status-publish","format-standard","hentry","category-noticias"],"_links":{"self":[{"href":"https:\/\/bbconsultoria.net\/site\/wp-json\/wp\/v2\/posts\/6633","targetHints":{"allow":["GET"]}}],"collection":[{"href":"https:\/\/bbconsultoria.net\/site\/wp-json\/wp\/v2\/posts"}],"about":[{"href":"https:\/\/bbconsultoria.net\/site\/wp-json\/wp\/v2\/types\/post"}],"author":[{"embeddable":true,"href":"https:\/\/bbconsultoria.net\/site\/wp-json\/wp\/v2\/users\/4"}],"replies":[{"embeddable":true,"href":"https:\/\/bbconsultoria.net\/site\/wp-json\/wp\/v2\/comments?post=6633"}],"version-history":[{"count":1,"href":"https:\/\/bbconsultoria.net\/site\/wp-json\/wp\/v2\/posts\/6633\/revisions"}],"predecessor-version":[{"id":6634,"href":"https:\/\/bbconsultoria.net\/site\/wp-json\/wp\/v2\/posts\/6633\/revisions\/6634"}],"wp:attachment":[{"href":"https:\/\/bbconsultoria.net\/site\/wp-json\/wp\/v2\/media?parent=6633"}],"wp:term":[{"taxonomy":"category","embeddable":true,"href":"https:\/\/bbconsultoria.net\/site\/wp-json\/wp\/v2\/categories?post=6633"},{"taxonomy":"post_tag","embeddable":true,"href":"https:\/\/bbconsultoria.net\/site\/wp-json\/wp\/v2\/tags?post=6633"}],"curies":[{"name":"wp","href":"https:\/\/api.w.org\/{rel}","templated":true}]}}