{"id":6631,"date":"2019-02-05T12:38:46","date_gmt":"2019-02-05T14:38:46","guid":{"rendered":"http:\/\/bbconsultoria.net\/site\/?p=6631"},"modified":"2019-02-22T12:39:20","modified_gmt":"2019-02-22T15:39:20","slug":"analise-do-atual-cenario-politico-nacional-e-no-estado","status":"publish","type":"post","link":"https:\/\/bbconsultoria.net\/site\/analise-do-atual-cenario-politico-nacional-e-no-estado\/","title":{"rendered":"An\u00e1lise do atual cen\u00e1rio pol\u00edtico nacional e no estado.\u00a0"},"content":{"rendered":"<div>O Jogo Come\u00e7ou<\/div>\n<div><\/div>\n<div>Na elei\u00e7\u00e3o do Senado e da C\u00e2mara o governo deu uma demonstra\u00e7\u00e3o de for\u00e7a no Senado,\u00a0 elegendo um presidente mais afinado com as suas propostas pol\u00edticas. Agora, vamos ver as consequ\u00eancias disso. N\u00e3o sei se v\u00e3o ter muitas habilidades para contornar as feridas que ficaram, de modo a n\u00e3o viabilizar.<\/div>\n<div><\/div>\n<div>\u00c9 bom salientar que o candidato do governo ganhou com 42 votos e s\u00e3o necess\u00e1rios 54 votos para aprovar qualquer mudan\u00e7a constitucional . Enfim, essas s\u00e3o coisas que veremos nos pr\u00f3ximos dias.<\/div>\n<div><\/div>\n<div>Mas, de fato, a elei\u00e7\u00e3o dos dois presidente alinhados com o que o governo queria, \u00e9 uma demonstra\u00e7\u00e3o de for\u00e7a importante. S\u00e3o presidentes comprometidos com as reformas, especialmente, a Reforma da Previd\u00eancia. Certamente, isso vai facilitar a tramita\u00e7\u00e3o delas. Aprovar j\u00e1 \u00e9 outra coisa, em que pese, tanto governadores tanto prefeitos, hoje, trabalham fortemente para que eles sejam inclusas\u00a0 e, certamente, ser\u00e3o bons cabos eleitorais important\u00edssimos.<\/div>\n<div><\/div>\n<div>No Estado&#8230;<\/div>\n<div><\/div>\n<div>A elei\u00e7\u00e3o do Andr\u00e9 Ceciliano j\u00e1 era meio favas contadas. N\u00e3o \u00e9 um aliado de primeira hora do governador, era de um partido advers\u00e1rio, mas \u00e9 um presidente moderado e, certamente, n\u00e3o criar\u00e1 muitos problemas para o Witzel.<\/div>\n<div><\/div>\n<div>O problema maior, me parece, \u00e9 a falta de coordena\u00e7\u00e3o pol\u00edtica do governo e um certo plano de a\u00e7\u00e3o, principalmente, na quest\u00e3o das contas p\u00fablicas.<\/div>\n<div>O governo tem um d\u00e9ficit monumental previsto para esse ano e, passado um m\u00eas de governo, nenhuma medida de impacto para reduzir as despesas do governo, principalmente, na Previd\u00eancia e na folha de pagamento, foram anunciadas.<\/div>\n<div><\/div>\n<div>Nenhum pacote de maldades foi anunciado nesse in\u00edcio. O governo vai perdendo capital pol\u00edtico e fica, cada vez mais, dif\u00edcil aprovar l\u00e1 na frente.<\/div>\n","protected":false},"excerpt":{"rendered":"<p>O Jogo Come\u00e7ou Na elei\u00e7\u00e3o do Senado e da C\u00e2mara o governo deu uma demonstra\u00e7\u00e3o de for\u00e7a no Senado,\u00a0 elegendo um presidente mais afinado com as suas propostas pol\u00edticas. Agora, vamos ver as consequ\u00eancias disso. N\u00e3o sei se v\u00e3o ter muitas habilidades para contornar as feridas que ficaram, de modo a n\u00e3o viabilizar. \u00c9 bom&#8230; <\/p>\n<div class=\"clear\"><\/div>\n<p><a href=\"https:\/\/bbconsultoria.net\/site\/analise-do-atual-cenario-politico-nacional-e-no-estado\/\" class=\"excerpt-read-more\">Read More<\/a><\/p>\n","protected":false},"author":4,"featured_media":0,"comment_status":"closed","ping_status":"closed","sticky":false,"template":"","format":"standard","meta":{"footnotes":""},"categories":[82],"tags":[],"class_list":["post-6631","post","type-post","status-publish","format-standard","hentry","category-noticias"],"_links":{"self":[{"href":"https:\/\/bbconsultoria.net\/site\/wp-json\/wp\/v2\/posts\/6631","targetHints":{"allow":["GET"]}}],"collection":[{"href":"https:\/\/bbconsultoria.net\/site\/wp-json\/wp\/v2\/posts"}],"about":[{"href":"https:\/\/bbconsultoria.net\/site\/wp-json\/wp\/v2\/types\/post"}],"author":[{"embeddable":true,"href":"https:\/\/bbconsultoria.net\/site\/wp-json\/wp\/v2\/users\/4"}],"replies":[{"embeddable":true,"href":"https:\/\/bbconsultoria.net\/site\/wp-json\/wp\/v2\/comments?post=6631"}],"version-history":[{"count":1,"href":"https:\/\/bbconsultoria.net\/site\/wp-json\/wp\/v2\/posts\/6631\/revisions"}],"predecessor-version":[{"id":6632,"href":"https:\/\/bbconsultoria.net\/site\/wp-json\/wp\/v2\/posts\/6631\/revisions\/6632"}],"wp:attachment":[{"href":"https:\/\/bbconsultoria.net\/site\/wp-json\/wp\/v2\/media?parent=6631"}],"wp:term":[{"taxonomy":"category","embeddable":true,"href":"https:\/\/bbconsultoria.net\/site\/wp-json\/wp\/v2\/categories?post=6631"},{"taxonomy":"post_tag","embeddable":true,"href":"https:\/\/bbconsultoria.net\/site\/wp-json\/wp\/v2\/tags?post=6631"}],"curies":[{"name":"wp","href":"https:\/\/api.w.org\/{rel}","templated":true}]}}