{"id":6628,"date":"2019-02-06T12:37:47","date_gmt":"2019-02-06T14:37:47","guid":{"rendered":"http:\/\/bbconsultoria.net\/site\/?p=6628"},"modified":"2019-02-22T12:38:09","modified_gmt":"2019-02-22T15:38:09","slug":"precisa-de-uma-reforma-tributaria-brutal-diz-paulo-guedes","status":"publish","type":"post","link":"https:\/\/bbconsultoria.net\/site\/precisa-de-uma-reforma-tributaria-brutal-diz-paulo-guedes\/","title":{"rendered":"&#8216;Precisa de uma reforma tribut\u00e1ria brutal&#8217;, diz Paulo Guedes"},"content":{"rendered":"<div class=\"adM\"><\/div>\n<div dir=\"ltr\">\n<div><\/div>\n<div><span style=\"font-size: large;\">O Globo<\/span><\/div>\n<div><span style=\"font-size: large;\">\u00a0<\/span><\/div>\n<div><span style=\"font-size: large;\">Governo quer reduzir o n\u00famero de impostos para facilitar o ambiente de neg\u00f3cios<\/span><\/div>\n<div><span style=\"font-size: large;\">\u00a0<\/span><\/div>\n<div><span style=\"font-size: large;\">O ministro da Economia, Paulo Guedes, afirmou nesta ter\u00e7a-feira, em um jantar promovido pelo portal Poder 360, que logo ap\u00f3s a reforma da Previd\u00eancia ser votada pelo Congresso o governo dever\u00e1 apresentar um projeto de reforma tribut\u00e1ria. A ideia \u00e9 que as mudan\u00e7as sejam votadas ainda este ano.<br \/>\n<\/span><\/div>\n<div><span style=\"font-size: large;\">\u00a0<\/span><\/div>\n<div><span style=\"font-size: large;\">\u2014 Voc\u00ea precisa de uma reforma tribut\u00e1ria brutal, uma simplifica\u00e7\u00e3o dram\u00e1tica. A gente n\u00e3o manda tudo junto para n\u00e3o congestionar. A Previd\u00eancia \u00e9 primeiro porque \u00e9 a prioridade mesmo, \u00e9 matar ou morrer. Mas j\u00e1 est\u00e1 tudo engatilhado. Acabou a Previd\u00eancia, vem mais \u2014 explicou.<\/span><\/div>\n<div><span style=\"font-size: large;\">\u00a0<\/span><\/div>\n<div><span style=\"font-size: large;\">A ideia do governo \u00e9 reduzir o n\u00famero de impostos para facilitar o ambiente de neg\u00f3cios. Em paralelo, o governo pretende tocar tamb\u00e9m medidas de abertura econ\u00f4mica e um processo cont\u00ednuo de privatiza\u00e7\u00f5es.<br \/>\n<\/span><\/div>\n<div><span style=\"font-size: large;\">\u00a0<\/span><\/div>\n<div><span style=\"font-size: large;\">\u2014 \u00c9 claro que n\u00e3o vai ter imposto \u00fanico. Mas se cair de 54 para seis, sete ou oito impostos, est\u00e1 bom. Imposto de renda, IPTU, o imposto \u00fanico federal&#8230;\u00a0 N\u00e3o pode ter essa quantidade atual, \u00e9 uma barb\u00e1rie. Esse neg\u00f3cio nosso \u00e9 uma selvageria. Por isso que \u00e9 um lugar dif\u00edcil para fazer neg\u00f3cio \u2014 criticou.\u00a0<\/span><\/div>\n<\/div>\n","protected":false},"excerpt":{"rendered":"<p>O Globo \u00a0 Governo quer reduzir o n\u00famero de impostos para facilitar o ambiente de neg\u00f3cios \u00a0 O ministro da Economia, Paulo Guedes, afirmou nesta ter\u00e7a-feira, em um jantar promovido pelo portal Poder 360, que logo ap\u00f3s a reforma da Previd\u00eancia ser votada pelo Congresso o governo dever\u00e1 apresentar um projeto de reforma tribut\u00e1ria. A&#8230; <\/p>\n<div class=\"clear\"><\/div>\n<p><a href=\"https:\/\/bbconsultoria.net\/site\/precisa-de-uma-reforma-tributaria-brutal-diz-paulo-guedes\/\" class=\"excerpt-read-more\">Read More<\/a><\/p>\n","protected":false},"author":4,"featured_media":0,"comment_status":"closed","ping_status":"closed","sticky":false,"template":"","format":"standard","meta":{"footnotes":""},"categories":[82],"tags":[],"class_list":["post-6628","post","type-post","status-publish","format-standard","hentry","category-noticias"],"_links":{"self":[{"href":"https:\/\/bbconsultoria.net\/site\/wp-json\/wp\/v2\/posts\/6628","targetHints":{"allow":["GET"]}}],"collection":[{"href":"https:\/\/bbconsultoria.net\/site\/wp-json\/wp\/v2\/posts"}],"about":[{"href":"https:\/\/bbconsultoria.net\/site\/wp-json\/wp\/v2\/types\/post"}],"author":[{"embeddable":true,"href":"https:\/\/bbconsultoria.net\/site\/wp-json\/wp\/v2\/users\/4"}],"replies":[{"embeddable":true,"href":"https:\/\/bbconsultoria.net\/site\/wp-json\/wp\/v2\/comments?post=6628"}],"version-history":[{"count":1,"href":"https:\/\/bbconsultoria.net\/site\/wp-json\/wp\/v2\/posts\/6628\/revisions"}],"predecessor-version":[{"id":6629,"href":"https:\/\/bbconsultoria.net\/site\/wp-json\/wp\/v2\/posts\/6628\/revisions\/6629"}],"wp:attachment":[{"href":"https:\/\/bbconsultoria.net\/site\/wp-json\/wp\/v2\/media?parent=6628"}],"wp:term":[{"taxonomy":"category","embeddable":true,"href":"https:\/\/bbconsultoria.net\/site\/wp-json\/wp\/v2\/categories?post=6628"},{"taxonomy":"post_tag","embeddable":true,"href":"https:\/\/bbconsultoria.net\/site\/wp-json\/wp\/v2\/tags?post=6628"}],"curies":[{"name":"wp","href":"https:\/\/api.w.org\/{rel}","templated":true}]}}