{"id":6626,"date":"2019-02-06T12:36:53","date_gmt":"2019-02-06T14:36:53","guid":{"rendered":"http:\/\/bbconsultoria.net\/site\/?p=6626"},"modified":"2019-02-22T12:37:19","modified_gmt":"2019-02-22T15:37:19","slug":"com-foco-na-reforma-da-previdencia-governo-adia-promessas","status":"publish","type":"post","link":"https:\/\/bbconsultoria.net\/site\/com-foco-na-reforma-da-previdencia-governo-adia-promessas\/","title":{"rendered":"Com foco na reforma da Previd\u00eancia, governo adia promessas"},"content":{"rendered":"<div class=\"gmail_quote\">\n<div dir=\"ltr\">\n<div dir=\"ltr\"><\/div>\n<div><span style=\"font-size: large;\">Terra\u00a0<\/span><\/div>\n<div dir=\"ltr\"><span style=\"font-size: large;\">\u00a0<\/span><\/div>\n<div dir=\"ltr\"><span style=\"font-size: large;\">Novas propostas devem ser enviadas apenas quando a mudan\u00e7a nas aposentadorias andar<\/span><\/div>\n<div dir=\"ltr\"><span style=\"font-size: large;\">\u00a0<\/span><\/div>\n<div dir=\"ltr\"><span style=\"font-size: large;\">Com a reforma da Previd\u00eancia como prioridade m\u00e1xima, a equipe econ\u00f4mica vem segurando medidas para n\u00e3o inundar o Congresso Nacional e evitar tirar o foco das mudan\u00e7as na aposentadoria. A promessa feita ainda na posse pelo ministro da Economia, Paulo Guedes, de anunciar &#8220;uma medida a cada dois dias&#8221; no primeiro m\u00eas de governo n\u00e3o foi cumprida e a orienta\u00e7\u00e3o agora \u00e9 outra: esperar o envio e, pelo menos, os primeiros tr\u00e2mites da reforma antes de divulgar novas a\u00e7\u00f5es, principalmente as que dependem do Legislativo.<br \/>\n<\/span><\/div>\n<div dir=\"ltr\"><span style=\"font-size: large;\">\u00a0<\/span><\/div>\n<div dir=\"ltr\"><span style=\"font-size: large;\">Na ter\u00e7a-feira, 5, o secret\u00e1rio especial de Produtividade, Emprego e Competitividade, Carlos da Costa, disse que h\u00e1 v\u00e1rias medidas em elabora\u00e7\u00e3o, que ser\u00e3o anunciadas &#8220;em breve&#8221;. &#8220;O timing (para o an\u00fancio) \u00e9 pol\u00edtico. Vamos sentir politicamente e ver o momento adequado para n\u00e3o prejudicar nossa prioridade, que \u00e9 a reforma da Previd\u00eancia. N\u00e3o queremos dispersar energia daquilo que \u00e9 fundamental&#8221;, explicou.<br \/>\n<\/span><\/div>\n<div dir=\"ltr\"><span style=\"font-size: large;\">\u00a0<\/span><\/div>\n<div dir=\"ltr\"><span style=\"font-size: large;\">Desburocratiza\u00e7\u00e3o<\/span><\/div>\n<div dir=\"ltr\"><span style=\"font-size: large;\">O secret\u00e1rio citou entre as medidas que ser\u00e3o adotadas pela sua pasta a cria\u00e7\u00e3o de mesas executivas com representantes do governo e da iniciativa privada para levar adiante medidas de desburocratiza\u00e7\u00e3o espec\u00edficas para cada setor, a abertura do Sistema Nacional de Empregos (Sine) para empresas privadas e a revis\u00e3o de incentivos fiscais. &#8220;Queremos resultado significativo em redu\u00e7\u00e3o de burocracia ainda este ano&#8221;, completou.<\/span><\/div>\n<div dir=\"ltr\"><span style=\"font-size: large;\">\u00a0<\/span><\/div>\n<div dir=\"ltr\"><span style=\"font-size: large;\">O secret\u00e1rio especial da Receita Federal, Marcos Cintra, j\u00e1 confirmou a inten\u00e7\u00e3o do governo de reduzir as al\u00edquotas do Imposto de Renda e desonerar a folha de pagamentos de todos os setores da economia, mas em diversas ocasi\u00f5es colocou a aprova\u00e7\u00e3o da proposta de Reforma da Previd\u00eancia como a principal prioridade da equipe econ\u00f4mica.<\/span><\/div>\n<div dir=\"ltr\"><span style=\"font-size: large;\">\u00a0<\/span><\/div>\n<div dir=\"ltr\"><span style=\"font-size: large;\">Outra promessa de campanha do presidente Jair Bolsonaro, o aprofundamento da reforma trabalhista &#8211; com a cria\u00e7\u00e3o de uma &#8220;carteira de trabalho verde a amarela&#8221;, com menos direitos -, tamb\u00e9m ser\u00e1 enviada ao Congresso somente ap\u00f3s a aprova\u00e7\u00e3o da reforma da Previd\u00eancia.<\/span><\/div>\n<\/div>\n<\/div>\n","protected":false},"excerpt":{"rendered":"<p>Terra\u00a0 \u00a0 Novas propostas devem ser enviadas apenas quando a mudan\u00e7a nas aposentadorias andar \u00a0 Com a reforma da Previd\u00eancia como prioridade m\u00e1xima, a equipe econ\u00f4mica vem segurando medidas para n\u00e3o inundar o Congresso Nacional e evitar tirar o foco das mudan\u00e7as na aposentadoria. A promessa feita ainda na posse pelo ministro da Economia, Paulo&#8230; <\/p>\n<div class=\"clear\"><\/div>\n<p><a href=\"https:\/\/bbconsultoria.net\/site\/com-foco-na-reforma-da-previdencia-governo-adia-promessas\/\" class=\"excerpt-read-more\">Read More<\/a><\/p>\n","protected":false},"author":4,"featured_media":0,"comment_status":"closed","ping_status":"closed","sticky":false,"template":"","format":"standard","meta":{"footnotes":""},"categories":[82],"tags":[],"class_list":["post-6626","post","type-post","status-publish","format-standard","hentry","category-noticias"],"_links":{"self":[{"href":"https:\/\/bbconsultoria.net\/site\/wp-json\/wp\/v2\/posts\/6626","targetHints":{"allow":["GET"]}}],"collection":[{"href":"https:\/\/bbconsultoria.net\/site\/wp-json\/wp\/v2\/posts"}],"about":[{"href":"https:\/\/bbconsultoria.net\/site\/wp-json\/wp\/v2\/types\/post"}],"author":[{"embeddable":true,"href":"https:\/\/bbconsultoria.net\/site\/wp-json\/wp\/v2\/users\/4"}],"replies":[{"embeddable":true,"href":"https:\/\/bbconsultoria.net\/site\/wp-json\/wp\/v2\/comments?post=6626"}],"version-history":[{"count":1,"href":"https:\/\/bbconsultoria.net\/site\/wp-json\/wp\/v2\/posts\/6626\/revisions"}],"predecessor-version":[{"id":6627,"href":"https:\/\/bbconsultoria.net\/site\/wp-json\/wp\/v2\/posts\/6626\/revisions\/6627"}],"wp:attachment":[{"href":"https:\/\/bbconsultoria.net\/site\/wp-json\/wp\/v2\/media?parent=6626"}],"wp:term":[{"taxonomy":"category","embeddable":true,"href":"https:\/\/bbconsultoria.net\/site\/wp-json\/wp\/v2\/categories?post=6626"},{"taxonomy":"post_tag","embeddable":true,"href":"https:\/\/bbconsultoria.net\/site\/wp-json\/wp\/v2\/tags?post=6626"}],"curies":[{"name":"wp","href":"https:\/\/api.w.org\/{rel}","templated":true}]}}