{"id":6624,"date":"2019-02-07T12:35:47","date_gmt":"2019-02-07T14:35:47","guid":{"rendered":"http:\/\/bbconsultoria.net\/site\/?p=6624"},"modified":"2019-02-22T12:36:20","modified_gmt":"2019-02-22T15:36:20","slug":"maia-diz-que-esta-e-a-ultima-chance-de-aprovar-reforma-da-previdencia-sem-tirar-direitos","status":"publish","type":"post","link":"https:\/\/bbconsultoria.net\/site\/maia-diz-que-esta-e-a-ultima-chance-de-aprovar-reforma-da-previdencia-sem-tirar-direitos\/","title":{"rendered":"Maia diz que esta \u00e9 a &#8216;\u00faltima&#8217; chance de aprovar reforma da Previd\u00eancia sem tirar direitos"},"content":{"rendered":"<p><span style=\"font-size: large;\">G1\u00a0<\/span><\/p>\n<div dir=\"ltr\">\n<div><span style=\"font-size: large;\">\u00a0<\/span><\/div>\n<div><span style=\"font-size: large;\">Presidente da C\u00e2mara deu declara\u00e7\u00e3o em entrevista \u00e0 GloboNews. Para Rodrigo Maia, ambiente para votar proposta \u00e9 &#8216;bom&#8217; e expectativa \u00e9 votar reforma at\u00e9 segunda quinzena de maio.<\/span><\/div>\n<div><span style=\"font-size: large;\">\u00a0<\/span><\/div>\n<div><span style=\"font-size: large;\">\u00a0<\/span><\/div>\n<div><span style=\"font-size: large;\">O presidente da C\u00e2mara dos Deputados, Rodrigo Maia (DEM-RJ), afirmou nesta quarta-feira (6) que esta \u00e9 a &#8220;\u00faltima&#8221; chance de o Congresso Nacional aprovar a reforma da Previd\u00eancia Social sem tirar direitos da popula\u00e7\u00e3o.<\/span><\/div>\n<div><span style=\"font-size: large;\">\u00a0<\/span><\/div>\n<div><span style=\"font-size: large;\">Em entrevista \u00e0 GloboNews, Maia disse que o ambiente na C\u00e2mara para votar a proposta \u00e9 &#8220;bom&#8221; e acrescentou que a previs\u00e3o \u00e9 o plen\u00e1rio analisar o tema at\u00e9 a segunda quinzena de maio.<\/span><\/div>\n<div><span style=\"font-size: large;\">\u00a0<\/span><\/div>\n<div><span style=\"font-size: large;\">&#8220;N\u00f3s temos a \u00faltima oportunidade, no meu ponto de vista, de fazer uma reforma sem tirar direito dos brasileiros que ganham menos, mas que a gente n\u00e3o entre em um colapso fiscal, que vai ser uma situa\u00e7\u00e3o muito pior para todos&#8221;, afirmou.<\/span><\/div>\n<div><span style=\"font-size: large;\">De acordo com o Tesouro Nacional, o sistema previdenci\u00e1rio registrou d\u00e9ficit de R$ 290,2 bilh\u00f5es no ano passado.<\/span><\/div>\n<div><span style=\"font-size: large;\">\u00a0<\/span><\/div>\n<div><span style=\"font-size: large;\">Questionado se avalia que um eventual an\u00fancio pelo presidente Jair Bolsonaro de que n\u00e3o disputar\u00e1 a reelei\u00e7\u00e3o pode ajudar a aprova\u00e7\u00e3o da reforma, Maia respondeu: &#8220;Com certeza, ajuda muito&#8221;.<\/span><\/div>\n<div><span style=\"font-size: large;\">\u00a0<\/span><\/div>\n<div><span style=\"font-size: large;\">O presidente da C\u00e2mara tem dito que o objetivo \u00e9 conseguir os votos necess\u00e1rios para aprovar a reforma em at\u00e9 dois meses. Por se tratar de emenda \u00e0 Constitui\u00e7\u00e3o (PEC), a proposta precisa do apoio m\u00ednimo de tr\u00eas quintos dos deputados (308 dos 513) para ser analisada pelo Senado.<\/span><\/div>\n<div><span style=\"font-size: large;\">\u00a0<\/span><\/div>\n<div><span style=\"font-size: large;\">Alcolumbre prev\u00ea 3 meses de prazo para Senado votar reforma<\/span><\/div>\n<div><span style=\"font-size: large;\">\u00a0<\/span><\/div>\n<div><span style=\"font-size: large;\">&#8216;Campo de guerra&#8217;<\/span><\/div>\n<div><span style=\"font-size: large;\">Ainda na entrevista \u00e0 GloboNews, Rodrigo Maia afirmou que votar a reforma da Previd\u00eancia sem respeitar os prazos regimentais pode transformar o plen\u00e1rio da C\u00e2mara em um &#8220;campo de guerra&#8221;.<\/span><\/div>\n<div><span style=\"font-size: large;\">\u00a0<\/span><\/div>\n<div><span style=\"font-size: large;\">Em dezembro de 2016, o governo Michel Temer enviou uma proposta de reforma \u00e0 C\u00e2mara. O texto foi aprovado com algumas modifica\u00e7\u00f5es pela comiss\u00e3o especial em maio de 2017 e est\u00e1 pronto, desde ent\u00e3o, para ser votado pelo plen\u00e1rio.<\/span><\/div>\n<div><span style=\"font-size: large;\">\u00a0<\/span><\/div>\n<div><span style=\"font-size: large;\">O governo Bolsonaro at\u00e9 poderia incluir a nova proposta no texto enviado por Temer, j\u00e1 aprovado pela comiss\u00e3o especial. Mas a alternativa \u00e9 criticada por Maia.<\/span><\/div>\n<div><span style=\"font-size: large;\">\u00a0<\/span><\/div>\n<div><span style=\"font-size: large;\">&#8220;Se voc\u00ea suprimir a aprova\u00e7\u00e3o da emenda constitucional na CCJ, depois [suprimir] a cria\u00e7\u00e3o de uma comiss\u00e3o especial por 11 sess\u00f5es, o que n\u00f3s vamos conseguir? Vamos conseguir transformar o plen\u00e1rio da C\u00e2mara e o plen\u00e1rio das comiss\u00f5es em um campo de guerra, porque n\u00e3o cumprir a regra do jogo prejudica muito a possibilidade de debate de alguns partidos da oposi\u00e7\u00e3o, o que \u00e9 democr\u00e1tico, leg\u00edtimo, e que pode colaborar para o aperfei\u00e7oamento de todas as mat\u00e9rias, inclusive, a da Previd\u00eancia&#8221;, afirmou.<\/span><\/div>\n<div><span style=\"font-size: large;\">\u00a0<\/span><\/div>\n<div><span style=\"font-size: large;\">Segundo Maia, quando o governo Bolsonaro enviar a proposta, o rito ser\u00e1 a an\u00e1lise do texto pela Comiss\u00e3o de Constitui\u00e7\u00e3o e Justi\u00e7a (CCJ) e, em seguida, por uma comiss\u00e3o especial. Somente depois disso, afirmou, o texto dever\u00e1 ser colocado em vota\u00e7\u00e3o pelo plen\u00e1rio.<\/span><\/div>\n<div><span style=\"font-size: large;\">\u00a0<\/span><\/div>\n<div><span style=\"font-size: large;\">Outros temas<\/span><\/div>\n<div><span style=\"font-size: large;\">Saiba outros temas abordados por Rodrigo Maia na entrevista:<\/span><\/div>\n<div><span style=\"font-size: large;\">\u00a0<\/span><\/div>\n<div><span style=\"font-size: large;\">Projetos sobre costumes<\/span><\/div>\n<div><span style=\"font-size: large;\">&#8220;Vamos tratar da pauta econ\u00f4mica, da seguran\u00e7a p\u00fablica. A quest\u00e3o dos costumes a gente deixa para um segundo momento. Temos que ter responsabilidade com o Brasil. N\u00f3s n\u00e3o podemos transformar o plen\u00e1rio da C\u00e2mara em um campo de guerra ideol\u00f3gica. Eu respeito os que foram eleitos com essa agenda, tenho interesse de discutir essa agenda nos dois campos, n\u00e3o apenas no conservador, mas tamb\u00e9m no liberal nos costumes, eu respeito os dois campos. Mas acho que tem um problema maior no Brasil.&#8221;<\/span><\/div>\n<div><span style=\"font-size: large;\">\u00a0<\/span><\/div>\n<div><span style=\"font-size: large;\">Porte de arma no meio rural<\/span><\/div>\n<div><span style=\"font-size: large;\">&#8220;A discuss\u00e3o do porte rural, eu acredito que a gente deva fazer de forma transparente. Eu tenho muito medo de aprovar um texto em que a gente estimule a mil\u00edcia armada no campo. Mas, ao mesmo tempo, a gente n\u00e3o pode deixar de reconhecer que os produtores rurais, pela falta completa de seguran\u00e7a no Brasil e tamb\u00e9m no campo, est\u00e3o completamente abandonados.&#8221;<\/span><\/div>\n<div><span style=\"font-size: large;\">\u00a0<\/span><\/div>\n<div><span style=\"font-size: large;\">Voto aberto para presidente da C\u00e2mara e do Senado<\/span><\/div>\n<div><span style=\"font-size: large;\">&#8220;Respeito a posi\u00e7\u00e3o do Senado, do presidente Davi Alcolumbre, mas discordo frontalmente que o voto aberto \u00e9 bom para a democracia. \u00c9 completamente equivocado. Na minha opini\u00e3o, o regimento interno n\u00e3o pode ser modificado. O que tem de mais claro na independ\u00eancia entre os poderes \u00e9 o voto secreto para presidente da C\u00e2mara e do Senado&#8221;.<\/span><\/div>\n<div><span style=\"font-size: large;\">\u00a0<\/span><\/div>\n<div><span style=\"font-size: large;\">Fim da estabilidade dos servidores p\u00fablicos<\/span><\/div>\n<div><span style=\"font-size: large;\">&#8220;Para os pr\u00f3ximos [servidores], com certeza. \u00c9 uma emenda constitucional. Eu, por exemplo na C\u00e2mara, os servidores pediram que eu colocasse l\u00e1 a previs\u00e3o de concurso. Eu falei que colocava a previs\u00e3o, mas que s\u00f3 faria um novo concurso em bases da nova regra enquanto eu fosse presidente da C\u00e2mara. Ent\u00e3o, para que o servidor, em cinco, seis anos, chegue ao teto, sem nenhuma meritocracia, sem nada, eu prefiro passar os dois anos sem fazer nenhum concurso na C\u00e2mara.&#8221;<\/span><\/div>\n<div><span style=\"font-size: large;\">\u00a0<\/span><\/div>\n<div><span style=\"font-size: large;\">Reforma tribut\u00e1ria<\/span><\/div>\n<div><span style=\"font-size: large;\">&#8220;Eu posso at\u00e9 ser pessimista, porque j\u00e1 estou h\u00e1 muito tempo no parlamento, mas eu n\u00e3o vejo como conseguir enfrentar a reforma tribut\u00e1ria sem aprovar a previdenci\u00e1ria antes, porque vai sair um monstrengo com aumento de carga tribut\u00e1ria para a sociedade pagar a conta.&#8221;<\/span><\/div>\n<\/div>\n","protected":false},"excerpt":{"rendered":"<p>G1\u00a0 \u00a0 Presidente da C\u00e2mara deu declara\u00e7\u00e3o em entrevista \u00e0 GloboNews. Para Rodrigo Maia, ambiente para votar proposta \u00e9 &#8216;bom&#8217; e expectativa \u00e9 votar reforma at\u00e9 segunda quinzena de maio. \u00a0 \u00a0 O presidente da C\u00e2mara dos Deputados, Rodrigo Maia (DEM-RJ), afirmou nesta quarta-feira (6) que esta \u00e9 a &#8220;\u00faltima&#8221; chance de o Congresso Nacional&#8230; <\/p>\n<div class=\"clear\"><\/div>\n<p><a href=\"https:\/\/bbconsultoria.net\/site\/maia-diz-que-esta-e-a-ultima-chance-de-aprovar-reforma-da-previdencia-sem-tirar-direitos\/\" class=\"excerpt-read-more\">Read More<\/a><\/p>\n","protected":false},"author":4,"featured_media":0,"comment_status":"closed","ping_status":"closed","sticky":false,"template":"","format":"standard","meta":{"footnotes":""},"categories":[82],"tags":[],"class_list":["post-6624","post","type-post","status-publish","format-standard","hentry","category-noticias"],"_links":{"self":[{"href":"https:\/\/bbconsultoria.net\/site\/wp-json\/wp\/v2\/posts\/6624","targetHints":{"allow":["GET"]}}],"collection":[{"href":"https:\/\/bbconsultoria.net\/site\/wp-json\/wp\/v2\/posts"}],"about":[{"href":"https:\/\/bbconsultoria.net\/site\/wp-json\/wp\/v2\/types\/post"}],"author":[{"embeddable":true,"href":"https:\/\/bbconsultoria.net\/site\/wp-json\/wp\/v2\/users\/4"}],"replies":[{"embeddable":true,"href":"https:\/\/bbconsultoria.net\/site\/wp-json\/wp\/v2\/comments?post=6624"}],"version-history":[{"count":1,"href":"https:\/\/bbconsultoria.net\/site\/wp-json\/wp\/v2\/posts\/6624\/revisions"}],"predecessor-version":[{"id":6625,"href":"https:\/\/bbconsultoria.net\/site\/wp-json\/wp\/v2\/posts\/6624\/revisions\/6625"}],"wp:attachment":[{"href":"https:\/\/bbconsultoria.net\/site\/wp-json\/wp\/v2\/media?parent=6624"}],"wp:term":[{"taxonomy":"category","embeddable":true,"href":"https:\/\/bbconsultoria.net\/site\/wp-json\/wp\/v2\/categories?post=6624"},{"taxonomy":"post_tag","embeddable":true,"href":"https:\/\/bbconsultoria.net\/site\/wp-json\/wp\/v2\/tags?post=6624"}],"curies":[{"name":"wp","href":"https:\/\/api.w.org\/{rel}","templated":true}]}}