{"id":6622,"date":"2019-02-07T12:34:47","date_gmt":"2019-02-07T14:34:47","guid":{"rendered":"http:\/\/bbconsultoria.net\/site\/?p=6622"},"modified":"2019-02-22T12:35:26","modified_gmt":"2019-02-22T15:35:26","slug":"o-pacote-do-ministro-moro","status":"publish","type":"post","link":"https:\/\/bbconsultoria.net\/site\/o-pacote-do-ministro-moro\/","title":{"rendered":"O pacote do ministro Moro"},"content":{"rendered":"<div dir=\"ltr\">\n<div><\/div>\n<div class=\"gmail_quote\">\n<div dir=\"ltr\">\n<div dir=\"ltr\">\n<div class=\"gmail_quote\">\n<div dir=\"ltr\">\n<div dir=\"ltr\">\n<div dir=\"ltr\">\n<div dir=\"ltr\">\n<div dir=\"ltr\">\n<div dir=\"ltr\">\n<div class=\"gmail_quote\">\n<div dir=\"ltr\">\n<div dir=\"ltr\">\n<div dir=\"ltr\">\n<div dir=\"ltr\">\n<div dir=\"ltr\">\n<div dir=\"ltr\">\n<div dir=\"ltr\">\n<div dir=\"ltr\">\n<div dir=\"ltr\">\n<div dir=\"ltr\">\n<div class=\"gmail_quote\">\n<div dir=\"ltr\">\n<div dir=\"ltr\">\n<div dir=\"ltr\">\n<div dir=\"ltr\">\n<div dir=\"ltr\">\n<div dir=\"ltr\">\n<div dir=\"ltr\">\n<div dir=\"ltr\">\n<div dir=\"ltr\">\n<div dir=\"ltr\">\n<div class=\"gmail_quote\">\n<div dir=\"ltr\">\n<div dir=\"ltr\">\n<div dir=\"ltr\">\n<div dir=\"ltr\">\n<div dir=\"ltr\">\n<div dir=\"ltr\">\n<div dir=\"ltr\">\n<div class=\"gmail_quote\">\n<div dir=\"ltr\">\n<div dir=\"ltr\">\n<div dir=\"ltr\">\n<div dir=\"ltr\">\n<div dir=\"ltr\">\n<div dir=\"ltr\">\n<div dir=\"ltr\">\n<div class=\"gmail_quote\">\n<div dir=\"ltr\">\n<div dir=\"ltr\">\n<div dir=\"ltr\">\n<div dir=\"ltr\">\n<div dir=\"ltr\">\n<div class=\"gmail_quote\">\n<div dir=\"ltr\">\n<div dir=\"ltr\">\n<div dir=\"ltr\">\n<div dir=\"ltr\">\n<div dir=\"ltr\">\n<div dir=\"ltr\">\n<div dir=\"ltr\">\n<div class=\"gmail_quote\">\n<div dir=\"ltr\">\n<div dir=\"ltr\">\n<div dir=\"ltr\">\n<div dir=\"ltr\">\n<div dir=\"ltr\">\n<div dir=\"ltr\">\n<div class=\"gmail_quote\">\n<div dir=\"ltr\">\n<div dir=\"ltr\">\n<div dir=\"ltr\">\n<div dir=\"ltr\">\n<div dir=\"ltr\">\n<div dir=\"ltr\">\n<div class=\"gmail_quote\">\n<div dir=\"ltr\">\n<div dir=\"ltr\">\n<div dir=\"ltr\">\n<div dir=\"ltr\">\n<div dir=\"ltr\">\n<div dir=\"ltr\">\n<div dir=\"ltr\">\n<div class=\"gmail_quote\">\n<div dir=\"ltr\">\n<div dir=\"ltr\">\n<div dir=\"ltr\">\n<div dir=\"ltr\">\n<div dir=\"ltr\">\n<div dir=\"ltr\">\n<div dir=\"ltr\">\n<div class=\"gmail_quote\">\n<div dir=\"ltr\">\n<div dir=\"ltr\">\n<div dir=\"ltr\">\n<div dir=\"ltr\">\n<div dir=\"ltr\">\n<div dir=\"ltr\">\n<div class=\"gmail_quote\">\n<div dir=\"ltr\">\n<div dir=\"ltr\">\n<div dir=\"ltr\">\n<div dir=\"ltr\">\n<div dir=\"ltr\">\n<div dir=\"ltr\">\n<div class=\"gmail_quote\">\n<div dir=\"ltr\">\n<div dir=\"ltr\">\n<div dir=\"ltr\">\n<div dir=\"ltr\">\n<div dir=\"ltr\">\n<div class=\"gmail_quote\">\n<div dir=\"ltr\">\n<div dir=\"ltr\">\n<div dir=\"ltr\">\n<div dir=\"ltr\">\n<div dir=\"ltr\">\n<div class=\"gmail_quote\">\n<div dir=\"ltr\">\n<div dir=\"ltr\">\n<div dir=\"ltr\">\n<div dir=\"ltr\">\n<div dir=\"ltr\">\n<div class=\"gmail_quote\">\n<div dir=\"ltr\">\n<div dir=\"ltr\">\n<div dir=\"ltr\">\n<div dir=\"ltr\">\n<div dir=\"ltr\">\n<div dir=\"ltr\">\n<div class=\"gmail_quote\">\n<div dir=\"ltr\">\n<div dir=\"ltr\">\n<div dir=\"ltr\">\n<div dir=\"ltr\">\n<div dir=\"ltr\">\n<div dir=\"ltr\">\n<div dir=\"ltr\">\n<div dir=\"ltr\">\n<div class=\"gmail_quote\">\n<div dir=\"ltr\">\n<div dir=\"ltr\">\n<div dir=\"ltr\">\n<div dir=\"ltr\">\n<div dir=\"ltr\">\n<div dir=\"ltr\">\n<div class=\"gmail_quote\">\n<div dir=\"ltr\">\n<div dir=\"ltr\">\n<div dir=\"ltr\">\n<div dir=\"ltr\">\n<div dir=\"ltr\">\n<div dir=\"ltr\">\n<div class=\"gmail_quote\">\n<div dir=\"ltr\">\n<div dir=\"ltr\">\n<div dir=\"ltr\">\n<div dir=\"ltr\">\n<div dir=\"ltr\">\n<div dir=\"ltr\">\n<div dir=\"ltr\">\n<div class=\"gmail_quote\">\n<div dir=\"ltr\">\n<div dir=\"ltr\">\n<div dir=\"ltr\">\n<div dir=\"ltr\">\n<div dir=\"ltr\">\n<div dir=\"ltr\">\n<div class=\"gmail_quote\">\n<div dir=\"ltr\">\n<div dir=\"ltr\">\n<div dir=\"ltr\">\n<div dir=\"ltr\">\n<div dir=\"ltr\">\n<div class=\"gmail_quote\">\n<div dir=\"ltr\">\n<div dir=\"ltr\">\n<div dir=\"ltr\">\n<div dir=\"ltr\">\n<div dir=\"ltr\">\n<div class=\"gmail_quote\">\n<div dir=\"ltr\">\n<div dir=\"ltr\">\n<div dir=\"ltr\">\n<div dir=\"ltr\">\n<div dir=\"ltr\">\n<div class=\"gmail_quote\">\n<div dir=\"ltr\">\n<div dir=\"ltr\">\n<div dir=\"ltr\">\n<div dir=\"ltr\">\n<div dir=\"ltr\">\n<div dir=\"ltr\">\n<div class=\"gmail_quote\">\n<div dir=\"ltr\">\n<div dir=\"ltr\">\n<div dir=\"ltr\">\n<div dir=\"ltr\">\n<div dir=\"ltr\">\n<div dir=\"ltr\">\n<div dir=\"ltr\">\n<div dir=\"ltr\">\n<div class=\"gmail_quote\">\n<div dir=\"ltr\">\n<div dir=\"ltr\">\n<div dir=\"ltr\">\n<div dir=\"ltr\">\n<div dir=\"ltr\">\n<div dir=\"ltr\">\n<div class=\"gmail_quote\">\n<div dir=\"ltr\">\n<div dir=\"ltr\">\n<div dir=\"ltr\">\n<div dir=\"ltr\">\n<div dir=\"ltr\">\n<div dir=\"ltr\">\n<div dir=\"ltr\">\n<div dir=\"ltr\">\n<div><span style=\"font-size: large;\">Estad\u00e3o\u00a0<\/span><\/div>\n<div><span style=\"font-size: large;\">\u00a0<\/span><\/div>\n<div><span style=\"font-size: large;\">H\u00e1 boas medidas no projeto, mas o combate ao crime exige atua\u00e7\u00e3o coordenada de Estado, pol\u00edcias, Judici\u00e1rio e respeito aos direitos dos cidad\u00e3os<\/span><\/div>\n<div><span style=\"font-size: large;\">\u00a0<\/span><\/div>\n<div><span style=\"font-size: large;\">Com not\u00e1veis avan\u00e7os em rela\u00e7\u00e3o \u00e0s Dez Medidas Anticorrup\u00e7\u00e3o, apresentadas em 2016 por membro do Minist\u00e9rio P\u00fablico Federal, o Projeto de Lei Anticrime do ministro da Justi\u00e7a e Seguran\u00e7a P\u00fablica, Sergio Moro, pode contribuir para consolidar alguns importantes progressos no combate ao crime e \u00e0 impunidade. H\u00e1 pontos que merecem maior aten\u00e7\u00e3o, mas o conjunto de propostas do ministro Moro pode ser um bom in\u00edcio de di\u00e1logo com o Congresso a respeito de poss\u00edveis melhorias na legisla\u00e7\u00e3o penal.<\/span><\/div>\n<div><span style=\"font-size: large;\">\u00a0<\/span><\/div>\n<div><span style=\"font-size: large;\">O projeto de Moro consolida a atual jurisprud\u00eancia do Supremo Tribunal Federal (STF) sobre o in\u00edcio do cumprimento da pena ap\u00f3s a condena\u00e7\u00e3o em segunda inst\u00e2ncia, trazendo, assim, maior seguran\u00e7a jur\u00eddica a tema de especial relev\u00e2ncia.<\/span><\/div>\n<div><span style=\"font-size: large;\">\u00a0<\/span><\/div>\n<div><span style=\"font-size: large;\">O ministro Moro prop\u00f5e o endurecimento do cumprimento das penas \u2013 por exemplo, que seja fechado o regime inicial da pena para condenado reincidente \u2013 e a criminaliza\u00e7\u00e3o do caixa dois. Sobre este ponto, \u00e9 importante que o novo crime venha acompanhado de rigor probat\u00f3rio. Nos \u00faltimos anos, tornou-se praxe o uso amplo do conceito de propina, o que d\u00e1, na seara penal, especial margem a abusos.<\/span><\/div>\n<div><span style=\"font-size: large;\">\u00a0<\/span><\/div>\n<div><span style=\"font-size: large;\">O projeto prev\u00ea tamb\u00e9m endurecer penas relativas aos crimes com arma de fogo, por exemplo, o porte ilegal de arma, bem como do crime de resist\u00eancia quando \u201cresulta morte ou risco de morte ao funcion\u00e1rio ou a terceiro\u201d, com pena de reclus\u00e3o de 6 a 30 anos.<\/span><\/div>\n<div><span style=\"font-size: large;\">\u00a0<\/span><\/div>\n<div><span style=\"font-size: large;\">H\u00e1 medidas relativas ao combate das fac\u00e7\u00f5es criminosas. Amplia-se, por exemplo, a defini\u00e7\u00e3o de organiza\u00e7\u00e3o criminosa, incluindo grupos que \u201cse valham da viol\u00eancia ou da for\u00e7a de intimida\u00e7\u00e3o do v\u00ednculo associativo para adquirir, de modo direto ou indireto, o controle sobre a atividade criminal ou sobre a atividade econ\u00f4mica\u201d.<\/span><\/div>\n<div><span style=\"font-size: large;\">\u00a0<\/span><\/div>\n<div><span style=\"font-size: large;\">A respeito das prescri\u00e7\u00f5es, o projeto de Moro \u00e9 mais equilibrado que o pacote das Dez Medidas Anticorrup\u00e7\u00e3o. N\u00e3o procura invalidar o instituto da prescri\u00e7\u00e3o, especialmente importante para coibir abusos de um sistema judicial cujos processos, n\u00e3o raro, duram mais de d\u00e9cada. O texto estabelece que a prescri\u00e7\u00e3o n\u00e3o corre na pend\u00eancia de embargos de declara\u00e7\u00e3o ou de recursos aos Tribunais Superiores.<\/span><\/div>\n<div><span style=\"font-size: large;\">\u00a0<\/span><\/div>\n<div><span style=\"font-size: large;\">A previs\u00e3o de redu\u00e7\u00e3o de pena de policiais que causarem morte durante sua atividade \u00e9 controversa, j\u00e1 que incorpora elementos imprecisos na defini\u00e7\u00e3o dos casos de excesso na atua\u00e7\u00e3o policial. A proposta permite ao juiz reduzir a pena at\u00e9 a metade ou deixar de aplic\u00e1-la se o excesso decorrer de \u201cescus\u00e1vel medo, surpresa ou violenta emo\u00e7\u00e3o\u201d. O policial \u00e9 um profissional que recebeu o devido treinamento e foi avaliado como apto para exercer essa atividade. A rigor, n\u00e3o cabe falar em \u201cescus\u00e1vel medo, surpresa ou violenta emo\u00e7\u00e3o\u201d para um policial em servi\u00e7o. Se ele reage assim \u00e0s circunst\u00e2ncias de sua profiss\u00e3o, \u00e9 certo que lhe faltam condi\u00e7\u00f5es para exerc\u00ea-la. O policial, em hip\u00f3tese alguma, pode ter carta branca para cometer crimes contra a pessoa.<\/span><\/div>\n<div><span style=\"font-size: large;\">\u00a0<\/span><\/div>\n<div><span style=\"font-size: large;\">O Congresso tamb\u00e9m deve ter cuidado com as medidas relativas ao perdimento de produto do crime. A reda\u00e7\u00e3o \u00e9 ampla, propiciando uma discricionariedade que faz inverter o \u00f4nus da prova. N\u00e3o \u00e9 boa regra presumir il\u00edcito. Tamb\u00e9m cuidado deve-se ter com a proposta de permiss\u00e3o do uso de bens apreendidos pelos \u00f3rg\u00e3os de seguran\u00e7a p\u00fablica \u2013 os direitos da v\u00edtima parecem relegados a segundo plano. A identifica\u00e7\u00e3o obrigat\u00f3ria do perfil gen\u00e9tico dos condenados por crimes dolosos \u00e9 outro ponto pol\u00eamico.<\/span><\/div>\n<div><span style=\"font-size: large;\">\u00a0<\/span><\/div>\n<div><span style=\"font-size: large;\">A previs\u00e3o do acordo de n\u00e3o persecu\u00e7\u00e3o penal para investigados que confessarem o crime pode ajudar a desafogar o sistema judicial, mas n\u00e3o \u00e9 panaceia geral. As solu\u00e7\u00f5es negociadas est\u00e3o reservadas para crimes com pena inferior a quatro anos. E a novidade tem riscos, dando ocasi\u00e3o a press\u00f5es indevidas sobre investigados.<\/span><\/div>\n<div><span style=\"font-size: large;\">\u00a0<\/span><\/div>\n<div><span style=\"font-size: large;\">H\u00e1 boas medidas no projeto anticrime do ministro Moro, mas \u00e9 uma ilus\u00e3o achar que a aprova\u00e7\u00e3o de novas leis causar\u00e1 por si s\u00f3 uma diminui\u00e7\u00e3o da criminalidade. Se fosse assim, f\u00e1cil seria resolver o problema da seguran\u00e7a p\u00fablica. Bastava que o Congresso produzisse de tempos em tempos novidades legislativas em mat\u00e9ria penal. O combate ao crime exige uma atua\u00e7\u00e3o coordenada do Estado, com pol\u00edcias treinadas, Judici\u00e1rio diligente e absoluto respeito aos direitos e garantias de todos os cidad\u00e3os.<\/span><\/div>\n<\/div>\n<\/div>\n<\/div>\n<\/div>\n<\/div>\n<\/div>\n<\/div>\n<\/div>\n<\/div>\n<\/div>\n<\/div>\n<\/div>\n<\/div>\n<\/div>\n<\/div>\n<\/div>\n<\/div>\n<\/div>\n<\/div>\n<\/div>\n<\/div>\n<\/div>\n<\/div>\n<\/div>\n<\/div>\n<\/div>\n<\/div>\n<\/div>\n<\/div>\n<\/div>\n<\/div>\n<\/div>\n<\/div>\n<\/div>\n<\/div>\n<\/div>\n<\/div>\n<\/div>\n<\/div>\n<\/div>\n<\/div>\n<\/div>\n<\/div>\n<\/div>\n<\/div>\n<\/div>\n<\/div>\n<\/div>\n<\/div>\n<\/div>\n<\/div>\n<\/div>\n<\/div>\n<\/div>\n<\/div>\n<\/div>\n<\/div>\n<\/div>\n<\/div>\n<\/div>\n<\/div>\n<\/div>\n<\/div>\n<\/div>\n<\/div>\n<\/div>\n<\/div>\n<\/div>\n<\/div>\n<\/div>\n<\/div>\n<\/div>\n<\/div>\n<\/div>\n<\/div>\n<\/div>\n<\/div>\n<\/div>\n<\/div>\n<\/div>\n<\/div>\n<\/div>\n<\/div>\n<\/div>\n<\/div>\n<\/div>\n<\/div>\n<\/div>\n<\/div>\n<\/div>\n<\/div>\n<\/div>\n<\/div>\n<\/div>\n<\/div>\n<\/div>\n<\/div>\n<\/div>\n<\/div>\n<\/div>\n<\/div>\n<\/div>\n<\/div>\n<\/div>\n<\/div>\n<\/div>\n<\/div>\n<\/div>\n<\/div>\n<\/div>\n<\/div>\n<\/div>\n<\/div>\n<\/div>\n<\/div>\n<\/div>\n<\/div>\n<\/div>\n<\/div>\n<\/div>\n<\/div>\n<\/div>\n<\/div>\n<\/div>\n<\/div>\n<\/div>\n<\/div>\n<\/div>\n<\/div>\n<\/div>\n<\/div>\n<\/div>\n<\/div>\n<\/div>\n<\/div>\n<\/div>\n<\/div>\n<\/div>\n<\/div>\n<\/div>\n<\/div>\n<\/div>\n<\/div>\n<\/div>\n<\/div>\n<\/div>\n<\/div>\n<\/div>\n<\/div>\n<\/div>\n<\/div>\n<\/div>\n<\/div>\n<\/div>\n<\/div>\n<\/div>\n<\/div>\n<\/div>\n<\/div>\n<\/div>\n<\/div>\n<\/div>\n<\/div>\n<\/div>\n<\/div>\n<\/div>\n<\/div>\n<\/div>\n<\/div>\n<\/div>\n<\/div>\n<\/div>\n<\/div>\n<\/div>\n<\/div>\n<\/div>\n<\/div>\n<\/div>\n<\/div>\n<\/div>\n<\/div>\n<\/div>\n<\/div>\n<\/div>\n<\/div>\n<\/div>\n<\/div>\n<\/div>\n<\/div>\n<\/div>\n<\/div>\n<\/div>\n<\/div>\n<\/div>\n<\/div>\n<\/div>\n<\/div>\n<\/div>\n<\/div>\n<\/div>\n<\/div>\n<\/div>\n<\/div>\n<\/div>\n<\/div>\n<\/div>\n<\/div>\n<\/div>\n<\/div>\n<\/div>\n<\/div>\n<\/div>\n<\/div>\n<\/div>\n<\/div>\n<\/div>\n<\/div>\n<\/div>\n<\/div>\n<\/div>\n","protected":false},"excerpt":{"rendered":"<p>Estad\u00e3o\u00a0 \u00a0 H\u00e1 boas medidas no projeto, mas o combate ao crime exige atua\u00e7\u00e3o coordenada de Estado, pol\u00edcias, Judici\u00e1rio e respeito aos direitos dos cidad\u00e3os \u00a0 Com not\u00e1veis avan\u00e7os em rela\u00e7\u00e3o \u00e0s Dez Medidas Anticorrup\u00e7\u00e3o, apresentadas em 2016 por membro do Minist\u00e9rio P\u00fablico Federal, o Projeto de Lei Anticrime do ministro da Justi\u00e7a e Seguran\u00e7a&#8230; <\/p>\n<div class=\"clear\"><\/div>\n<p><a href=\"https:\/\/bbconsultoria.net\/site\/o-pacote-do-ministro-moro\/\" class=\"excerpt-read-more\">Read More<\/a><\/p>\n","protected":false},"author":4,"featured_media":0,"comment_status":"closed","ping_status":"closed","sticky":false,"template":"","format":"standard","meta":{"footnotes":""},"categories":[82],"tags":[],"class_list":["post-6622","post","type-post","status-publish","format-standard","hentry","category-noticias"],"_links":{"self":[{"href":"https:\/\/bbconsultoria.net\/site\/wp-json\/wp\/v2\/posts\/6622","targetHints":{"allow":["GET"]}}],"collection":[{"href":"https:\/\/bbconsultoria.net\/site\/wp-json\/wp\/v2\/posts"}],"about":[{"href":"https:\/\/bbconsultoria.net\/site\/wp-json\/wp\/v2\/types\/post"}],"author":[{"embeddable":true,"href":"https:\/\/bbconsultoria.net\/site\/wp-json\/wp\/v2\/users\/4"}],"replies":[{"embeddable":true,"href":"https:\/\/bbconsultoria.net\/site\/wp-json\/wp\/v2\/comments?post=6622"}],"version-history":[{"count":1,"href":"https:\/\/bbconsultoria.net\/site\/wp-json\/wp\/v2\/posts\/6622\/revisions"}],"predecessor-version":[{"id":6623,"href":"https:\/\/bbconsultoria.net\/site\/wp-json\/wp\/v2\/posts\/6622\/revisions\/6623"}],"wp:attachment":[{"href":"https:\/\/bbconsultoria.net\/site\/wp-json\/wp\/v2\/media?parent=6622"}],"wp:term":[{"taxonomy":"category","embeddable":true,"href":"https:\/\/bbconsultoria.net\/site\/wp-json\/wp\/v2\/categories?post=6622"},{"taxonomy":"post_tag","embeddable":true,"href":"https:\/\/bbconsultoria.net\/site\/wp-json\/wp\/v2\/tags?post=6622"}],"curies":[{"name":"wp","href":"https:\/\/api.w.org\/{rel}","templated":true}]}}