{"id":6618,"date":"2019-02-08T12:32:48","date_gmt":"2019-02-08T14:32:48","guid":{"rendered":"http:\/\/bbconsultoria.net\/site\/?p=6618"},"modified":"2019-02-22T12:33:40","modified_gmt":"2019-02-22T15:33:40","slug":"apos-alerta-governo-muda-cronograma-para-aprovar-reforma-da-previdencia","status":"publish","type":"post","link":"https:\/\/bbconsultoria.net\/site\/apos-alerta-governo-muda-cronograma-para-aprovar-reforma-da-previdencia\/","title":{"rendered":"Ap\u00f3s alerta, governo muda cronograma para aprovar reforma da Previd\u00eancia"},"content":{"rendered":"<div dir=\"ltr\">\n<div><span style=\"font-size: large;\">G1\u00a0<\/span><\/div>\n<div><span style=\"font-size: large;\">\u00a0<\/span><\/div>\n<div><span style=\"font-size: large;\">Ap\u00f3s ser alertado por aliados no Congresso Nacional, o governo passou a reavaliar o cronograma e a estrat\u00e9gia para apresentar e aprovar a proposta de reforma da Previd\u00eancia Social.<\/span><\/div>\n<div><span style=\"font-size: large;\">\u00a0<\/span><\/div>\n<div><span style=\"font-size: large;\">Os integrantes da equipe econ\u00f4mica foram convencidos de que tentar aprovar a reforma na C\u00e2mara em mar\u00e7o, como chegou a ser cogitado, por emenda aglutinativa, poderia causar resist\u00eancia pol\u00edtica e contesta\u00e7\u00e3o jur\u00eddica no Supremo Tribunal Federal.<\/span><\/div>\n<div><span style=\"font-size: large;\">\u00a0<\/span><\/div>\n<div><span style=\"font-size: large;\">Maia: objetivo \u00e9 conseguir em 2 meses votos necess\u00e1rios<\/span><\/div>\n<div><span style=\"font-size: large;\">Isso explica a mudan\u00e7a de discurso nos \u00faltimos dias, inclusive do ministro da Economia, Paulo Guedes.<\/span><\/div>\n<div><span style=\"font-size: large;\">\u00a0<\/span><\/div>\n<div><span style=\"font-size: large;\">&#8220;O risco jur\u00eddico e pol\u00edtico ser\u00e1 infinitamente menor se a tramita\u00e7\u00e3o da reforma da Previd\u00eancia seguir o tiro normal de uma nova PEC&#8221;, afirmou ao blog um ministro.<\/span><\/div>\n<div><span style=\"font-size: large;\">\u00a0<\/span><\/div>\n<div><span style=\"font-size: large;\">O principal alerta veio do pr\u00f3prio presidente da C\u00e2mara, Rodrigo Maia (DEM-RJ). Em entrevista \u00e0 GloboNews, Maia afirmou que votar a reforma da Previd\u00eancia sem respeitar os prazos regimentais pode transformar a C\u00e2mara em um &#8220;campo de guerra&#8221;. Isso porque poderia causar rea\u00e7\u00e3o de integrantes da oposi\u00e7\u00e3o e at\u00e9 mesmo da base aliada.<\/span><\/div>\n<div><span style=\"font-size: large;\">\u00a0<\/span><\/div>\n<div><span style=\"font-size: large;\">Ao blog, o l\u00edder do PDT, Andr\u00e9 Figueiredo (CE), refor\u00e7ou essa posi\u00e7\u00e3o do presidente de C\u00e2mara. Disse que, se a tramita\u00e7\u00e3o normal de uma PEC for respeitada, n\u00e3o haver\u00e1 movimento de obstru\u00e7\u00e3o.<\/span><\/div>\n<div><span style=\"font-size: large;\">\u00a0<\/span><\/div>\n<div><span style=\"font-size: large;\">Mas acrescentou que, se o governo tentar aglutinar a proposta ao texto enviado pelo governo Temer para ganhar prazo, haver\u00e1 forte rea\u00e7\u00e3o da oposi\u00e7\u00e3o em plen\u00e1rio.<\/span><\/div>\n<div><span style=\"font-size: large;\">\u00a0<\/span><\/div>\n<div><span style=\"font-size: large;\">Em dezembro de 2016, o governo Michel Temer enviou uma proposta de reforma \u00e0 C\u00e2mara. O texto foi aprovado com algumas modifica\u00e7\u00f5es pela comiss\u00e3o especial em maio de 2017 e est\u00e1 pronto, desde ent\u00e3o, para ser votado pelo plen\u00e1rio. O governo Bolsonaro defendia incluir a nova proposta no texto enviado por Temer, j\u00e1 aprovado pela comiss\u00e3o especial.<\/span><\/div>\n<div><span style=\"font-size: large;\">\u00a0<\/span><\/div>\n<div><span style=\"font-size: large;\">Nesta quinta-feira, o pr\u00f3prio ministro Guedes adaptou o discurso e descartou a possibilidade de se aproveitar a proposta de reforma apresentada pelo ex-presidente Michel Temer.<\/span><\/div>\n<div><span style=\"font-size: large;\">\u00a0<\/span><\/div>\n<div><span style=\"font-size: large;\">\u201cSe fosse uma reforma um pouco parecida com a do governo Temer, ela poderia se transformar em uma emenda aglutinativa\u201d, disse, ao explicar que isso n\u00e3o ser\u00e1 feito porque a nova proposta trar\u00e1 mudan\u00e7as mais significativas.<\/span><\/div>\n<\/div>\n","protected":false},"excerpt":{"rendered":"<p>G1\u00a0 \u00a0 Ap\u00f3s ser alertado por aliados no Congresso Nacional, o governo passou a reavaliar o cronograma e a estrat\u00e9gia para apresentar e aprovar a proposta de reforma da Previd\u00eancia Social. \u00a0 Os integrantes da equipe econ\u00f4mica foram convencidos de que tentar aprovar a reforma na C\u00e2mara em mar\u00e7o, como chegou a ser cogitado, por&#8230; <\/p>\n<div class=\"clear\"><\/div>\n<p><a href=\"https:\/\/bbconsultoria.net\/site\/apos-alerta-governo-muda-cronograma-para-aprovar-reforma-da-previdencia\/\" class=\"excerpt-read-more\">Read More<\/a><\/p>\n","protected":false},"author":4,"featured_media":0,"comment_status":"closed","ping_status":"closed","sticky":false,"template":"","format":"standard","meta":{"footnotes":""},"categories":[82],"tags":[],"class_list":["post-6618","post","type-post","status-publish","format-standard","hentry","category-noticias"],"_links":{"self":[{"href":"https:\/\/bbconsultoria.net\/site\/wp-json\/wp\/v2\/posts\/6618","targetHints":{"allow":["GET"]}}],"collection":[{"href":"https:\/\/bbconsultoria.net\/site\/wp-json\/wp\/v2\/posts"}],"about":[{"href":"https:\/\/bbconsultoria.net\/site\/wp-json\/wp\/v2\/types\/post"}],"author":[{"embeddable":true,"href":"https:\/\/bbconsultoria.net\/site\/wp-json\/wp\/v2\/users\/4"}],"replies":[{"embeddable":true,"href":"https:\/\/bbconsultoria.net\/site\/wp-json\/wp\/v2\/comments?post=6618"}],"version-history":[{"count":1,"href":"https:\/\/bbconsultoria.net\/site\/wp-json\/wp\/v2\/posts\/6618\/revisions"}],"predecessor-version":[{"id":6619,"href":"https:\/\/bbconsultoria.net\/site\/wp-json\/wp\/v2\/posts\/6618\/revisions\/6619"}],"wp:attachment":[{"href":"https:\/\/bbconsultoria.net\/site\/wp-json\/wp\/v2\/media?parent=6618"}],"wp:term":[{"taxonomy":"category","embeddable":true,"href":"https:\/\/bbconsultoria.net\/site\/wp-json\/wp\/v2\/categories?post=6618"},{"taxonomy":"post_tag","embeddable":true,"href":"https:\/\/bbconsultoria.net\/site\/wp-json\/wp\/v2\/tags?post=6618"}],"curies":[{"name":"wp","href":"https:\/\/api.w.org\/{rel}","templated":true}]}}