{"id":6616,"date":"2019-02-12T12:31:46","date_gmt":"2019-02-12T14:31:46","guid":{"rendered":"http:\/\/bbconsultoria.net\/site\/?p=6616"},"modified":"2019-02-22T12:32:38","modified_gmt":"2019-02-22T15:32:38","slug":"paulo-guedes-prepara-perestroika-de-liberalizacao-do-mercado","status":"publish","type":"post","link":"https:\/\/bbconsultoria.net\/site\/paulo-guedes-prepara-perestroika-de-liberalizacao-do-mercado\/","title":{"rendered":"Paulo Guedes prepara &#8216;perestroika&#8217; de liberaliza\u00e7\u00e3o do mercado"},"content":{"rendered":"<div class=\"gmail_quote\">\n<div dir=\"ltr\">\n<div><span style=\"font-size: large;\">Folha\u00a0<\/span><\/div>\n<div><span style=\"font-size: large;\">\u00a0<\/span><\/div>\n<div><span style=\"font-size: large;\">Ap\u00f3s 20 anos de ditadura e 30 de social-democracia, a virada para a direita \u00e9 saud\u00e1vel, diz guru de Bolsonaro<\/span><\/div>\n<div><span style=\"font-size: large;\">\u00a0<\/span><\/div>\n<div><span style=\"font-size: large;\">Paulo Guedes leva o dedo \u00e0 t\u00eampora. &#8220;As pessoas da esquerda t\u00eam cabe\u00e7as moles e bom cora\u00e7\u00e3o&#8221;, ele diz. &#8220;As pessoas da direita t\u00eam cabe\u00e7as duras, e&#8230;&#8221; Ele busca a frase correta. &#8220;Cora\u00e7\u00f5es n\u00e3o t\u00e3o bons&#8221;.<br \/>\n<\/span><\/div>\n<div><span style=\"font-size: large;\">\u00a0<\/span><\/div>\n<div><span style=\"font-size: large;\">\u00c9 um momento de franqueza para o &#8220;superministro da economia&#8221; do Brasil, j\u00e1 que o presidente para quem ele trabalha, Jair Bolsonaro, \u00e9 um capit\u00e3o reformado do ex\u00e9rcito, direitista, e visto internacionalmente como uma esp\u00e9cie de protofascista com um fraco por ditaduras militares.<\/span><\/div>\n<div><span style=\"font-size: large;\">\u00a0<\/span><\/div>\n<div><span style=\"font-size: large;\">A declara\u00e7\u00e3o tamb\u00e9m \u00e9 indicativa da amplitude das posi\u00e7\u00f5es de Guedes, e de sua cren\u00e7a de que Bolsonaro n\u00e3o \u00e9 o monstro extremista que muita gente no exterior acredita. &#8220;Estamos criando uma sociedade aberta ao modo popperiano&#8221;, ele diz, em uma das diversas men\u00e7\u00f5es que fez ao fil\u00f3sofo austr\u00edaco Karl Popper \u2013proponente de uma democracia liberal din\u00e2mica\u2013 em uma conversa ampla com o Financial Times em seu escrit\u00f3rio em Bras\u00edlia.<\/span><\/div>\n<div><span style=\"font-size: large;\">\u00a0<\/span><\/div>\n<div><span style=\"font-size: large;\">&#8220;Se os modos de Bolsonaro s\u00e3o bruscos, isso \u00e9 s\u00f3 apar\u00eancia. Ele vai ser duro com os bandidos&#8221;, acrescenta Guedes, citando os 64 mil homic\u00eddios acontecidos no Brasil em 2017. Que Popper tamb\u00e9m seja um dos her\u00f3is de George Soros, filantropo liberal odiado por alguns dos etnonacionalistas no s\u00e9quito de Bolsonaro, \u00e9 uma ironia que parece escapar a Guedes.<br \/>\n<\/span><\/div>\n<div><span style=\"font-size: large;\">\u00a0<\/span><\/div>\n<div><span style=\"font-size: large;\">&#8220;A ideologia \u00e9 o verdadeiro inimigo&#8221;, ele diz. &#8220;J\u00e1 eu sou apenas um cientista fazendo meu trabalho. Cada um tem seu papel&#8221;. Guedes, economista educado na Universidade de Chicago e bem sucedido administrador de fundos de investimento no Rio de Janeiro, pode ser considerado como o segundo homem mais poderoso do governo brasileiro, com cinco minist\u00e9rios \u2013fazenda, com\u00e9rcio, trabalho, ind\u00fastria e desenvolvimento\u2013 em sua pasta. E certamente \u00e9 o mais ativo.<\/span><\/div>\n<div><span style=\"font-size: large;\">\u00a0<\/span><\/div>\n<div><span style=\"font-size: large;\">Enquanto Bolsonaro se recupera de uma cirurgia, o novo governo vem sendo prejudicado por disputas internas; mais recentemente, o conservador Ernesto Ara\u00fajo, ministro do Exterior, buscou uma linha mais dura quanto \u00e0 Venezuela, ante a abordagem militar mais cautelosa apoiada pelo vice-presidente, general Hamilton Mour\u00e3o.<\/span><\/div>\n<div><span style=\"font-size: large;\">\u00a0<\/span><\/div>\n<div><span style=\"font-size: large;\">Em contraste, a equipe econ\u00f4mica de Guedes j\u00e1 come\u00e7ou o trabalho em ritmo acelerado, com propostas ambiciosas de reforma. &#8220;O Brasil \u00e9 a oitava maior economia do planeta, mas est\u00e1 em 130\u00ba lugar em grau de abertura, perto do Sud\u00e3o. Tamb\u00e9m est\u00e1 em 128\u00ba lugar em termos de facilidade de fazer neg\u00f3cios. Quero dizer&#8230; Jesus Cristo!&#8221;, ele diz, saltando da cadeira.<\/span><\/div>\n<div><span style=\"font-size: large;\">\u00a0<\/span><\/div>\n<div><span style=\"font-size: large;\">Guedes \u2013bronzeado, intenso em sua conversa\u00e7\u00e3o, e movendo as m\u00e3os nos gestos largos caracter\u00edsticos dos moradores do Rio de Janeiro\u2013 diz que deseja cortar essas posi\u00e7\u00f5es pela metade em apenas quatro anos, por meio de cortes de gastos, reforma do bizantino c\u00f3digo tribut\u00e1rio brasileiro, elimina\u00e7\u00e3o de burocracia e privatiza\u00e7\u00e3o de ativos estatais.<\/span><\/div>\n<div><span style=\"font-size: large;\">\u00a0<\/span><\/div>\n<div><span style=\"font-size: large;\">Nascido em uma fam\u00edlia de classe m\u00e9dia baixa, Guedes bancou sua educa\u00e7\u00e3o por meio de bolsas de estudo e conquistou um doutorado em economia pela Universidade de Chicago. Mais tarde, trabalhou no Chile durante a ditadura de Pinochet, e s\u00f3 saiu de Santiago com sua mulher depois de ter surpreendido a pol\u00edcia secreta revistando seu apartamento.<\/span><\/div>\n<div><span style=\"font-size: large;\">\u00a0<\/span><\/div>\n<div><span style=\"font-size: large;\">&#8220;O Chile que encontrei era mais pobre do que Cuba e a Venezuela hoje, e os &#8216;Chicago boys&#8217; consertaram o pa\u00eds. Hoje o Chile \u00e9 como a Su\u00ed\u00e7a&#8221;, ele diz, desconsiderando custos sociais como o desemprego de 21% que o pa\u00eds registrava em 1983. &#8220;Isso \u00e9 asneira&#8221;, ele diz. &#8220;O desemprego j\u00e1 estava l\u00e1. Mas estava escondido dentro de uma economia destru\u00edda&#8221;. \u00c9 uma opini\u00e3o contenciosa.<\/span><\/div>\n<div><span style=\"font-size: large;\">\u00a0<\/span><\/div>\n<div><span style=\"font-size: large;\">De volta ao Brasil, ele se tornou administrador de investimentos, &#8220;day trader&#8221; ocasional, e colunista prol\u00edfico na imprensa. Ele diz ter sido apresentado a Bolsonaro &#8220;exatamente um ano e um dia atr\u00e1s&#8221;, e que rejeitou diversos convites anteriores para postos no governo; Guedes recorre ao jarg\u00e3o dos operadores de mercado para justificar sua escolha de aceitar o convite do presidente.<\/span><\/div>\n<div><span style=\"font-size: large;\">\u00a0<\/span><\/div>\n<div><span style=\"font-size: large;\">&#8220;Passei a vida gerando alfa [desempenho superior ao mercado] e vendo sucessivos governos destru\u00edrem beta&#8221;, ele diz. &#8220;Agora quero melhorar o beta do Brasil&#8221;, acrescenta, usando a letra grega que descreve o desempenho subjacente do mercado.<\/span><\/div>\n<div><span style=\"font-size: large;\">\u00a0<\/span><\/div>\n<div><span style=\"font-size: large;\">Depois de 20 anos de ditadura e 30 anos de social-democracia, a virada do Brasil para a direita \u00e9 saud\u00e1vel, ele diz. &#8220;Quando os liberais chegam ao poder, isso \u00e9 boa not\u00edcia, n\u00e3o m\u00e1 not\u00edcia&#8221;.<\/span><\/div>\n<div><span style=\"font-size: large;\">\u00a0<\/span><\/div>\n<div><span style=\"font-size: large;\">Ainda restam d\u00favidas, no entanto. E quanto \u00e0 pol\u00edtica social, se considerarmos a desigualdade gritante do Brasil? Ser\u00e1 que sua magia do livre mercado se manter\u00e1 compat\u00edvel com o liberalismo pol\u00edtico, dadas as inclina\u00e7\u00f5es aparentemente autorit\u00e1rias de Bolsonaro?<\/span><\/div>\n<div><span style=\"font-size: large;\">\u00a0<\/span><\/div>\n<div><span style=\"font-size: large;\">&#8220;Certamente. A R\u00fassia e o Brasil tiveram a glasnost antes da perestroika&#8221;, ele diz, se referindo a pol\u00edticas de abertura ou liberaliza\u00e7\u00e3o pol\u00edtica e econ\u00f4mica, respectivamente. &#8220;As duas coisas s\u00e3o necess\u00e1rias. Com isso voc\u00ea tem crescimento, e uma classe m\u00e9dia que traz estabilidade&#8221;. O caminho alternativo tomado pelo Brasil conduz a um Estado de rentistas, caracterizado pela corrup\u00e7\u00e3o.<\/span><\/div>\n<div><span style=\"font-size: large;\">\u00a0<\/span><\/div>\n<div><span style=\"font-size: large;\">&#8220;Somos uma democracia perneta&#8221;, ele diz. &#8220;O sistema \u00e9 corrupto. Por que outro motivo Lula, o pol\u00edtico mais popular do Brasil, seria condenado a 13 anos de pris\u00e3o por acusa\u00e7\u00f5es de corrup\u00e7\u00e3o?&#8221;<\/span><\/div>\n<div><span style=\"font-size: large;\">\u00a0<\/span><\/div>\n<div><span style=\"font-size: large;\">Ele aponta para um televisor, no qual um notici\u00e1rio acabava de informar sobre a mais recente condena\u00e7\u00e3o do ex-presidente. Luiz In\u00e1cio Lula Silva j\u00e1 tinha sido sentenciado a 12 anos de pris\u00e3o. Os cr\u00edticos dizem que isso foi obra de um Judici\u00e1rio manipulado pelos pol\u00edticos, que queriam excluir o l\u00edder esquerdista da elei\u00e7\u00e3o e abrir caminho \u00e0 vit\u00f3ria de Bolsonaro.<\/span><\/div>\n<div><span style=\"font-size: large;\">\u00a0<\/span><\/div>\n<div><span style=\"font-size: large;\">Guedes aponta que em lugar disso foi o sistema de compadrio profundamente enraizado na pol\u00edtica brasileira que o enredou. A receita para corrigir esse problema \u00e9 &#8220;uma economia propelida pelo mercado e n\u00e3o a economia dirigista fracassada que corrompeu a ordem pol\u00edtica&#8221;. Poucos brasileiros discordariam desse diagn\u00f3stico, se levarmos em conta que o pa\u00eds continua a sofrer as consequ\u00eancias da pior recess\u00e3o e do maior esc\u00e2ndalo de corrup\u00e7\u00e3o de sua hist\u00f3ria.<\/span><\/div>\n<div><span style=\"font-size: large;\">\u00a0<\/span><\/div>\n<div><span style=\"font-size: large;\">A vis\u00e3o econ\u00f4mica de Guedes \u00e9 mais Ronald Reagan que Donald\u00a0 Trump, e ele parece realista quanto \u00e0s limita\u00e7\u00f5es pol\u00edticas. &#8220;O presidente [sempre pode dizer] n\u00e3o, os votos s\u00e3o meus&#8221;. Economista te\u00f3rico que planeja chegar \u00e0s estrelas, Guedes aparentemente se satisfaria com atingir a lua, e sabe que a viagem ser\u00e1 complicada. &#8220;Sim, a economia vai crescer mais r\u00e1pido. Mas n\u00e3o podemos ser ing\u00eanuos. H\u00e1 muitos danos a consertar&#8221;.<\/span><\/div>\n<\/div>\n<\/div>\n","protected":false},"excerpt":{"rendered":"<p>Folha\u00a0 \u00a0 Ap\u00f3s 20 anos de ditadura e 30 de social-democracia, a virada para a direita \u00e9 saud\u00e1vel, diz guru de Bolsonaro \u00a0 Paulo Guedes leva o dedo \u00e0 t\u00eampora. &#8220;As pessoas da esquerda t\u00eam cabe\u00e7as moles e bom cora\u00e7\u00e3o&#8221;, ele diz. &#8220;As pessoas da direita t\u00eam cabe\u00e7as duras, e&#8230;&#8221; Ele busca a frase correta&#8230;. <\/p>\n<div class=\"clear\"><\/div>\n<p><a href=\"https:\/\/bbconsultoria.net\/site\/paulo-guedes-prepara-perestroika-de-liberalizacao-do-mercado\/\" class=\"excerpt-read-more\">Read More<\/a><\/p>\n","protected":false},"author":4,"featured_media":0,"comment_status":"closed","ping_status":"closed","sticky":false,"template":"","format":"standard","meta":{"footnotes":""},"categories":[82],"tags":[],"class_list":["post-6616","post","type-post","status-publish","format-standard","hentry","category-noticias"],"_links":{"self":[{"href":"https:\/\/bbconsultoria.net\/site\/wp-json\/wp\/v2\/posts\/6616","targetHints":{"allow":["GET"]}}],"collection":[{"href":"https:\/\/bbconsultoria.net\/site\/wp-json\/wp\/v2\/posts"}],"about":[{"href":"https:\/\/bbconsultoria.net\/site\/wp-json\/wp\/v2\/types\/post"}],"author":[{"embeddable":true,"href":"https:\/\/bbconsultoria.net\/site\/wp-json\/wp\/v2\/users\/4"}],"replies":[{"embeddable":true,"href":"https:\/\/bbconsultoria.net\/site\/wp-json\/wp\/v2\/comments?post=6616"}],"version-history":[{"count":1,"href":"https:\/\/bbconsultoria.net\/site\/wp-json\/wp\/v2\/posts\/6616\/revisions"}],"predecessor-version":[{"id":6617,"href":"https:\/\/bbconsultoria.net\/site\/wp-json\/wp\/v2\/posts\/6616\/revisions\/6617"}],"wp:attachment":[{"href":"https:\/\/bbconsultoria.net\/site\/wp-json\/wp\/v2\/media?parent=6616"}],"wp:term":[{"taxonomy":"category","embeddable":true,"href":"https:\/\/bbconsultoria.net\/site\/wp-json\/wp\/v2\/categories?post=6616"},{"taxonomy":"post_tag","embeddable":true,"href":"https:\/\/bbconsultoria.net\/site\/wp-json\/wp\/v2\/tags?post=6616"}],"curies":[{"name":"wp","href":"https:\/\/api.w.org\/{rel}","templated":true}]}}