{"id":6614,"date":"2019-02-11T12:30:29","date_gmt":"2019-02-11T14:30:29","guid":{"rendered":"http:\/\/bbconsultoria.net\/site\/?p=6614"},"modified":"2019-02-22T12:31:40","modified_gmt":"2019-02-22T15:31:40","slug":"analise-do-cenario-politico-federal-e-estadual","status":"publish","type":"post","link":"https:\/\/bbconsultoria.net\/site\/analise-do-cenario-politico-federal-e-estadual\/","title":{"rendered":"An\u00e1lise do cen\u00e1rio pol\u00edtico federal e estadual\u00a0"},"content":{"rendered":"<div><\/div>\n<div><span style=\"font-size: large;\">\u00a0<\/span><\/div>\n<div><span style=\"font-size: large;\">No Plano Federal&#8230;<\/span><\/div>\n<div><span style=\"font-size: large;\">\u00a0<\/span><\/div>\n<div><span style=\"font-size: large;\">As coisas est\u00e3o em banho-maria, aguardando a recupera\u00e7\u00e3o do presidente Bolsonaro. H\u00e1 um clima muito mais favor\u00e1vel \u00e0 Reforma da previd\u00eancia do que havia no ano passado, no ano eleitoral.\u00a0<\/span><\/div>\n<div><span style=\"font-size: large;\">\u00a0<\/span><\/div>\n<div><span style=\"font-size: large;\">Os novos governadores que assumiram, quase todos, est\u00e3o quebrados. Est\u00e3o, na maioria, com o mesmo problema, que \u00e9 o fato da Previd\u00eancia, as contas que n\u00e3o fecham.\u00a0<\/span><\/div>\n<div><span style=\"font-size: large;\">\u00a0<\/span><\/div>\n<div><span style=\"font-size: large;\">A solu\u00e7\u00e3o para todos esses problemas seria fazer um esfor\u00e7o \u00fanico, j\u00e1 que, obviamente, \u00e9 um processo desgastante. Ao inv\u00e9s de fazer 27 reformas, fazer uma s\u00f3, a n\u00edvel federal, facilitaria a vida de todos.\u00a0<\/span><\/div>\n<div><span style=\"font-size: large;\">\u00a0<\/span><\/div>\n<div><span style=\"font-size: large;\">H\u00e1 um consenso em rela\u00e7\u00e3o a isso. Obviamente, essa \u00e9 a principal pauta a ser tratada nesse primeiro semestre. Esse assunto resolvido, certamente, as perspectivas econ\u00f4micas ser\u00e3o muito boas.\u00a0<\/span><\/div>\n<div><span style=\"font-size: large;\">\u00a0<\/span><\/div>\n<div><span style=\"font-size: large;\">No Plano Estadual&#8230;<\/span><\/div>\n<div><span style=\"font-size: large;\">\u00a0<\/span><\/div>\n<div><span style=\"font-size: large;\">Segue o governador mais em campanha do que, efetivamente, exercendo o cargo.\u00a0<\/span><\/div>\n<div><span style=\"font-size: large;\">\u00a0<\/span><\/div>\n<div><span style=\"font-size: large;\">Parece que h\u00e1 um completo desconhecimento do tempo das coisas, como a necessidade de ser fazer todas as &#8220;maldades&#8221; no in\u00edcio para que o governador usufrua do capital pol\u00edtico que tem logo no in\u00edcio do governo.\u00a0<\/span><\/div>\n<div><span style=\"font-size: large;\">\u00a0<\/span><\/div>\n<div><span style=\"font-size: large;\">Nenhuma medida estruturante foi feita, at\u00e9 agora, em rela\u00e7\u00e3o ao Estado. Pode ser que esteja no aguardo da aprova\u00e7\u00e3o da Reforma da Previd\u00eancia, que \u00e9 o principal problema do Rio de Janeiro. Mas, h\u00e1 outras coisas que deveriam ser feitas para que se conseguisse equalizar a quest\u00e3o financeira\/or\u00e7ament\u00e1ria do Estado.\u00a0<\/span><\/div>\n<div><span style=\"font-size: large;\">\u00a0<\/span><\/div>\n<div><span style=\"font-size: large;\">Witzel segue tocando o governo com apari\u00e7\u00f5es, declara\u00e7\u00f5es bomb\u00e1sticas. Enfim, est\u00e1 num clima de campanha que, pelo visto, ainda n\u00e3o se encerrou.\u00a0<\/span><\/div>\n","protected":false},"excerpt":{"rendered":"<p>\u00a0 No Plano Federal&#8230; \u00a0 As coisas est\u00e3o em banho-maria, aguardando a recupera\u00e7\u00e3o do presidente Bolsonaro. H\u00e1 um clima muito mais favor\u00e1vel \u00e0 Reforma da previd\u00eancia do que havia no ano passado, no ano eleitoral.\u00a0 \u00a0 Os novos governadores que assumiram, quase todos, est\u00e3o quebrados. Est\u00e3o, na maioria, com o mesmo problema, que \u00e9 o&#8230; <\/p>\n<div class=\"clear\"><\/div>\n<p><a href=\"https:\/\/bbconsultoria.net\/site\/analise-do-cenario-politico-federal-e-estadual\/\" class=\"excerpt-read-more\">Read More<\/a><\/p>\n","protected":false},"author":4,"featured_media":0,"comment_status":"closed","ping_status":"closed","sticky":false,"template":"","format":"standard","meta":{"footnotes":""},"categories":[82],"tags":[],"class_list":["post-6614","post","type-post","status-publish","format-standard","hentry","category-noticias"],"_links":{"self":[{"href":"https:\/\/bbconsultoria.net\/site\/wp-json\/wp\/v2\/posts\/6614","targetHints":{"allow":["GET"]}}],"collection":[{"href":"https:\/\/bbconsultoria.net\/site\/wp-json\/wp\/v2\/posts"}],"about":[{"href":"https:\/\/bbconsultoria.net\/site\/wp-json\/wp\/v2\/types\/post"}],"author":[{"embeddable":true,"href":"https:\/\/bbconsultoria.net\/site\/wp-json\/wp\/v2\/users\/4"}],"replies":[{"embeddable":true,"href":"https:\/\/bbconsultoria.net\/site\/wp-json\/wp\/v2\/comments?post=6614"}],"version-history":[{"count":1,"href":"https:\/\/bbconsultoria.net\/site\/wp-json\/wp\/v2\/posts\/6614\/revisions"}],"predecessor-version":[{"id":6615,"href":"https:\/\/bbconsultoria.net\/site\/wp-json\/wp\/v2\/posts\/6614\/revisions\/6615"}],"wp:attachment":[{"href":"https:\/\/bbconsultoria.net\/site\/wp-json\/wp\/v2\/media?parent=6614"}],"wp:term":[{"taxonomy":"category","embeddable":true,"href":"https:\/\/bbconsultoria.net\/site\/wp-json\/wp\/v2\/categories?post=6614"},{"taxonomy":"post_tag","embeddable":true,"href":"https:\/\/bbconsultoria.net\/site\/wp-json\/wp\/v2\/tags?post=6614"}],"curies":[{"name":"wp","href":"https:\/\/api.w.org\/{rel}","templated":true}]}}