{"id":6608,"date":"2019-02-18T12:27:46","date_gmt":"2019-02-18T15:27:46","guid":{"rendered":"http:\/\/bbconsultoria.net\/site\/?p=6608"},"modified":"2019-02-22T12:28:28","modified_gmt":"2019-02-22T15:28:28","slug":"o-governo-depois-de-bebianno","status":"publish","type":"post","link":"https:\/\/bbconsultoria.net\/site\/o-governo-depois-de-bebianno\/","title":{"rendered":"O governo depois de Bebianno"},"content":{"rendered":"<div class=\"gmail_attr\"><span style=\"font-size: large;\">\u00a0<\/span><\/div>\n<p><span style=\"font-size: large;\">G1<\/span><\/p>\n<div dir=\"ltr\">\n<div dir=\"ltr\">\n<div><\/div>\n<div>\n<div><span style=\"font-size: large;\">Din\u00e2mica revelada pelo caso recomenda ceticismo sobre aprova\u00e7\u00e3o da Previd\u00eancia<\/span><\/div>\n<div><span style=\"font-size: large;\">\u00a0<\/span><\/div>\n<div><span style=\"font-size: large;\">\u00a0<\/span><\/div>\n<div><span style=\"font-size: large;\">O mais importante na sa\u00edda iminente de Gustavo Bebianno do minist\u00e9rio \u00e9 o que ela revela sobre a din\u00e2mica do governo Jair Bolsonaro.<\/span><\/div>\n<div><span style=\"font-size: large;\">\u00a0<\/span><\/div>\n<div><span style=\"font-size: large;\">Dois princ\u00edpios foram demonstrados pela crise: o poder dos filhos do presidente e o uso das redes sociais para exerc\u00ea-lo. Tais princ\u00edpios continuar\u00e3o v\u00e1lidos para todas as iniciativas daqui em diante.<\/span><\/div>\n<div><span style=\"font-size: large;\">\u00a0<\/span><\/div>\n<div><span style=\"font-size: large;\">\u00c9 ing\u00eanuo acreditar que as \u201calas moderadas\u201d do governo, os generais, os ministros S\u00e9rgio Moro ou Paulo Guedes criem uma nova din\u00e2mica de poder. Enquanto o presidente for Bolsonaro, ele ser\u00e1 leal \u00e0quilo que d\u00e1 mais valor: sua fam\u00edlia e seus eleitorado mais fiel.<\/span><\/div>\n<div><span style=\"font-size: large;\">\u00a0<\/span><\/div>\n<div><span style=\"font-size: large;\">O pre\u00e7o pol\u00edtico que paga por isso \u00e9 evidente. Tanto na derrota de Renan Calheiros na elei\u00e7\u00e3o para a presid\u00eancia do Senado quanto na queda de Bebianno, Bolsonaro conquistou dois novos inimigos pol\u00edticos, que tentar\u00e3o atrapalh\u00e1-lo no Congresso.<\/span><\/div>\n<div><span style=\"font-size: large;\">\u00a0<\/span><\/div>\n<div><span style=\"font-size: large;\">A cada crise, o custo de aprova\u00e7\u00e3o da reforma da Previd\u00eancia sobe. Isso n\u00e3o significa necessariamente que j\u00e1 tenha naufragado, mas que dar\u00e1 mais trabalho. Os aplausos das redes sociais n\u00e3o mudam tal realidade.<\/span><\/div>\n<div><span style=\"font-size: large;\">\u00a0<\/span><\/div>\n<div><span style=\"font-size: large;\">Guedes disp\u00f5e de uma articula\u00e7\u00e3o pol\u00edtica pr\u00f3pria, em torno do ex-deputado Rog\u00e9rio Marinho e de sua proximidade do presidente da C\u00e2mara, Rodrigo Maia. Mas o governo ainda n\u00e3o tem estrat\u00e9gia para conduzir seus projetos, que disputam a aten\u00e7\u00e3o dos parlamentares.<\/span><\/div>\n<div><span style=\"font-size: large;\">\u00a0<\/span><\/div>\n<div><span style=\"font-size: large;\">As quest\u00f5es de ordem pr\u00e1tica se acumulam sem resposta. Qual \u00e9 a prioridade? O pacote de seguran\u00e7a p\u00fablica de Moro? A agenda dos costumes da \u201cnova direita\u201d? Ou a Previd\u00eancia de Guedes? Com quantos votos cada uma dessas agendas conta no Parlamento? Quem s\u00e3o os l\u00edderes abertos a negocia\u00e7\u00e3o? Que tipo de concess\u00e3o ser\u00e1 preciso fazer para convenc\u00ea-los?<\/span><\/div>\n<div><span style=\"font-size: large;\">\u00a0<\/span><\/div>\n<div><span style=\"font-size: large;\">Nada disso se sabe. O pr\u00f3prio texto da reforma da Previd\u00eancia, que dever\u00e1 ser encaminhada esta semana, ainda \u00e9 uma inc\u00f3gnita. Antes mesmo de apresent\u00e1-lo, Guedes j\u00e1 fez concess\u00f5es ao estabelecer idades m\u00ednimas diferentes para homens e mulheres e ao deixar de lado imposi\u00e7\u00f5es a estados e munic\u00edpios.<\/span><\/div>\n<div><span style=\"font-size: large;\">\u00a0<\/span><\/div>\n<div><span style=\"font-size: large;\">Concess\u00f5es nessa fase n\u00e3o garantem votos. Ao contr\u00e1rio, o mais prov\u00e1vel \u00e9 que novas se tornem necess\u00e1rios para aplacar os parlamentares, \u00e0 medida que o projeto estiver em tramita\u00e7\u00e3o.<\/span><\/div>\n<div><span style=\"font-size: large;\">\u00a0<\/span><\/div>\n<div><span style=\"font-size: large;\">Em tese, n\u00e3o h\u00e1 conflito entre os princ\u00edpios que regem a a\u00e7\u00e3o de Bolsonaro \u2013 filhos e redes sociais \u2013 e a articula\u00e7\u00e3o pol\u00edtica no Congresso, ou entre eles e as pautas mais relevantes para o governo. Mas h\u00e1 uma tens\u00e3o latente.<\/span><\/div>\n<div><span style=\"font-size: large;\">\u00a0<\/span><\/div>\n<div><span style=\"font-size: large;\">Cada mudan\u00e7a que os representantes legitimamente eleitos impuserem \u00e0s medidas legislativas \u00e9 alvo potencial de manobras semelhantes \u00e0 que Bolsonaro p\u00f4s em marcha para derrubar Bebianno. Tudo estar\u00e1 sujeito ao escrut\u00ednio dos bolsonaristas do Twitter e \u00e0 anu\u00eancia dos filhos.<\/span><\/div>\n<div><span style=\"font-size: large;\">\u00a0<\/span><\/div>\n<div><span style=\"font-size: large;\">Lobistas experimentados j\u00e1 tentam se aproximar deles para garantir seus interesses. Mas uma caracter\u00edstica do movimento que elegeu Bolsonaro imp\u00f5e outra din\u00e2mica pol\u00edtica. A convic\u00e7\u00e3o ideol\u00f3gica dos filhos e fieis parece ainda mais s\u00f3lida que a dos militantes petistas. Ing\u00eanuo esperar que abram m\u00e3o dela em nome de interesses.<\/span><\/div>\n<div><span style=\"font-size: large;\">\u00a0<\/span><\/div>\n<div><span style=\"font-size: large;\">Foi o que aconteceu tanto no caso de Renan quanto no de Bebianno. Ambos prenunciam novas crises sim\u00e9tricas. De um lado, a ala ideol\u00f3gica, insistindo na pureza dos projetos, para o j\u00fabilo e g\u00e1udio da tuitosfera. De outro, os pragm\u00e1ticos, moderados, \u201cadultos no recinto\u201d ou seja l\u00e1 o termo escolhido para qualificar esse grupo l\u00e1bil e amorfo, que re\u00fane do vice Hamilton Mour\u00e3o a Paulo Guedes.<\/span><\/div>\n<div><span style=\"font-size: large;\">\u00a0<\/span><\/div>\n<div><span style=\"font-size: large;\">Bolsonaro, na hora da d\u00favida, demonstrou estar com o primeiro grupo. Qualquer iniciativa de seu governo, por\u00e9m, depender\u00e1 do segundo. O potencial para conflitos \u00e9 inesgot\u00e1vel. A chance de apaziguamento, diminuta, ex\u00edgua.<\/span><\/div>\n<div><span style=\"font-size: large;\">\u00a0<\/span><\/div>\n<div><span style=\"font-size: large;\">O mercado financeiro ainda tem f\u00e9 nas medidas econ\u00f4micas e acredita na aprova\u00e7\u00e3o de uma reforma da Previd\u00eancia robusta, que transmita um sinal claro de que o Brasil retomou o rumo do crescimento. A esperan\u00e7a \u00e9 compreens\u00edvel, diante das sequelas dos anos petistas. A experi\u00eancia, diante do que j\u00e1 se viu em poucas semanas de governo, recomenda cautela e ceticismo.<\/span><\/div>\n<div class=\"yj6qo ajU\">\n<div id=\":1g5\" class=\"ajR\" tabindex=\"0\" role=\"button\" data-tooltip=\"Mostrar conte\u00fado cortado\" aria-label=\"Mostrar conte\u00fado cortado\" aria-expanded=\"false\"><img decoding=\"async\" class=\"ajT\" src=\"https:\/\/ssl.gstatic.com\/ui\/v1\/icons\/mail\/images\/cleardot.gif\" \/><\/div>\n<\/div>\n<\/div>\n<\/div>\n<\/div>\n","protected":false},"excerpt":{"rendered":"<p>\u00a0 G1 Din\u00e2mica revelada pelo caso recomenda ceticismo sobre aprova\u00e7\u00e3o da Previd\u00eancia \u00a0 \u00a0 O mais importante na sa\u00edda iminente de Gustavo Bebianno do minist\u00e9rio \u00e9 o que ela revela sobre a din\u00e2mica do governo Jair Bolsonaro. \u00a0 Dois princ\u00edpios foram demonstrados pela crise: o poder dos filhos do presidente e o uso das redes&#8230; <\/p>\n<div class=\"clear\"><\/div>\n<p><a href=\"https:\/\/bbconsultoria.net\/site\/o-governo-depois-de-bebianno\/\" class=\"excerpt-read-more\">Read More<\/a><\/p>\n","protected":false},"author":4,"featured_media":0,"comment_status":"closed","ping_status":"closed","sticky":false,"template":"","format":"standard","meta":{"footnotes":""},"categories":[82],"tags":[],"class_list":["post-6608","post","type-post","status-publish","format-standard","hentry","category-noticias"],"_links":{"self":[{"href":"https:\/\/bbconsultoria.net\/site\/wp-json\/wp\/v2\/posts\/6608","targetHints":{"allow":["GET"]}}],"collection":[{"href":"https:\/\/bbconsultoria.net\/site\/wp-json\/wp\/v2\/posts"}],"about":[{"href":"https:\/\/bbconsultoria.net\/site\/wp-json\/wp\/v2\/types\/post"}],"author":[{"embeddable":true,"href":"https:\/\/bbconsultoria.net\/site\/wp-json\/wp\/v2\/users\/4"}],"replies":[{"embeddable":true,"href":"https:\/\/bbconsultoria.net\/site\/wp-json\/wp\/v2\/comments?post=6608"}],"version-history":[{"count":1,"href":"https:\/\/bbconsultoria.net\/site\/wp-json\/wp\/v2\/posts\/6608\/revisions"}],"predecessor-version":[{"id":6609,"href":"https:\/\/bbconsultoria.net\/site\/wp-json\/wp\/v2\/posts\/6608\/revisions\/6609"}],"wp:attachment":[{"href":"https:\/\/bbconsultoria.net\/site\/wp-json\/wp\/v2\/media?parent=6608"}],"wp:term":[{"taxonomy":"category","embeddable":true,"href":"https:\/\/bbconsultoria.net\/site\/wp-json\/wp\/v2\/categories?post=6608"},{"taxonomy":"post_tag","embeddable":true,"href":"https:\/\/bbconsultoria.net\/site\/wp-json\/wp\/v2\/tags?post=6608"}],"curies":[{"name":"wp","href":"https:\/\/api.w.org\/{rel}","templated":true}]}}