{"id":6606,"date":"2019-02-18T12:26:23","date_gmt":"2019-02-18T15:26:23","guid":{"rendered":"http:\/\/bbconsultoria.net\/site\/?p=6606"},"modified":"2019-02-22T12:26:57","modified_gmt":"2019-02-22T15:26:57","slug":"bolsonaro-tenta-agenda-positiva-para-abafar-crise-e-ala-militar-ganha-forca","status":"publish","type":"post","link":"https:\/\/bbconsultoria.net\/site\/bolsonaro-tenta-agenda-positiva-para-abafar-crise-e-ala-militar-ganha-forca\/","title":{"rendered":"Bolsonaro tenta agenda positiva para abafar crise, e ala militar ganha for\u00e7a"},"content":{"rendered":"<div class=\"gmail_attr adM\" dir=\"ltr\"><\/div>\n<p><span style=\"font-size: large;\">FOLHA<\/span><\/p>\n<div dir=\"ltr\">\n<div dir=\"ltr\">\n<div><\/div>\n<div>\n<div><span style=\"font-size: large;\">Governo busca atenuar desgaste com planos de Moro e da Previd\u00eancia<\/span><\/div>\n<div><span style=\"font-size: large;\">\u00a0<\/span><\/div>\n<div><span style=\"font-size: large;\">O presidente Jair Bolsonaro (PSL) planeja ofensiva com agenda de an\u00fancios para tentar abafar a crise que atinge seu governo devido ao esc\u00e2ndalo revelado pela Folha das candidaturas laranjas de seu partido.<br \/>\n<\/span><\/div>\n<div><span style=\"font-size: large;\">\u00a0<\/span><\/div>\n<div><span style=\"font-size: large;\">O momento de maior fragilidade pol\u00edtica em 49 dias de governo Bolsonaro tamb\u00e9m tende a provocar a consolida\u00e7\u00e3o do poder militar na gest\u00e3o federal devido \u00e0 sa\u00edda do ministro Gustavo Bebianno (Secretaria-Geral da Presid\u00eancia), cuja oficializa\u00e7\u00e3o \u00e9 prevista para esta segunda (18).<\/span><\/div>\n<div><span style=\"font-size: large;\">\u00a0<\/span><\/div>\n<div><span style=\"font-size: large;\">O general da reserva Floriano Peixoto Vieira Neto, 64, dever\u00e1 ser efetivado no lugar de Bebianno. Se confirmado, ser\u00e1 o oitavo ministro egresso da \u00e1rea militar no governo, que tem 22 pastas \u2014e Onyx Lorenzoni (Casa Civil) ser\u00e1 o \u00faltimo civil com assento no Pal\u00e1cio do Planalto.<\/span><\/div>\n<div><span style=\"font-size: large;\">\u00a0<\/span><\/div>\n<div><span style=\"font-size: large;\">O embate entre Bebianno, Bolsonaro e Carlos, filho do presidente, que alavancou a crise ao chamar o ministro de mentiroso, foi visto nos \u00faltimos dias com extrema preocupa\u00e7\u00e3o pela ala militar do governo, que busca agora se impor para contornar o desgaste.<\/span><\/div>\n<div><span style=\"font-size: large;\">\u00a0<\/span><\/div>\n<div><span style=\"font-size: large;\">Dentro do governo, existe ainda o temor de que Bebianno &#8220;saia atirando&#8221;, que a bancada governista fique fachada no Congresso em meio \u00e0 troca de acusa\u00e7\u00f5es sobre as candidaturas laranjas do PSL e que as suspeitas do esquema alcancem outros estados al\u00e9m de Pernambuco e Minas \u2014casos revelados pela Folha.<\/span><\/div>\n<div><span style=\"font-size: large;\">\u00a0<\/span><\/div>\n<div><span style=\"font-size: large;\">Bolsonaro tentar\u00e1 atenuar esse desgaste ao apresentar ao Legislativo nesta semana dois projetos que tratam de bandeiras importantes da gest\u00e3o: o combate \u00e0 corrup\u00e7\u00e3o e o ajuste das contas p\u00fablicas.<\/span><\/div>\n<div><span style=\"font-size: large;\">\u00a0<\/span><\/div>\n<div><span style=\"font-size: large;\">Na ter\u00e7a-feira (19), o ministro Sergio Moro (Justi\u00e7a) levar\u00e1 ao Congresso a proposta de uma lei anticrime.<\/span><\/div>\n<div><span style=\"font-size: large;\">Na quarta (20), ser\u00e1 a vez de a equipe econ\u00f4mica de Paulo Guedes entregar a proposta de reforma da Previd\u00eancia. Bolsonaro far\u00e1 um pronunciamento em rede nacional, na televis\u00e3o e no r\u00e1dio para falar especialmente das mudan\u00e7as nas regras da aposentadoria.\u00a0<\/span><\/div>\n<div><span style=\"font-size: large;\">\u00a0<\/span><\/div>\n<div><span style=\"font-size: large;\">Segundo assessores, o presidente sabe que ter\u00e1 pela frente dificuldades com seu partido e que a crise com Bebianno, que foi o bra\u00e7o-direito de Bolsonaro e presidente do PSL durante a campanha, deixa arestas a serem aparadas com o Legislativo.<\/span><\/div>\n<div><span style=\"font-size: large;\">\u00a0<\/span><\/div>\n<div><span style=\"font-size: large;\">Aliados viram no processo de fritura p\u00fablica do ministro deslealdade de Bolsonaro.<\/span><\/div>\n<div><span style=\"font-size: large;\">\u00a0<\/span><\/div>\n<div><span style=\"font-size: large;\">Neste domingo (17), o empres\u00e1rio Paulo Marinho, suplente de Fl\u00e1vio Bolsonaro (PSL-RJ) no Senado, criticou a atua\u00e7\u00e3o dos filhos do presidente. &#8220;Vejo como todo mundo: com muito maus olhos. Mas filho \u00e9 filho, n\u00e9?&#8221;, afirmou a jornalistas ao deixar o hotel onde esteve hospedado com o ministro Gustavo Bebianno (Secretaria-Geral) nos \u00faltimos dias, em Bras\u00edlia.<\/span><\/div>\n<div><span style=\"font-size: large;\">\u00a0<\/span><\/div>\n<div><span style=\"font-size: large;\">Ele negou que Bebianno se sinta vingativo com Bolsonaro e disse que &#8220;vida que segue&#8221; \u00e9 o acontece quando &#8220;se anda em m\u00e1s companhias&#8221;.<\/span><\/div>\n<div><span style=\"font-size: large;\">\u00a0<\/span><\/div>\n<div><span style=\"font-size: large;\">A aliados, Bebianno oscila sobre o futuro: em alguns momentos endurece o discurso e diz que &#8220;n\u00e3o cair\u00e1 sozinho&#8221;; em outros, acata o aconselhamento de amigos de falar o m\u00ednimo poss\u00edvel.<\/span><\/div>\n<div><span style=\"font-size: large;\">\u00a0<\/span><\/div>\n<div><span style=\"font-size: large;\">O presidente passou o fim de semana no Pal\u00e1cio do Alvorada com familiares. Recebeu visitas de alguns ministros \u2014orientados a n\u00e3o comentar a crise e a se voltar para medidas governamentais\u2014 e usou as redes sociais s\u00f3 para replicar as a\u00e7\u00f5es dos minist\u00e9rios.\u00a0<\/span><\/div>\n<div><span style=\"font-size: large;\">\u00a0<\/span><\/div>\n<div><span style=\"font-size: large;\">&#8220;Estamos fiscalizando recursos, diminuindo gastos, propondo endurecimento penal, Previd\u00eancia. Tudo isso em pouqu\u00edssimo tempo. Nossos objetivos s\u00e3o claros: resgatar nossa seguran\u00e7a, fazer a economia crescer novamente e servir a quem realmente manda no pa\u00eds: a popula\u00e7\u00e3o brasileira&#8221;, escreveu Bolsonaro no Twitter durante a tarde.<\/span><\/div>\n<div><span style=\"font-size: large;\">\u00a0<\/span><\/div>\n<div><span style=\"font-size: large;\">A proposta de Guedes vai ser apresentada por meio de pe\u00e7as de publicidade que v\u00e3o falar em &#8220;Nova Previd\u00eancia&#8221; e apontar n\u00fameros para tentar convencer a popula\u00e7\u00e3o de que o projeto \u00e9 necess\u00e1rio para que pobres e ricos tenham as mesmas condi\u00e7\u00f5es.\u00a0<\/span><\/div>\n<div><span style=\"font-size: large;\">\u00a0<\/span><\/div>\n<div><span style=\"font-size: large;\">\u00c9 previsto para esta semana ainda o an\u00fancio dos l\u00edderes do governo no Senado e no Congresso, o que permitir\u00e1 que o Executivo tenha representantes diretos nas negocia\u00e7\u00f5es das pautas de vota\u00e7\u00f5es das duas casas legislativas.<\/span><\/div>\n<div><span style=\"font-size: large;\">\u00a0<\/span><\/div>\n<div><span style=\"font-size: large;\">Bolsonaro vai receber no Alvorada lideran\u00e7as do Legislativo para discutir as propostas do governo. Na manh\u00e3 de quarta ser\u00e1 a vez de o PSL tomar um caf\u00e9 da manh\u00e3 com o presidente em uma conversa que busca realinhar o partido.<\/span><\/div>\n<div><span style=\"font-size: large;\">\u00a0<\/span><\/div>\n<div><span style=\"font-size: large;\">A tramita\u00e7\u00e3o da reforma da Previd\u00eancia \u00e9 uma das maiores preocupa\u00e7\u00f5es hoje dos militares, que n\u00e3o veem no chefe da Casa Civil estofo para orientar o trabalho no Congresso.<\/span><\/div>\n<div><span style=\"font-size: large;\">\u00a0<\/span><\/div>\n<div><span style=\"font-size: large;\">Esse grupo quer que Floriano Peixoto, hoje secret\u00e1rio-executivo de Bebianno, seja nomeado de forma definitiva.<\/span><\/div>\n<div><span style=\"font-size: large;\">\u00a0<\/span><\/div>\n<div><span style=\"font-size: large;\">Al\u00e9m do Bolsonaro, que \u00e9 capit\u00e3o reformado, j\u00e1 vieram do Ex\u00e9rcito nomes como o vice-presidente Hamilton Mour\u00e3o (general da reserva) e os ministros Augusto Heleno (Gabinete de Seguran\u00e7a Institucional, general da reserva) e Carlos Alberto dos Santos Cruz (Secretaria de Governo, general da reserva).<\/span><\/div>\n<div><span style=\"font-size: large;\">\u00a0<\/span><\/div>\n<div><span style=\"font-size: large;\">O prov\u00e1vel substituto de Bebianno tem longa hist\u00f3ria no Ex\u00e9rcito, embora n\u00e3o tenha chegado ao Alto Comando \u2014\u00e9 general-de-divis\u00e3o, com tr\u00eas estrelas, pen\u00faltimo grau mais alto da hierarquia.\u00a0<\/span><\/div>\n<div><span style=\"font-size: large;\">\u00a0<\/span><\/div>\n<div><span style=\"font-size: large;\">Floriano Peixoto comandou unidades como a 12\u00aa Brigada de Infantaria Leve (Aerom\u00f3vel), no Vale do Para\u00edba (SP), o 62\u00ba Batalh\u00e3o de Infantaria de Joinville (SC), e a 2\u00aa Divis\u00e3o do Ex\u00e9rcito, em S\u00e3o Paulo.<\/span><\/div>\n<div><span style=\"font-size: large;\">\u00a0<\/span><\/div>\n<div><span style=\"font-size: large;\">Mas foi o Haiti que marcou sua carreira &#8211;com participa\u00e7\u00e3o na Miss\u00e3o de Paz da ONU (Organiza\u00e7\u00e3o das Na\u00e7\u00f5es Unidas) comandada pelo Brasil na ilha caribenha de 2004 a 2017.<\/span><\/div>\n<div><span style=\"font-size: large;\">\u00a0<\/span><\/div>\n<div><span style=\"font-size: large;\">Tendo experi\u00eancia internacional por ter sido instrutor nos Estados Unidos, Floriano Peixoto estava na 5\u00aa Subchefia do Estado-Maior do Ex\u00e9rcito, respons\u00e1vel pelo planejamento de miss\u00f5es estrat\u00e9gicas, inclusive no exterior. Em 2004, ele ajudou a organizar a Minustah, como a miss\u00e3o de paz era conhecida.<\/span><\/div>\n<\/div>\n<\/div>\n<\/div>\n","protected":false},"excerpt":{"rendered":"<p>FOLHA Governo busca atenuar desgaste com planos de Moro e da Previd\u00eancia \u00a0 O presidente Jair Bolsonaro (PSL) planeja ofensiva com agenda de an\u00fancios para tentar abafar a crise que atinge seu governo devido ao esc\u00e2ndalo revelado pela Folha das candidaturas laranjas de seu partido. \u00a0 O momento de maior fragilidade pol\u00edtica em 49 dias&#8230; <\/p>\n<div class=\"clear\"><\/div>\n<p><a href=\"https:\/\/bbconsultoria.net\/site\/bolsonaro-tenta-agenda-positiva-para-abafar-crise-e-ala-militar-ganha-forca\/\" class=\"excerpt-read-more\">Read More<\/a><\/p>\n","protected":false},"author":4,"featured_media":0,"comment_status":"closed","ping_status":"closed","sticky":false,"template":"","format":"standard","meta":{"footnotes":""},"categories":[82],"tags":[],"class_list":["post-6606","post","type-post","status-publish","format-standard","hentry","category-noticias"],"_links":{"self":[{"href":"https:\/\/bbconsultoria.net\/site\/wp-json\/wp\/v2\/posts\/6606","targetHints":{"allow":["GET"]}}],"collection":[{"href":"https:\/\/bbconsultoria.net\/site\/wp-json\/wp\/v2\/posts"}],"about":[{"href":"https:\/\/bbconsultoria.net\/site\/wp-json\/wp\/v2\/types\/post"}],"author":[{"embeddable":true,"href":"https:\/\/bbconsultoria.net\/site\/wp-json\/wp\/v2\/users\/4"}],"replies":[{"embeddable":true,"href":"https:\/\/bbconsultoria.net\/site\/wp-json\/wp\/v2\/comments?post=6606"}],"version-history":[{"count":1,"href":"https:\/\/bbconsultoria.net\/site\/wp-json\/wp\/v2\/posts\/6606\/revisions"}],"predecessor-version":[{"id":6607,"href":"https:\/\/bbconsultoria.net\/site\/wp-json\/wp\/v2\/posts\/6606\/revisions\/6607"}],"wp:attachment":[{"href":"https:\/\/bbconsultoria.net\/site\/wp-json\/wp\/v2\/media?parent=6606"}],"wp:term":[{"taxonomy":"category","embeddable":true,"href":"https:\/\/bbconsultoria.net\/site\/wp-json\/wp\/v2\/categories?post=6606"},{"taxonomy":"post_tag","embeddable":true,"href":"https:\/\/bbconsultoria.net\/site\/wp-json\/wp\/v2\/tags?post=6606"}],"curies":[{"name":"wp","href":"https:\/\/api.w.org\/{rel}","templated":true}]}}