{"id":6604,"date":"2019-02-18T12:25:11","date_gmt":"2019-02-18T15:25:11","guid":{"rendered":"http:\/\/bbconsultoria.net\/site\/?p=6604"},"modified":"2019-02-22T12:25:43","modified_gmt":"2019-02-22T15:25:43","slug":"65-e-62-reforma-previdenciaria-de-bolsonaro-repete-idades-minimas-da-proposta-de-temer","status":"publish","type":"post","link":"https:\/\/bbconsultoria.net\/site\/65-e-62-reforma-previdenciaria-de-bolsonaro-repete-idades-minimas-da-proposta-de-temer\/","title":{"rendered":"65 e 62 Reforma previdenci\u00e1ria de Bolsonaro repete idades m\u00ednimas da proposta de Temer"},"content":{"rendered":"<div><span style=\"font-size: large;\">Folha<\/span><\/div>\n<div dir=\"ltr\">\n<div>\n<div><span style=\"font-size: large;\">\u00a0<\/span><\/div>\n<div><span style=\"font-size: large;\">A nova proposta de reforma da Previd\u00eancia, ao que se indica, ser\u00e1 mais dura que a elaborada e negociada pelo governo Michel Temer (MDB) entre 2016 e o ano passado.<\/span><\/div>\n<div><span style=\"font-size: large;\">\u00a0<\/span><\/div>\n<div><span style=\"font-size: large;\">O presidente Jair Bolsonaro (PSL) enfim se decidiu por defender as idades m\u00ednimas para aposentadoria de 65 anos, para homens, e 62, para mulheres. Repetem-se, com isso, os n\u00fameros da vers\u00e3o atual do texto de Temer. O per\u00edodo de transi\u00e7\u00e3o at\u00e9 a ado\u00e7\u00e3o plena dessa regra, entretanto, \u00e9 encurtado de 20 para 12 anos.<\/span><\/div>\n<div><span style=\"font-size: large;\">J\u00e1 se observa aqui uma concess\u00e3o de natureza pol\u00edtica \u2014a diferencia\u00e7\u00e3o entre segurados e seguradas, que n\u00e3o faz mais sentido do ponto de vista social e econ\u00f4mico.<\/span><\/div>\n<div><span style=\"font-size: large;\">\u00a0<\/span><\/div>\n<div><span style=\"font-size: large;\">Falou-se na equipe econ\u00f4mica em obter uma poupan\u00e7a de US$ 1 trilh\u00e3o em uma d\u00e9cada \u2014algo como o dobro do montante proporcionado pelo projeto anterior.<\/span><\/div>\n<div><span style=\"font-size: large;\">\u00a0<\/span><\/div>\n<div><span style=\"font-size: large;\">A consist\u00eancia de tal estimativa depende de detalhes ainda n\u00e3o esclarecidos da nova proposta. De todo modo, a experi\u00eancia demonstra que as ambi\u00e7\u00f5es reformistas tendem a encolher ao longo das negocia\u00e7\u00f5es com o Legislativo.<\/span><\/div>\n<div><span style=\"font-size: large;\">\u00a0<\/span><\/div>\n<div><span style=\"font-size: large;\">\u00c9 fato que, em tese ao menos, existem hoje condi\u00e7\u00f5es mais prop\u00edcias \u00e0 aprova\u00e7\u00e3o de uma mudan\u00e7a mais profunda. A iniciativa, afinal, parte de um presidente rec\u00e9m-eleito, que a defendeu na campanha.<\/span><\/div>\n<div><span style=\"font-size: large;\">\u00a0<\/span><\/div>\n<div><span style=\"font-size: large;\">Parece encontrar maior aceita\u00e7\u00e3o na opini\u00e3o p\u00fablica, ademais, o fato de que \u00e9 insustent\u00e1vel a situa\u00e7\u00e3o do sistema de aposentadorias, pens\u00f5es e benef\u00edcios assistenciais.<\/span><\/div>\n<div><span style=\"font-size: large;\">\u00a0<\/span><\/div>\n<div><span style=\"font-size: large;\">Ainda assim, as cr\u00edticas de sempre se fizeram ouvir logo que as primeiras defini\u00e7\u00f5es da reforma foram divulgadas. N\u00e3o resta d\u00favida de que haver\u00e1 resist\u00eancia feroz.<\/span><\/div>\n<div><span style=\"font-size: large;\">\u00a0<\/span><\/div>\n<div><span style=\"font-size: large;\">O encolhimento do projeto de Temer no Congresso foi um dos motivos que levaram o governo Bolsonaro a refazer o texto. Assim, ter\u00e1 de recome\u00e7ar do zero a tramita\u00e7\u00e3o na C\u00e2mara dos Deputados, que dificilmente estar\u00e1 conclu\u00edda antes da metade do ano.<\/span><\/div>\n<div><span style=\"font-size: large;\">\u00a0<\/span><\/div>\n<div><span style=\"font-size: large;\">A provid\u00eancia mais importante para o reequil\u00edbrio or\u00e7ament\u00e1rio fica, pois, mais sujeita aos azares e aos esc\u00e2ndalos da pol\u00edtica.<\/span><\/div>\n<div><span style=\"font-size: large;\">\u00a0<\/span><\/div>\n<div><span style=\"font-size: large;\">Al\u00e9m do mais, ser\u00e1 nessa vota\u00e7\u00e3o crucial que um governo novo e inexperiente no Congresso tentar\u00e1 demonstrar compet\u00eancia na articula\u00e7\u00e3o parlamentar.<\/span><\/div>\n<div><span style=\"font-size: large;\">\u00a0<\/span><\/div>\n<div><span style=\"font-size: large;\">O presidente e sua equipe acreditam que a possibilidade de aprovar uma reforma mais profunda compense o desafio \u2014e o abandono da op\u00e7\u00e3o mais c\u00f4moda e segura de aproveitar o texto de Temer, que est\u00e1 pronto para ser votado no plen\u00e1rio da C\u00e2mara.<\/span><\/div>\n<div><span style=\"font-size: large;\">\u00a0<\/span><\/div>\n<div><span style=\"font-size: large;\">O balan\u00e7o de riscos n\u00e3o parece inequ\u00edvoco, por\u00e9m. Ser\u00e1 tanto mais desfavor\u00e1vel quanto maior o tumulto pol\u00edtico, que este governo muito precocemente tamb\u00e9m ajuda a causar. Tampouco Bolsonaro mostra, at\u00e9 aqui, a convic\u00e7\u00e3o necess\u00e1ria para levar adiante uma reforma inevitavelmente indigesta.<\/span><\/div>\n<\/div>\n<\/div>\n","protected":false},"excerpt":{"rendered":"<p>Folha \u00a0 A nova proposta de reforma da Previd\u00eancia, ao que se indica, ser\u00e1 mais dura que a elaborada e negociada pelo governo Michel Temer (MDB) entre 2016 e o ano passado. \u00a0 O presidente Jair Bolsonaro (PSL) enfim se decidiu por defender as idades m\u00ednimas para aposentadoria de 65 anos, para homens, e 62,&#8230; <\/p>\n<div class=\"clear\"><\/div>\n<p><a href=\"https:\/\/bbconsultoria.net\/site\/65-e-62-reforma-previdenciaria-de-bolsonaro-repete-idades-minimas-da-proposta-de-temer\/\" class=\"excerpt-read-more\">Read More<\/a><\/p>\n","protected":false},"author":4,"featured_media":0,"comment_status":"closed","ping_status":"closed","sticky":false,"template":"","format":"standard","meta":{"footnotes":""},"categories":[82],"tags":[],"class_list":["post-6604","post","type-post","status-publish","format-standard","hentry","category-noticias"],"_links":{"self":[{"href":"https:\/\/bbconsultoria.net\/site\/wp-json\/wp\/v2\/posts\/6604","targetHints":{"allow":["GET"]}}],"collection":[{"href":"https:\/\/bbconsultoria.net\/site\/wp-json\/wp\/v2\/posts"}],"about":[{"href":"https:\/\/bbconsultoria.net\/site\/wp-json\/wp\/v2\/types\/post"}],"author":[{"embeddable":true,"href":"https:\/\/bbconsultoria.net\/site\/wp-json\/wp\/v2\/users\/4"}],"replies":[{"embeddable":true,"href":"https:\/\/bbconsultoria.net\/site\/wp-json\/wp\/v2\/comments?post=6604"}],"version-history":[{"count":1,"href":"https:\/\/bbconsultoria.net\/site\/wp-json\/wp\/v2\/posts\/6604\/revisions"}],"predecessor-version":[{"id":6605,"href":"https:\/\/bbconsultoria.net\/site\/wp-json\/wp\/v2\/posts\/6604\/revisions\/6605"}],"wp:attachment":[{"href":"https:\/\/bbconsultoria.net\/site\/wp-json\/wp\/v2\/media?parent=6604"}],"wp:term":[{"taxonomy":"category","embeddable":true,"href":"https:\/\/bbconsultoria.net\/site\/wp-json\/wp\/v2\/categories?post=6604"},{"taxonomy":"post_tag","embeddable":true,"href":"https:\/\/bbconsultoria.net\/site\/wp-json\/wp\/v2\/tags?post=6604"}],"curies":[{"name":"wp","href":"https:\/\/api.w.org\/{rel}","templated":true}]}}