{"id":6601,"date":"2019-02-18T12:20:19","date_gmt":"2019-02-18T15:20:19","guid":{"rendered":"http:\/\/bbconsultoria.net\/site\/?p=6601"},"modified":"2019-02-22T12:20:43","modified_gmt":"2019-02-22T15:20:43","slug":"um-balanco-feio-de-2018","status":"publish","type":"post","link":"https:\/\/bbconsultoria.net\/site\/um-balanco-feio-de-2018\/","title":{"rendered":"Um balan\u00e7o feio de 2018"},"content":{"rendered":"<div class=\"adM\"><\/div>\n<div dir=\"ltr\">\n<div><span style=\"font-size: large;\">Estad\u00e3o &#8211; 18\/02\/2019<\/span><\/div>\n<div><span style=\"font-size: large;\">\u00a0<\/span><\/div>\n<div><span style=\"font-size: large;\">Devagar, quase parando, o Pa\u00eds teve desempenho muito fraco no segundo ano da recupera\u00e7\u00e3o, de acordo com o primeiro balan\u00e7o da economia em 2018<\/span><\/div>\n<div><span style=\"font-size: large;\">\u00a0<\/span><\/div>\n<div><span style=\"font-size: large;\">Devagar, quase parando, o Brasil teve um desempenho muito fraco no segundo ano da recupera\u00e7\u00e3o, de acordo com o primeiro balan\u00e7o da economia em 2018. A produ\u00e7\u00e3o cresceu apenas 1,15%, de acordo com o \u00cdndice de Atividade Econ\u00f4mica do Banco Central (IBC-Br) divulgado na sexta-feira passada. Um balan\u00e7o mais completo e muito mais detalhado dever\u00e1 sair no come\u00e7o de mar\u00e7o, quando os novos n\u00fameros do Produto Interno Bruto (PIB) forem anunciados pelo Instituto Brasileiro de Geografia e Estat\u00edstica (IBGE). O resultado geral poder\u00e1 ser pouco melhor que o esbo\u00e7ado pelos t\u00e9cnicos do BC, nada mais que isso. Pelas \u00faltimas estimativas do mercado, a expans\u00e3o pode ter chegado a 1,30%.<\/span><\/div>\n<div><span style=\"font-size: large;\">\u00a0<\/span><\/div>\n<div><span style=\"font-size: large;\">Mais de 12 milh\u00f5es de desempregados ocupam o cen\u00e1rio de uma economia em recupera\u00e7\u00e3o ainda muito lenta, depois de dois anos de recess\u00e3o. Em 2017, primeiro ano da retomada, o PIB cresceu 1%, de acordo com o IBGE. No come\u00e7o do ano passado, economistas do setor financeiro e das principais consultorias apostavam em acelera\u00e7\u00e3o da atividade. Na primeira semana de janeiro, a mediana das proje\u00e7\u00f5es para o PIB apontou crescimento de 2,69%. N\u00e3o seria um desempenho brilhante, mas o Pa\u00eds pelo menos avan\u00e7aria na ocupa\u00e7\u00e3o da capacidade ociosa da ind\u00fastria, num processo combinado com ajustes e reformas. A cria\u00e7\u00e3o de empregos seria mais lenta, mas ganharia impulso quando a confian\u00e7a de empres\u00e1rios, investidores e consumidores se firmasse.<\/span><\/div>\n<div><span style=\"font-size: large;\">\u00a0<\/span><\/div>\n<div><span style=\"font-size: large;\">N\u00e3o deu certo. Durante a maior parte do ano, os indicadores mostraram resultados melhores que os de 2017, mas com indisfar\u00e7\u00e1vel perda de vigor. A pauta de reformas j\u00e1 estava emperrada, com o governo acuado por den\u00fancias, depois do lance combinado entre procuradores da Rep\u00fablica e os irm\u00e3os Batista, controladores do Grupo J &amp; F. Ainda assim, a infla\u00e7\u00e3o permaneceu controlada e a taxa b\u00e1sica de juros caiu em mar\u00e7o ao patamar de 6,50%, mantido at\u00e9 hoje. Mas v\u00e1rios fatores frearam o consumo e mantiveram os empres\u00e1rios muito cautelosos, limitando os investimentos, as contrata\u00e7\u00f5es de pessoal e a acumula\u00e7\u00e3o de estoques.<\/span><\/div>\n<div><span style=\"font-size: large;\">\u00a0<\/span><\/div>\n<div><span style=\"font-size: large;\">A incerteza pol\u00edtica, a inseguran\u00e7a quanto \u00e0 orienta\u00e7\u00e3o econ\u00f4mica do governo seguinte, a crise do transporte rodovi\u00e1rio e tamb\u00e9m a instabilidade cambial durante a maior parte do ano frearam os neg\u00f3cios. Com a fraca recupera\u00e7\u00e3o, o desemprego continuou alto, apesar de alguma redu\u00e7\u00e3o, e a for\u00e7a de trabalho se manteve amplamente subocupada. O desemprego teve um duplo papel, refletindo a baixa atividade e ao mesmo tempo limitando, por efeito retroativo, o ritmo do consumo e da produ\u00e7\u00e3o.<\/span><\/div>\n<div><span style=\"font-size: large;\">\u00a0<\/span><\/div>\n<div><span style=\"font-size: large;\">Os n\u00fameros parciais conhecidos at\u00e9 agora combinam com um quadro geral de baixo dinamismo, talvez pouco melhor que o resumido nos dados do IBC-Br, como sugerem as proje\u00e7\u00f5es de mercado. A produ\u00e7\u00e3o da ind\u00fastria em 2018 foi apenas 1,1% maior que a do ano anterior, segundo o IBGE, e isso se deve principalmente \u00e0 recupera\u00e7\u00e3o, ainda incompleta, do setor automobil\u00edstico.<\/span><\/div>\n<div><span style=\"font-size: large;\">\u00a0<\/span><\/div>\n<div><span style=\"font-size: large;\">Pelo menos na apar\u00eancia, o dado mais animador \u00e9 o aumento de 7,4% na produ\u00e7\u00e3o de bens de capital, isto \u00e9, de m\u00e1quinas e equipamentos. Houve algum investimento produtivo, sem d\u00favida, mas isso deve ser explic\u00e1vel principalmente pela urg\u00eancia de repor meios de produ\u00e7\u00e3o muito desgastados ou desatualizados, depois de cerca de sete anos de estagna\u00e7\u00e3o industrial.<\/span><\/div>\n<div><span style=\"font-size: large;\">\u00a0<\/span><\/div>\n<div><span style=\"font-size: large;\">As vendas do com\u00e9rcio varejista ajudam a entender o baixo ritmo da recupera\u00e7\u00e3o industrial. As necessidades do dia a dia alimentaram vendas 2,3% maiores que as de 2017. Somando-se a esse conjunto as vendas do setor de ve\u00edculos e pe\u00e7as e as de material de constru\u00e7\u00e3o, chega-se a um crescimento de 5% em rela\u00e7\u00e3o ao volume do ano anterior, gra\u00e7as ao segmento automobil\u00edstico.<\/span><\/div>\n<div><span style=\"font-size: large;\">\u00a0<\/span><\/div>\n<div><span style=\"font-size: large;\">Desemprego alto, or\u00e7amento familiar ainda apertado e lenta recupera\u00e7\u00e3o industrial continuaram limitando a presta\u00e7\u00e3o de servi\u00e7os. Com retra\u00e7\u00e3o de 0,1%, o setor fechou em negativo pelo quarto ano.<\/span><\/div>\n<div><span style=\"font-size: large;\">\u00a0<\/span><\/div>\n<div><span style=\"font-size: large;\">Confian\u00e7a ser\u00e1 o insumo principal para maior atividade em 2019. Isso depender\u00e1, em primeiro lugar, da aprova\u00e7\u00e3o, sem muita demora, de uma boa reforma da Previd\u00eancia.<\/span><\/div>\n<\/div>\n","protected":false},"excerpt":{"rendered":"<p>Estad\u00e3o &#8211; 18\/02\/2019 \u00a0 Devagar, quase parando, o Pa\u00eds teve desempenho muito fraco no segundo ano da recupera\u00e7\u00e3o, de acordo com o primeiro balan\u00e7o da economia em 2018 \u00a0 Devagar, quase parando, o Brasil teve um desempenho muito fraco no segundo ano da recupera\u00e7\u00e3o, de acordo com o primeiro balan\u00e7o da economia em 2018. A&#8230; <\/p>\n<div class=\"clear\"><\/div>\n<p><a href=\"https:\/\/bbconsultoria.net\/site\/um-balanco-feio-de-2018\/\" class=\"excerpt-read-more\">Read More<\/a><\/p>\n","protected":false},"author":4,"featured_media":0,"comment_status":"closed","ping_status":"closed","sticky":false,"template":"","format":"standard","meta":{"footnotes":""},"categories":[82],"tags":[],"class_list":["post-6601","post","type-post","status-publish","format-standard","hentry","category-noticias"],"_links":{"self":[{"href":"https:\/\/bbconsultoria.net\/site\/wp-json\/wp\/v2\/posts\/6601","targetHints":{"allow":["GET"]}}],"collection":[{"href":"https:\/\/bbconsultoria.net\/site\/wp-json\/wp\/v2\/posts"}],"about":[{"href":"https:\/\/bbconsultoria.net\/site\/wp-json\/wp\/v2\/types\/post"}],"author":[{"embeddable":true,"href":"https:\/\/bbconsultoria.net\/site\/wp-json\/wp\/v2\/users\/4"}],"replies":[{"embeddable":true,"href":"https:\/\/bbconsultoria.net\/site\/wp-json\/wp\/v2\/comments?post=6601"}],"version-history":[{"count":2,"href":"https:\/\/bbconsultoria.net\/site\/wp-json\/wp\/v2\/posts\/6601\/revisions"}],"predecessor-version":[{"id":6603,"href":"https:\/\/bbconsultoria.net\/site\/wp-json\/wp\/v2\/posts\/6601\/revisions\/6603"}],"wp:attachment":[{"href":"https:\/\/bbconsultoria.net\/site\/wp-json\/wp\/v2\/media?parent=6601"}],"wp:term":[{"taxonomy":"category","embeddable":true,"href":"https:\/\/bbconsultoria.net\/site\/wp-json\/wp\/v2\/categories?post=6601"},{"taxonomy":"post_tag","embeddable":true,"href":"https:\/\/bbconsultoria.net\/site\/wp-json\/wp\/v2\/tags?post=6601"}],"curies":[{"name":"wp","href":"https:\/\/api.w.org\/{rel}","templated":true}]}}