{"id":6599,"date":"2019-02-19T12:18:57","date_gmt":"2019-02-19T15:18:57","guid":{"rendered":"http:\/\/bbconsultoria.net\/site\/?p=6599"},"modified":"2019-02-22T12:19:23","modified_gmt":"2019-02-22T15:19:23","slug":"mesmo-com-crise-parlamentares-acreditam-que-previdencia-sera-aprovada","status":"publish","type":"post","link":"https:\/\/bbconsultoria.net\/site\/mesmo-com-crise-parlamentares-acreditam-que-previdencia-sera-aprovada\/","title":{"rendered":"Mesmo com crise, parlamentares acreditam que Previd\u00eancia ser\u00e1 aprovada"},"content":{"rendered":"<p><span style=\"font-size: large;\">CORREIO BRAZILIENSE<\/span><\/p>\n<div dir=\"ltr\">\n<div dir=\"ltr\">\n<div><span style=\"font-size: large;\">\u00a0<\/span><\/div>\n<div>\n<div><span style=\"font-size: large;\">Parlamentares e analistas ouvidos pelo Correio acreditam que ainda \u00e9 improv\u00e1vel uma perda de sustenta\u00e7\u00e3o do governo Jair Bolsonaro, dada a alta popularidade do presidente<\/span><\/div>\n<div><span style=\"font-size: large;\">\u00a0<\/span><\/div>\n<div><span style=\"font-size: large;\">\u00a0<\/span><\/div>\n<div><span style=\"font-size: large;\">Os textos da reforma da Previd\u00eancia e o pacote anticrime do ministro da Justi\u00e7a, S\u00e9rgio Moro, chegam ao Congresso com forte apoio da base aliada, por mais que a crise envolvendo o ex-presidente do PSL e integrante do primeiro escal\u00e3o da Esplanada, Gustavo Bebianno, tenha desestabilizado o n\u00facleo do Planalto. Parlamentares e analistas ouvidos pelo Correio acreditam que ainda \u00e9 improv\u00e1vel uma perda de sustenta\u00e7\u00e3o do governo Jair Bolsonaro, dada a alta popularidade do presidente e a pacifica\u00e7\u00e3o sobre a necessidade de mudan\u00e7as nas regras de aposentadoria e do fortalecimento da legisla\u00e7\u00e3o contra criminosos.<\/span><\/div>\n<div><span style=\"font-size: large;\">\u00a0<\/span><\/div>\n<div><span style=\"font-size: large;\">Antes de iniciar o governo, em meados de dezembro, Bolsonaro contava com 255 deputados, podendo chegar a 372 votos a depender do projeto a ser votado. A base aliada, de acordo com esses n\u00fameros, \u00e9 maior do que a de Fernando Collor (320), em 1991, e a de Luiz In\u00e1cio Lula da Silva (323), em 2012. \u201cA base de Bolsonaro verificada em dezembro permanece praticamente a mesma\u201d, afirma Antonio Augusto de Queiroz, diretor de documenta\u00e7\u00e3o do Departamento Intersindical de Assessoria Parlamentar (Diap), que fez o levantamento. Na pr\u00e1tica, o Planalto dever\u00e1 buscar um n\u00famero poss\u00edvel de votos para aprovar uma Proposta de Emenda Constitucional (PEC), que prev\u00ea qu\u00f3rum qualificado de 308 apoios. A tarefa, a partir da base m\u00ednima e da poss\u00edvel, n\u00e3o \u00e9 das mais complexas.<\/span><\/div>\n<div><span style=\"font-size: large;\">\u00a0<\/span><\/div>\n<div><span style=\"font-size: large;\">O porta-voz da Presid\u00eancia da Rep\u00fablica, general Ot\u00e1vio R\u00eago Barros, afirmou na segunda-feira (18\/2) que a expectativa do governo \u00e9 de Bolsonaro levar a proposta da Previd\u00eancia pessoalmente ao Congresso na quarta-feira (20\/2), por ser um \u201ctema de extrema relev\u00e2ncia\u201d. Ele disse, por\u00e9m, que n\u00e3o foi decidida a hora em que isso ser\u00e1 feito. Provavelmente n\u00e3o ser\u00e1 de manh\u00e3, j\u00e1 que est\u00e1 marcado um caf\u00e9 da manh\u00e3 do presidente no Pal\u00e1cio da Alvorada com a bancada do PSL na C\u00e2mara. \u00c9 um sinal de defer\u00eancia do Planalto ao Congresso, algo valorizado pelos parlamentares.\u00a0<\/span><\/div>\n<div><\/div>\n<div><span style=\"font-size: large;\">Ru\u00eddos<\/span><\/div>\n<div><span style=\"font-size: large;\">\u00a0<\/span><\/div>\n<div><span style=\"font-size: large;\">Para o cientista pol\u00edtico Paulo Ba\u00eda, professor da Universidade Federal do Rio de Janeiro (UFRJ), a sa\u00edda de Bebianno \u201cgera ru\u00eddos\u201d, mas n\u00e3o compromete a forma\u00e7\u00e3o da base do governo no Congresso. \u201cH\u00e1 muita espuma em torno desse epis\u00f3dio, que \u00e9, sim, importante, mas n\u00e3o tem maiores consequ\u00eancias quanto ao apoio parlamentar do Planalto\u201d, destacou. Os principais esfor\u00e7os para garantir votos favor\u00e1veis \u00e0 reforma at\u00e9 agora foram empreendidos, ele explicou, em conversas com parlamentares envolvendo o ministro da Economia, Paulo Guedes, e os presidentes da C\u00e2mara dos Deputados, Rodrigo Maia (DEM-RJ), e do Senado, Davi Alcolumbre (DEM-AP).<\/span><\/div>\n<div><span style=\"font-size: large;\">\u00a0<\/span><\/div>\n<div><span style=\"font-size: large;\">Na avalia\u00e7\u00e3o do l\u00edder do Podemos na C\u00e2mara, Paulo Nelto (GO), o eventual preju\u00edzo da sa\u00edda de Bebianno n\u00e3o vir\u00e1 com a exonera\u00e7\u00e3o em si, mas em consequ\u00eancia de declara\u00e7\u00f5es que ele venha a fazer \u2014 o agora ex-ministro nega oficialmente esse risco, mas disse a interlocutores, na semana passada, que poderia divulgar informa\u00e7\u00f5es desconfort\u00e1veis para o Planalto. \u201cSe revelar algum fato grave envolvendo o governo, o Congresso ter\u00e1 de investigar isso, at\u00e9 mesmo chamando o ex-ministro para prestar depoimento.\u201d Na segunda-feira (18\/2), Randolfe Rodrigues (Rede-AP), l\u00edder da oposi\u00e7\u00e3o no Senado, afirmou que convidar\u00e1 Bebianno a dar explica\u00e7\u00f5es sobre as supostas candidaturas laranjas do PSL em 2018.<\/span><\/div>\n<div><span style=\"font-size: large;\">\u00a0<\/span><\/div>\n<div><span style=\"font-size: large;\">Nelto n\u00e3o cr\u00ea que o eventual prolongamento da crise altere o apoio \u00e0s reformas, mas avalia que, mesmo assim, o resultado ser\u00e1 ruim para o governo. \u201cNingu\u00e9m vai mudar de opini\u00e3o em rela\u00e7\u00e3o \u00e0s reformas por conta disso. Mas a tramita\u00e7\u00e3o da proposta ser\u00e1 postergada\u201d, alerta. O Podemos, que se apresenta como oposi\u00e7\u00e3o ao governo, pode votar favoravelmente \u00e0s reformas, dependendo da avalia\u00e7\u00e3o dos 11 deputados da bancada, que pretendem decidir o posicionamento e votar em conjunto.<\/span><\/div>\n<div><span style=\"font-size: large;\">\u00a0<\/span><\/div>\n<div><span style=\"font-size: large;\">\u201cGaze \u00famida\u201d contra crise<\/span><\/div>\n<div><span style=\"font-size: large;\">\u00a0<\/span><\/div>\n<div><span style=\"font-size: large;\">A deputada federal Joice Hasselmann (PSL-SP) afirmou que o governo Jair Bolsonaro est\u00e1 com uma \u201cqueimadura de terceiro grau\u201d, ap\u00f3s a crise interna gerada pelo epis\u00f3dio do secret\u00e1rio-geral da Presid\u00eancia da Rep\u00fablica, Gustavo Bebianno. Joice teme, inclusive, qual ser\u00e1 a postura de aliados do Congresso depois do que ela chamou de \u201cfritura p\u00fablica\u201d de Bebianno. \u201cN\u00e3o se trata de ser contra ou a favor (de Bebianno), mas da forma como tudo foi conduzido. No Congresso e no partido, h\u00e1 um clima de apreens\u00e3o. N\u00e3o se pode passar o recado a aliados de que essa fritura p\u00fablica pode acontecer com qualquer pessoa\u201d, disse a deputada, depois de almo\u00e7o da bancada paulista com a Federa\u00e7\u00e3o das Ind\u00fastrias do Estado de S\u00e3o Paulo (Fiesp). \u201cAgora, vamos ver como vamos colocar uma gaze \u00famida nessa queimadura de terceiro grau\u201d, comentou.<\/span><\/div>\n<\/div>\n<\/div>\n<\/div>\n","protected":false},"excerpt":{"rendered":"<p>CORREIO BRAZILIENSE \u00a0 Parlamentares e analistas ouvidos pelo Correio acreditam que ainda \u00e9 improv\u00e1vel uma perda de sustenta\u00e7\u00e3o do governo Jair Bolsonaro, dada a alta popularidade do presidente \u00a0 \u00a0 Os textos da reforma da Previd\u00eancia e o pacote anticrime do ministro da Justi\u00e7a, S\u00e9rgio Moro, chegam ao Congresso com forte apoio da base aliada,&#8230; <\/p>\n<div class=\"clear\"><\/div>\n<p><a href=\"https:\/\/bbconsultoria.net\/site\/mesmo-com-crise-parlamentares-acreditam-que-previdencia-sera-aprovada\/\" class=\"excerpt-read-more\">Read More<\/a><\/p>\n","protected":false},"author":4,"featured_media":0,"comment_status":"closed","ping_status":"closed","sticky":false,"template":"","format":"standard","meta":{"footnotes":""},"categories":[82],"tags":[],"class_list":["post-6599","post","type-post","status-publish","format-standard","hentry","category-noticias"],"_links":{"self":[{"href":"https:\/\/bbconsultoria.net\/site\/wp-json\/wp\/v2\/posts\/6599","targetHints":{"allow":["GET"]}}],"collection":[{"href":"https:\/\/bbconsultoria.net\/site\/wp-json\/wp\/v2\/posts"}],"about":[{"href":"https:\/\/bbconsultoria.net\/site\/wp-json\/wp\/v2\/types\/post"}],"author":[{"embeddable":true,"href":"https:\/\/bbconsultoria.net\/site\/wp-json\/wp\/v2\/users\/4"}],"replies":[{"embeddable":true,"href":"https:\/\/bbconsultoria.net\/site\/wp-json\/wp\/v2\/comments?post=6599"}],"version-history":[{"count":1,"href":"https:\/\/bbconsultoria.net\/site\/wp-json\/wp\/v2\/posts\/6599\/revisions"}],"predecessor-version":[{"id":6600,"href":"https:\/\/bbconsultoria.net\/site\/wp-json\/wp\/v2\/posts\/6599\/revisions\/6600"}],"wp:attachment":[{"href":"https:\/\/bbconsultoria.net\/site\/wp-json\/wp\/v2\/media?parent=6599"}],"wp:term":[{"taxonomy":"category","embeddable":true,"href":"https:\/\/bbconsultoria.net\/site\/wp-json\/wp\/v2\/categories?post=6599"},{"taxonomy":"post_tag","embeddable":true,"href":"https:\/\/bbconsultoria.net\/site\/wp-json\/wp\/v2\/tags?post=6599"}],"curies":[{"name":"wp","href":"https:\/\/api.w.org\/{rel}","templated":true}]}}