{"id":6597,"date":"2019-02-19T12:17:50","date_gmt":"2019-02-19T15:17:50","guid":{"rendered":"http:\/\/bbconsultoria.net\/site\/?p=6597"},"modified":"2019-02-22T12:18:21","modified_gmt":"2019-02-22T15:18:21","slug":"crise-e-agenda","status":"publish","type":"post","link":"https:\/\/bbconsultoria.net\/site\/crise-e-agenda\/","title":{"rendered":"Crise e agenda"},"content":{"rendered":"<div><span style=\"font-size: large;\">FOLHA DE S\u00c3O PAULO<\/span><\/div>\n<div><\/div>\n<div>\n<div><span style=\"font-size: large;\">Governo Bolsonaro come\u00e7a sua pauta legislativa, que tem pode gerar desgaste e disputa<\/span><\/div>\n<div><\/div>\n<div>N\u00e3o se sabe ao certo o que fazia Gustavo Bebianno na Secretaria-Geral da Presid\u00eancia. Tampouco se entende por que a inexpressiva pasta do Turismo, comandada por Marcelo \u00c1lvaro Ant\u00f4nio, foi preservada na reforma ministerial.<\/div>\n<div><span style=\"font-size: large;\">\u00a0<\/span><\/div>\n<div><span style=\"font-size: large;\">Entregaram-se os dois postos aos representantes do PSL, partido do presidente Jair Bolsonaro, no Executivo federal. Os contemplados se envolveram em uma crise de primeiro escal\u00e3o das mais precoces de que se tem not\u00edcia no pa\u00eds.<\/span><\/div>\n<div><span style=\"font-size: large;\">\u00a0<\/span><\/div>\n<div><span style=\"font-size: large;\">Nem Bebianno nem \u00c1lvaro Ant\u00f4nio nem seus minist\u00e9rios s\u00e3o decisivos para o sucesso deste governo. O que importa \u00e9 como se pretende superar a turbul\u00eancia.<\/span><\/div>\n<div><span style=\"font-size: large;\">\u00a0<\/span><\/div>\n<div><span style=\"font-size: large;\">A cl\u00e1ssica receita brasiliense para tais ocasi\u00f5es \u00e9 o que se convencionou chamar de agenda positiva, ou seja, a cria\u00e7\u00e3o de uma sequ\u00eancia de boas not\u00edcias para disputar as aten\u00e7\u00f5es da opini\u00e3o p\u00fablica. Os h\u00e1bitos de comunica\u00e7\u00e3o do presidente, ass\u00edduo nas redes sociais, prestam-se, ali\u00e1s, a tais prop\u00f3sitos.<\/span><\/div>\n<div><span style=\"font-size: large;\">\u00a0<\/span><\/div>\n<div><span style=\"font-size: large;\">Nesta segunda-feira (18), entre muitos exemplos, ele propagandeou a expectativa de investimentos de mais de R$ 3,5 bilh\u00f5es com a privatiza\u00e7\u00e3o de 12 aeroportos. Nesse caso, ele se vale, possivelmente com algum exagero, das metas de um programa legado pelo antecessor, Michel Temer (MDB).<\/span><\/div>\n<div><span style=\"font-size: large;\">\u00a0<\/span><\/div>\n<div><span style=\"font-size: large;\">Entretanto a estrat\u00e9gia de divulga\u00e7\u00e3o de eventos favor\u00e1veis s\u00f3 \u00e9 sustent\u00e1vel, obviamente, se houver o que exibir. A tarefa se afigura \u00e1rdua para um governo de ne\u00f3fitos, que s\u00f3 agora chega aos 50 dias.<\/span><\/div>\n<div><span style=\"font-size: large;\">\u00a0<\/span><\/div>\n<div><span style=\"font-size: large;\">Resta, claro, uma ampla e ousada agenda legislativa, que agora come\u00e7a a ganhar concretude. As pautas em tela, contudo, tendem a produzir mais conflitos que louvores ao Pal\u00e1cio do Planalto.<\/span><\/div>\n<div><span style=\"font-size: large;\">\u00a0<\/span><\/div>\n<div><span style=\"font-size: large;\">Para esta ter\u00e7a (19) est\u00e1 marcado o envio ao Congresso do pacote anticrime do ministro Sergio Moro, da Justi\u00e7a. No dia seguinte, Paulo Guedes, da Economia, deve apresentar a nova proposta de reforma da Previd\u00eancia Social.<\/span><\/div>\n<div><span style=\"font-size: large;\">\u00a0<\/span><\/div>\n<div><span style=\"font-size: large;\">A proximidade das datas acaba por sugerir uma disputa, intencional ou n\u00e3o, entre os dois maiores expoentes da Esplanada pelas aten\u00e7\u00f5es do Congresso e dos articuladores pol\u00edticos do Executivo.<\/span><\/div>\n<div><span style=\"font-size: large;\">\u00a0<\/span><\/div>\n<div><span style=\"font-size: large;\">Afinal, dificilmente haver\u00e1 como contemplar de modo salom\u00f4nico dois projetos t\u00e3o intrincados. Um deles, provavelmente, ter\u00e1 de ser escolhido para receber a maior fatia da energia pol\u00edtica dispon\u00edvel.<\/span><\/div>\n<div><span style=\"font-size: large;\">\u00a0<\/span><\/div>\n<div><span style=\"font-size: large;\">O de Moro decerto tem melhor imagem p\u00fablica \u2014a despeito de equ\u00edvocos como incentivar o encarceramento sem a contrapartida de flexibilizar penas para criminosos de menor periculosidade.<\/span><\/div>\n<div><span style=\"font-size: large;\">Ainda assim, medidas como a criminaliza\u00e7\u00e3o do caixa dois de campanha certamente despertar\u00e3o antipatias no mundo pol\u00edtico.<\/span><\/div>\n<div><span style=\"font-size: large;\">\u00a0<\/span><\/div>\n<div><span style=\"font-size: large;\">A l\u00f3gica econ\u00f4mica indica que a reforma previdenci\u00e1ria deveria merecer a condi\u00e7\u00e3o de prioridade absoluta nos pr\u00f3ximos meses \u2014o que est\u00e1 longe de garantir a pacifica\u00e7\u00e3o interna do governo<\/span><\/div>\n<\/div>\n","protected":false},"excerpt":{"rendered":"<p>FOLHA DE S\u00c3O PAULO Governo Bolsonaro come\u00e7a sua pauta legislativa, que tem pode gerar desgaste e disputa N\u00e3o se sabe ao certo o que fazia Gustavo Bebianno na Secretaria-Geral da Presid\u00eancia. Tampouco se entende por que a inexpressiva pasta do Turismo, comandada por Marcelo \u00c1lvaro Ant\u00f4nio, foi preservada na reforma ministerial. \u00a0 Entregaram-se os dois&#8230; <\/p>\n<div class=\"clear\"><\/div>\n<p><a href=\"https:\/\/bbconsultoria.net\/site\/crise-e-agenda\/\" class=\"excerpt-read-more\">Read More<\/a><\/p>\n","protected":false},"author":4,"featured_media":0,"comment_status":"closed","ping_status":"closed","sticky":false,"template":"","format":"standard","meta":{"footnotes":""},"categories":[82],"tags":[],"class_list":["post-6597","post","type-post","status-publish","format-standard","hentry","category-noticias"],"_links":{"self":[{"href":"https:\/\/bbconsultoria.net\/site\/wp-json\/wp\/v2\/posts\/6597","targetHints":{"allow":["GET"]}}],"collection":[{"href":"https:\/\/bbconsultoria.net\/site\/wp-json\/wp\/v2\/posts"}],"about":[{"href":"https:\/\/bbconsultoria.net\/site\/wp-json\/wp\/v2\/types\/post"}],"author":[{"embeddable":true,"href":"https:\/\/bbconsultoria.net\/site\/wp-json\/wp\/v2\/users\/4"}],"replies":[{"embeddable":true,"href":"https:\/\/bbconsultoria.net\/site\/wp-json\/wp\/v2\/comments?post=6597"}],"version-history":[{"count":1,"href":"https:\/\/bbconsultoria.net\/site\/wp-json\/wp\/v2\/posts\/6597\/revisions"}],"predecessor-version":[{"id":6598,"href":"https:\/\/bbconsultoria.net\/site\/wp-json\/wp\/v2\/posts\/6597\/revisions\/6598"}],"wp:attachment":[{"href":"https:\/\/bbconsultoria.net\/site\/wp-json\/wp\/v2\/media?parent=6597"}],"wp:term":[{"taxonomy":"category","embeddable":true,"href":"https:\/\/bbconsultoria.net\/site\/wp-json\/wp\/v2\/categories?post=6597"},{"taxonomy":"post_tag","embeddable":true,"href":"https:\/\/bbconsultoria.net\/site\/wp-json\/wp\/v2\/tags?post=6597"}],"curies":[{"name":"wp","href":"https:\/\/api.w.org\/{rel}","templated":true}]}}