{"id":6595,"date":"2019-02-19T12:16:04","date_gmt":"2019-02-19T15:16:04","guid":{"rendered":"http:\/\/bbconsultoria.net\/site\/?p=6595"},"modified":"2019-02-22T12:17:26","modified_gmt":"2019-02-22T15:17:26","slug":"analise-dos-recentes-acontecimentos-na-politica-nacional-e-estadual","status":"publish","type":"post","link":"https:\/\/bbconsultoria.net\/site\/analise-dos-recentes-acontecimentos-na-politica-nacional-e-estadual\/","title":{"rendered":"An\u00e1lise dos recentes acontecimentos na pol\u00edtica nacional e estadual.\u00a0"},"content":{"rendered":"<div><\/div>\n<div>NO PLANO FEDERAL &#8230;<\/div>\n<div><\/div>\n<div><span style=\"font-size: large;\">Depois de mais de 10 dias de crise, o desfecho do caso Bebiano \u00e9 a sua demiss\u00e3o. Est\u00e3o claras as dificuldades, as brigas internas e a p\u00e9ssima influ\u00eancia dos filhos na gest\u00e3o do presidente Bolsonaro.\u00a0<\/span><\/div>\n<div><span style=\"font-size: large;\">\u00a0<\/span><\/div>\n<div><span style=\"font-size: large;\">N\u00e3o d\u00e1 para misturar o privado com o p\u00fablico. \u00c9 grave um dos filhos de um presidente ter acesso ao telefone, que n\u00e3o \u00e9 do pai dele e sim do presidente da Rep\u00fablica, e divulgar uma mensagem do presidente para um ministro, que deveria ser algo, absolutamente, confidencial.\u00a0<\/span><\/div>\n<div><span style=\"font-size: large;\">\u00a0<\/span><\/div>\n<div><span style=\"font-size: large;\">Muitas dessas mensagens no celular de um presidente, provavelmente, ser\u00e3o assuntos que v\u00e3o envolver a Seguran\u00e7a Nacional.\u00a0<\/span><\/div>\n<div><span style=\"font-size: large;\">\u00a0<\/span><\/div>\n<div><span style=\"font-size: large;\">A divulga\u00e7\u00e3o de uma mensagem dessa pode ter uma influ\u00eancia enorme na quest\u00e3o econ\u00f4mica, abrir crise entre poderes, enfim, a desconfian\u00e7a uma atitude dessa<\/span>\u00a0gera\u00a0\u00e9 enorme e o que esperamos dessa crise,\u00a0 que n\u00e3o era nem pra existir,\u00a0 \u00e9 que, efetivamente, sirva de aprendizado e que esses erros n\u00e3o ocorram mais.<\/div>\n<div><span style=\"font-size: large;\">\u00a0<\/span><\/div>\n<div><span style=\"font-size: large;\">Amanh\u00e3, o presidente deve levar ao Congresso a mensagem da nova Reforma da Previd\u00eancia e, a partir da\u00ed, vamos ver a rea\u00e7\u00e3o dos parlamentares. Vamos ver se essa crise gerou algum ru\u00eddo no Congresso e no pr\u00f3prio partido do presidente.\u00a0<\/span><\/div>\n<div><span style=\"font-size: large;\">\u00a0<\/span><\/div>\n<div><span style=\"font-size: large;\">Vamos\u00a0 torcer para que a vers\u00e3o final da Previd\u00eancia seja bastante contundente e, realmente, envolva estados e munic\u00edpios, que est\u00e3o falidos, e que servir\u00e3o de ajuda, do ponto de vista pol\u00edtico, para a aprova\u00e7\u00e3o da mesma.\u00a0<\/span><\/div>\n<div><span style=\"font-size: large;\">\u00a0<\/span><\/div>\n<div><span style=\"font-size: large;\">\u00a0<\/span><\/div>\n<div><span style=\"font-size: large;\">No Estado&#8230;<\/span><\/div>\n<div><span style=\"font-size: large;\">\u00a0<\/span><\/div>\n<div><span style=\"font-size: large;\">O primeiro teste da base parlamentar do governador Witzel vai ser\u00a0 na vota\u00e7\u00e3o do piso regional, no qual ele prop\u00f5e de forma acertada, o congelamento, ao longo desse ano.\u00a0<\/span><\/div>\n<div><span style=\"font-size: large;\">\u00a0<\/span><\/div>\n<div><span style=\"font-size: large;\">Com a\u00a0<\/span>enorme\u00a0crise do desemprego e uma grande dificuldade das empresas no estado do Rio, que talvez, tenha sido um dos tr\u00eas que mais sofreram com a crise no pa\u00eds, n\u00e3o h\u00e1 sentido de ficar dando aumento real para um piso, asfixiando, ainda mais as empresas<\/div>\n<div><span style=\"font-size: large;\">\u00a0<\/span><\/div>\n<div><span style=\"font-size: large;\">Vamos ver como se comporta a Assembleia nessa primeira mensagem importante do governador.\u00a0<\/span><\/div>\n","protected":false},"excerpt":{"rendered":"<p>NO PLANO FEDERAL &#8230; Depois de mais de 10 dias de crise, o desfecho do caso Bebiano \u00e9 a sua demiss\u00e3o. Est\u00e3o claras as dificuldades, as brigas internas e a p\u00e9ssima influ\u00eancia dos filhos na gest\u00e3o do presidente Bolsonaro.\u00a0 \u00a0 N\u00e3o d\u00e1 para misturar o privado com o p\u00fablico. \u00c9 grave um dos filhos de&#8230; <\/p>\n<div class=\"clear\"><\/div>\n<p><a href=\"https:\/\/bbconsultoria.net\/site\/analise-dos-recentes-acontecimentos-na-politica-nacional-e-estadual\/\" class=\"excerpt-read-more\">Read More<\/a><\/p>\n","protected":false},"author":4,"featured_media":0,"comment_status":"closed","ping_status":"closed","sticky":false,"template":"","format":"standard","meta":{"footnotes":""},"categories":[82],"tags":[],"class_list":["post-6595","post","type-post","status-publish","format-standard","hentry","category-noticias"],"_links":{"self":[{"href":"https:\/\/bbconsultoria.net\/site\/wp-json\/wp\/v2\/posts\/6595","targetHints":{"allow":["GET"]}}],"collection":[{"href":"https:\/\/bbconsultoria.net\/site\/wp-json\/wp\/v2\/posts"}],"about":[{"href":"https:\/\/bbconsultoria.net\/site\/wp-json\/wp\/v2\/types\/post"}],"author":[{"embeddable":true,"href":"https:\/\/bbconsultoria.net\/site\/wp-json\/wp\/v2\/users\/4"}],"replies":[{"embeddable":true,"href":"https:\/\/bbconsultoria.net\/site\/wp-json\/wp\/v2\/comments?post=6595"}],"version-history":[{"count":1,"href":"https:\/\/bbconsultoria.net\/site\/wp-json\/wp\/v2\/posts\/6595\/revisions"}],"predecessor-version":[{"id":6596,"href":"https:\/\/bbconsultoria.net\/site\/wp-json\/wp\/v2\/posts\/6595\/revisions\/6596"}],"wp:attachment":[{"href":"https:\/\/bbconsultoria.net\/site\/wp-json\/wp\/v2\/media?parent=6595"}],"wp:term":[{"taxonomy":"category","embeddable":true,"href":"https:\/\/bbconsultoria.net\/site\/wp-json\/wp\/v2\/categories?post=6595"},{"taxonomy":"post_tag","embeddable":true,"href":"https:\/\/bbconsultoria.net\/site\/wp-json\/wp\/v2\/tags?post=6595"}],"curies":[{"name":"wp","href":"https:\/\/api.w.org\/{rel}","templated":true}]}}