{"id":6593,"date":"2019-02-20T12:15:39","date_gmt":"2019-02-20T15:15:39","guid":{"rendered":"http:\/\/bbconsultoria.net\/site\/?p=6593"},"modified":"2019-02-22T12:15:59","modified_gmt":"2019-02-22T15:15:59","slug":"previdencia-governadores-defendem-dialogo-em-discussao-no-congresso","status":"publish","type":"post","link":"https:\/\/bbconsultoria.net\/site\/previdencia-governadores-defendem-dialogo-em-discussao-no-congresso\/","title":{"rendered":"Previd\u00eancia: governadores defendem di\u00e1logo em discuss\u00e3o no Congresso"},"content":{"rendered":"<div><span style=\"font-size: large;\">ISTO \u00c9\u00a0<\/span><\/div>\n<div><span style=\"font-size: large;\">\u00a0<\/span><\/div>\n<div>\n<div><span style=\"font-size: large;\">Na expectativa de conhecer detalhes da proposta da reforma da Previd\u00eancia entregue na manh\u00e3 de hoje (20) ao Congresso Nacional, governadores voltam a se reunir em Bras\u00edlia em defesa da mudan\u00e7a da legisla\u00e7\u00e3o. Neste terceiro encontro, os chefes de Executivos estaduais esperam conhecer do pr\u00f3prio ministro Paulo Guedes as especificidades do texto que come\u00e7a a tramitar na C\u00e2mara a partir desta semana.<\/span><\/div>\n<div><span style=\"font-size: large;\">\u00a0<\/span><\/div>\n<div><span style=\"font-size: large;\">Independentemente da regi\u00e3o, uma bandeira comum a todos os estados foi a defesa do di\u00e1logo e a disposi\u00e7\u00e3o de mobiliza\u00e7\u00e3o das bases no Congresso.<\/span><\/div>\n<div><span style=\"font-size: large;\">\u00a0<\/span><\/div>\n<div><span style=\"font-size: large;\">\u201cA reforma da Previd\u00eancia \u00e9 vital para o Brasil\u201d, resumiu Jo\u00e3o D\u00f3ria, governador de S\u00e3o Paulo, maior economia do pa\u00eds. \u201cSe o pa\u00eds quer crescer, se o pa\u00eds quer gerar empregos, se o pa\u00eds quer diminuir a pobreza, precisa aprovar a reforma da Previd\u00eancia at\u00e9 a metade deste ano para retomar esse crescimento por meio de novos investimentos a partir do pr\u00f3ximo m\u00eas de agosto\u201d, completou.<\/span><\/div>\n<div><span style=\"font-size: large;\">\u00a0<\/span><\/div>\n<div><span style=\"font-size: large;\">Antes mesmo da conversa com Guedes, o governador do Distrito Federal Ibaneis Rocha sinalizou positivamente com tudo o que foi divulgado at\u00e9 o momento pelo Planalto. Segundo ele, o apoio dos estados \u00e9 certo desde que haja di\u00e1logo e abertura para sugest\u00f5es ao texto ao longo da tramita\u00e7\u00e3o no Legislativo.<\/span><\/div>\n<div><span style=\"font-size: large;\">\u00a0<\/span><\/div>\n<div><span style=\"font-size: large;\">\u201c[A proposta do Executivo] tem a princ\u00edpio o nosso apoio, mas \u00e9 proposta que tem que ser debatida para resolver o problema que vem se arrastando desde 1998\u201d, disse. Ibaneis explicou que, al\u00e9m da base parlamentar e nos estados, os governadores v\u00e3o trabalhar junto \u00e0 popula\u00e7\u00e3o. \u201cA sociedade precisa entender a reforma da Previd\u00eancia assim como outras reformas que precisamos avan\u00e7ar, como a reforma pol\u00edtica, para trazer estabilidade para o Brasil\u201d, acrescentou.<\/span><\/div>\n<div><span style=\"font-size: large;\">\u00a0<\/span><\/div>\n<div><span style=\"font-size: large;\">Governador do Rio de Janeiro, Wilson Witzel alertou que os estados querem que a proposta do Executivo Nacional contemple as situa\u00e7\u00f5es locais. \u201cOs estados precisam ser contemplados com a reforma da Previd\u00eancia no mesmo projeto. \u00c9 preciso fazer a reforma integral, do estado, do munic\u00edpio, da Uni\u00e3o. E que tenhamos essa reforma r\u00e1pido para evitar que isso fique se alongando depois nos estados e munic\u00edpios.\u201d<\/span><\/div>\n<\/div>\n","protected":false},"excerpt":{"rendered":"<p>ISTO \u00c9\u00a0 \u00a0 Na expectativa de conhecer detalhes da proposta da reforma da Previd\u00eancia entregue na manh\u00e3 de hoje (20) ao Congresso Nacional, governadores voltam a se reunir em Bras\u00edlia em defesa da mudan\u00e7a da legisla\u00e7\u00e3o. Neste terceiro encontro, os chefes de Executivos estaduais esperam conhecer do pr\u00f3prio ministro Paulo Guedes as especificidades do texto&#8230; <\/p>\n<div class=\"clear\"><\/div>\n<p><a href=\"https:\/\/bbconsultoria.net\/site\/previdencia-governadores-defendem-dialogo-em-discussao-no-congresso\/\" class=\"excerpt-read-more\">Read More<\/a><\/p>\n","protected":false},"author":4,"featured_media":0,"comment_status":"closed","ping_status":"closed","sticky":false,"template":"","format":"standard","meta":{"footnotes":""},"categories":[82],"tags":[],"class_list":["post-6593","post","type-post","status-publish","format-standard","hentry","category-noticias"],"_links":{"self":[{"href":"https:\/\/bbconsultoria.net\/site\/wp-json\/wp\/v2\/posts\/6593","targetHints":{"allow":["GET"]}}],"collection":[{"href":"https:\/\/bbconsultoria.net\/site\/wp-json\/wp\/v2\/posts"}],"about":[{"href":"https:\/\/bbconsultoria.net\/site\/wp-json\/wp\/v2\/types\/post"}],"author":[{"embeddable":true,"href":"https:\/\/bbconsultoria.net\/site\/wp-json\/wp\/v2\/users\/4"}],"replies":[{"embeddable":true,"href":"https:\/\/bbconsultoria.net\/site\/wp-json\/wp\/v2\/comments?post=6593"}],"version-history":[{"count":1,"href":"https:\/\/bbconsultoria.net\/site\/wp-json\/wp\/v2\/posts\/6593\/revisions"}],"predecessor-version":[{"id":6594,"href":"https:\/\/bbconsultoria.net\/site\/wp-json\/wp\/v2\/posts\/6593\/revisions\/6594"}],"wp:attachment":[{"href":"https:\/\/bbconsultoria.net\/site\/wp-json\/wp\/v2\/media?parent=6593"}],"wp:term":[{"taxonomy":"category","embeddable":true,"href":"https:\/\/bbconsultoria.net\/site\/wp-json\/wp\/v2\/categories?post=6593"},{"taxonomy":"post_tag","embeddable":true,"href":"https:\/\/bbconsultoria.net\/site\/wp-json\/wp\/v2\/tags?post=6593"}],"curies":[{"name":"wp","href":"https:\/\/api.w.org\/{rel}","templated":true}]}}