{"id":6588,"date":"2019-02-21T12:14:00","date_gmt":"2019-02-21T15:14:00","guid":{"rendered":"http:\/\/bbconsultoria.net\/site\/?p=6588"},"modified":"2019-02-22T12:14:25","modified_gmt":"2019-02-22T15:14:25","slug":"governo-nasce-com-a-reforma","status":"publish","type":"post","link":"https:\/\/bbconsultoria.net\/site\/governo-nasce-com-a-reforma\/","title":{"rendered":"Governo nasce com a reforma"},"content":{"rendered":"<div><span style=\"font-size: large;\">ESTAD\u00c3O<\/span><\/div>\n<div><span style=\"font-size: large;\">\u00a0<\/span><\/div>\n<div>\n<div><span style=\"font-size: large;\">\u00a0<\/span><\/div>\n<div><span style=\"font-size: large;\">Reforma ou desastre ser\u00e1 a escolha inevit\u00e1vel dos parlamentares. Jair Bolsonaro e seus ministros ter\u00e3o de trabalhar intensamente e agir como um governo<\/span><\/div>\n<div><span style=\"font-size: large;\">\u00a0<\/span><\/div>\n<div><span style=\"font-size: large;\">\u00a0<\/span><\/div>\n<div><span style=\"font-size: large;\">Reforma ou desastre ser\u00e1 a escolha inevit\u00e1vel dos parlamentares, nos pr\u00f3ximos meses, quando resolverem como ficar\u00e1 a Previd\u00eancia. Cada voto poder\u00e1 empurrar o Pa\u00eds para a crise e a estagna\u00e7\u00e3o ou para uma recupera\u00e7\u00e3o mais r\u00e1pida e uma nova fase de prosperidade. O presidente da Rep\u00fablica e seus ministros ter\u00e3o de trabalhar intensamente, a partir de agora, para formar a maioria necess\u00e1ria \u00e0 aprova\u00e7\u00e3o do projeto e, antes disso, para impedir a deforma\u00e7\u00e3o e a desidrata\u00e7\u00e3o das propostas do Executivo. Mas para isso o presidente e seus auxiliares precisar\u00e3o agir como um governo. Esse governo pode ter sido inaugurado na quarta-feira, com 50 dias de atraso, quando o texto foi entregue oficialmente ao Legislativo. At\u00e9 esse momento, o trabalho mais efetivo e mais vis\u00edvel a favor da reforma havia sido executado pelos presidentes da C\u00e2mara, Rodrigo Maia, e do Senado, Davi Alcolumbre.\u00a0<\/span><\/div>\n<div><span style=\"font-size: large;\">\u00a0<\/span><\/div>\n<div><span style=\"font-size: large;\">Mas o governo acumula em sua opera\u00e7\u00e3o efetiva um atraso maior que aqueles 50 dias. Bem antes da posse oficial, em 1.\u00ba de janeiro, o presidente e seus conselheiros poderiam ter avan\u00e7ado na discuss\u00e3o da reforma da Previd\u00eancia. Mas para isso precisariam ter condi\u00e7\u00f5es de apresentar, logo depois da elei\u00e7\u00e3o, um projeto bem esbo\u00e7ado e razoavelmente detalhado.\u00a0<\/span><\/div>\n<div><span style=\"font-size: large;\">\u00a0<\/span><\/div>\n<div><span style=\"font-size: large;\">N\u00e3o existia esse esbo\u00e7o, como ficou claro nos meses seguintes. Nem as idades m\u00ednimas para homens e mulheres estavam definidas at\u00e9 pouco antes da entrega do texto ao Congresso. Nem mesmo havia um plano de governo. O presidente eleito s\u00f3 dispunha de um discurso ideol\u00f3gico e moralista repetido de forma pat\u00e9tica por alguns ministros. Esse despreparo custou um atraso de mais de tr\u00eas meses na formula\u00e7\u00e3o final e no encaminhamento da proposta de mudan\u00e7a da Previd\u00eancia.\u00a0<\/span><\/div>\n<div><span style=\"font-size: large;\">\u00a0<\/span><\/div>\n<div><span style=\"font-size: large;\">Se a reforma for aprovada em seu formato atual, haver\u00e1, pelas contas oficiais, uma economia de cerca de R$ 1,16 trilh\u00e3o em dez anos. Nos primeiros quatro o ganho poder\u00e1 chegar a R$ 189 bilh\u00f5es, inclu\u00eddos na conta os efeitos da mudan\u00e7a no regime dos militares.<\/span><\/div>\n<div><span style=\"font-size: large;\">\u00a0<\/span><\/div>\n<div><span style=\"font-size: large;\">Mas essas, por enquanto, s\u00e3o as proje\u00e7\u00f5es mais otimistas. Muitos analistas do setor privado t\u00eam mencionado ganhos prov\u00e1veis de R$ 700 bilh\u00f5es em dez anos. Pessoas menos entusiasmadas baixam a expectativa para R$ 500 bilh\u00f5es, menos de 50% do valor estimado na melhor hip\u00f3tese. Os ganhos ser\u00e3o tanto menores quanto menos ambiciosa for a reforma aprovada. Al\u00e9m disso, o efeito estabilizador das mudan\u00e7as ser\u00e1 menos duradouro do que poderia ser.\u00a0<\/span><\/div>\n<div><span style=\"font-size: large;\">\u00a0<\/span><\/div>\n<div><span style=\"font-size: large;\">O governo deve estar preparado para aceitar a altera\u00e7\u00e3o e a supress\u00e3o de itens do projeto nos pr\u00f3ximos meses, mas precisar\u00e1 ter o cuidado de preservar os pontos mais importantes. Esses pontos devem ser relevantes por seus efeitos financeiros e tamb\u00e9m por suas consequ\u00eancias pol\u00edticas, porque a elimina\u00e7\u00e3o de privil\u00e9gios \u00e9 um dos melhores argumentos a favor da reforma. Deve tamb\u00e9m afastar a tenta\u00e7\u00e3o de acrescentar penduricalhos para atender a interesses de corpora\u00e7\u00f5es ou de empresas.\u00a0<\/span><\/div>\n<div><span style=\"font-size: large;\">\u00a0<\/span><\/div>\n<div><span style=\"font-size: large;\">Em qualquer caso, garantir condi\u00e7\u00f5es mais severas &#8211; itens como idades m\u00ednimas e tempo de contribui\u00e7\u00e3o &#8211; para o acesso \u00e0 aposentadoria ser\u00e1 essencial para uma reforma significativa. N\u00e3o haver\u00e1 reforma ideal, mas ser\u00e1 preciso conseguir a aprova\u00e7\u00e3o de uma proposta capaz de justificar a aposta numa nova etapa de crescimento econ\u00f4mico duradouro. Empres\u00e1rios e investidores dentro e fora do Pa\u00eds est\u00e3o \u00e0 espera desse sinal &#8211; com mais ceticismo no caso dos estrangeiros, segundo fontes da \u00e1rea de finan\u00e7as.\u00a0<\/span><\/div>\n<div><span style=\"font-size: large;\">\u00a0<\/span><\/div>\n<div><span style=\"font-size: large;\">A aprova\u00e7\u00e3o da reforma ser\u00e1 s\u00f3 a condi\u00e7\u00e3o inicial para uma nova fase de expans\u00e3o econ\u00f4mica. Ser\u00e1 preciso pensar em mais investimentos, em maior abertura e cuidar da identifica\u00e7\u00e3o de obst\u00e1culos e gargalos. O discurso oficial tem sido muito pobre em rela\u00e7\u00e3o a quest\u00f5es como essas.\u00a0<\/span><\/div>\n<div><span style=\"font-size: large;\">\u00a0<\/span><\/div>\n<div><span style=\"font-size: large;\">\u00c9 dif\u00edcil dizer, por enquanto, se existir\u00e1 um governo capaz de cuidar das negocia\u00e7\u00f5es partid\u00e1rias e da formula\u00e7\u00e3o dos passos seguintes da pol\u00edtica. A resposta ser\u00e1 negativa, com certeza, se o presidente Jair Bolsonaro insistir em briguinhas, em manter ministros comprovadamente despreparados e em deixar seus filhos meter-se na gest\u00e3o do Executivo.\u00a0<\/span><\/div>\n<\/div>\n","protected":false},"excerpt":{"rendered":"<p>ESTAD\u00c3O \u00a0 \u00a0 Reforma ou desastre ser\u00e1 a escolha inevit\u00e1vel dos parlamentares. Jair Bolsonaro e seus ministros ter\u00e3o de trabalhar intensamente e agir como um governo \u00a0 \u00a0 Reforma ou desastre ser\u00e1 a escolha inevit\u00e1vel dos parlamentares, nos pr\u00f3ximos meses, quando resolverem como ficar\u00e1 a Previd\u00eancia. Cada voto poder\u00e1 empurrar o Pa\u00eds para a crise&#8230; <\/p>\n<div class=\"clear\"><\/div>\n<p><a href=\"https:\/\/bbconsultoria.net\/site\/governo-nasce-com-a-reforma\/\" class=\"excerpt-read-more\">Read More<\/a><\/p>\n","protected":false},"author":4,"featured_media":0,"comment_status":"closed","ping_status":"closed","sticky":false,"template":"","format":"standard","meta":{"footnotes":""},"categories":[82],"tags":[],"class_list":["post-6588","post","type-post","status-publish","format-standard","hentry","category-noticias"],"_links":{"self":[{"href":"https:\/\/bbconsultoria.net\/site\/wp-json\/wp\/v2\/posts\/6588","targetHints":{"allow":["GET"]}}],"collection":[{"href":"https:\/\/bbconsultoria.net\/site\/wp-json\/wp\/v2\/posts"}],"about":[{"href":"https:\/\/bbconsultoria.net\/site\/wp-json\/wp\/v2\/types\/post"}],"author":[{"embeddable":true,"href":"https:\/\/bbconsultoria.net\/site\/wp-json\/wp\/v2\/users\/4"}],"replies":[{"embeddable":true,"href":"https:\/\/bbconsultoria.net\/site\/wp-json\/wp\/v2\/comments?post=6588"}],"version-history":[{"count":1,"href":"https:\/\/bbconsultoria.net\/site\/wp-json\/wp\/v2\/posts\/6588\/revisions"}],"predecessor-version":[{"id":6589,"href":"https:\/\/bbconsultoria.net\/site\/wp-json\/wp\/v2\/posts\/6588\/revisions\/6589"}],"wp:attachment":[{"href":"https:\/\/bbconsultoria.net\/site\/wp-json\/wp\/v2\/media?parent=6588"}],"wp:term":[{"taxonomy":"category","embeddable":true,"href":"https:\/\/bbconsultoria.net\/site\/wp-json\/wp\/v2\/categories?post=6588"},{"taxonomy":"post_tag","embeddable":true,"href":"https:\/\/bbconsultoria.net\/site\/wp-json\/wp\/v2\/tags?post=6588"}],"curies":[{"name":"wp","href":"https:\/\/api.w.org\/{rel}","templated":true}]}}