{"id":6584,"date":"2019-02-21T12:13:16","date_gmt":"2019-02-21T15:13:16","guid":{"rendered":"http:\/\/bbconsultoria.net\/site\/?p=6584"},"modified":"2019-02-22T12:13:36","modified_gmt":"2019-02-22T15:13:36","slug":"uma-boa-derrota","status":"publish","type":"post","link":"https:\/\/bbconsultoria.net\/site\/uma-boa-derrota\/","title":{"rendered":"Uma boa derrota"},"content":{"rendered":"<div>FOLHA DE S\u00c3O PAULO<\/div>\n<div><\/div>\n<div><span style=\"font-size: large;\">C\u00e2mara derrubou decreto que jamais deveria ter sido editado<\/span><\/div>\n<div><span style=\"font-size: large;\">\u00a0<\/span><\/div>\n<div><span style=\"font-size: large;\">Saiu barato, pode-se dizer, o primeiro rev\u00e9s do presidente Jair Bolsonaro (PSL) no Congresso. Afinal, parlamentares costumam desenterrar projetos que imp\u00f5em custos bilion\u00e1rios ao er\u00e1rio quando querem demonstrar insatisfa\u00e7\u00e3o com o Pal\u00e1cio do Planalto.<br \/>\n<\/span><\/div>\n<div><span style=\"font-size: large;\">\u00a0<\/span><\/div>\n<div><span style=\"font-size: large;\">Desta feita, a C\u00e2mara dos Deputados chancelou uma iniciativa legislativa que susta os efeitos de um decreto \u2014assinado pelo general Hamilton Mour\u00e3o enquanto exercia interinamente a Presid\u00eancia\u2014 que amplia o n\u00famero de servidores aptos a classificar documentos como secretos e ultrassecretos.<\/span><\/div>\n<div><span style=\"font-size: large;\">\u00a0<\/span><\/div>\n<div><span style=\"font-size: large;\">Objetivamente, a Casa presta um servi\u00e7o ao pa\u00eds, uma vez que o tal decreto jamais deveria ter sido editado. Espera-se que o Senado siga o exemplo virtuoso.<\/span><\/div>\n<div><span style=\"font-size: large;\">\u00a0<\/span><\/div>\n<div><span style=\"font-size: large;\">As circunst\u00e2ncias e o placar acachapante \u2014367 a 57\u2014 mostram que a vota\u00e7\u00e3o significou um recado ao Executivo. At\u00e9 a demiss\u00e3o do ministro Gustavo Bebianno, interlocutor habitual do presidente da C\u00e2mara, Rodrigo Maia (DEM-RJ), esteve entre os motivos de descontentamento listados.<\/span><\/div>\n<div><span style=\"font-size: large;\">\u00a0<\/span><\/div>\n<div><span style=\"font-size: large;\">O PSL foi o \u00fanico partido que orientou seus membros a votar contra a proposta, mas, diante da derrota iminente, liberou a bancada.<\/span><\/div>\n<div><span style=\"font-size: large;\">\u00a0<\/span><\/div>\n<div><span style=\"font-size: large;\">A contrariedade dos deputados tem v\u00e1rias dimens\u00f5es \u2014nem todas elevadas. Conforme se noticia, eles se queixam da lentid\u00e3o nas nomea\u00e7\u00f5es para cargos de segundo escal\u00e3o, de serem deixados de lado nas movimenta\u00e7\u00f5es atinentes \u00e0 reforma da Previd\u00eancia e da falta de destreza pol\u00edtica do governo.\u00a0<\/span><\/div>\n<div><span style=\"font-size: large;\">\u00a0<\/span><\/div>\n<div><span style=\"font-size: large;\">Bolsonaro, que inovou ao evitar indica\u00e7\u00f5es partid\u00e1rias na composi\u00e7\u00e3o do minist\u00e9rio, ainda n\u00e3o teve maiores oportunidades de demonstrar a viabilidade de seu arranjo. De mais concreto, pode ser creditada a seu favor a elei\u00e7\u00e3o de Davi Alcolumbre (DEM-AP) para a presid\u00eancia do Senado.<\/span><\/div>\n<div><span style=\"font-size: large;\">\u00a0<\/span><\/div>\n<div><span style=\"font-size: large;\">O presidente decerto conta com o peso dos quase 58 milh\u00f5es de votos rec\u00e9m-obtidos. Esse patrim\u00f4nio, no entanto, \u00e9 perec\u00edvel \u2014ainda mais em um governo ne\u00f3fito, com pauta legislativa t\u00e3o ampla quanto controversa e que acumula uma sequ\u00eancia de desgastes incomum para um per\u00edodo t\u00e3o curto.\u00a0<\/span><\/div>\n","protected":false},"excerpt":{"rendered":"<p>FOLHA DE S\u00c3O PAULO C\u00e2mara derrubou decreto que jamais deveria ter sido editado \u00a0 Saiu barato, pode-se dizer, o primeiro rev\u00e9s do presidente Jair Bolsonaro (PSL) no Congresso. Afinal, parlamentares costumam desenterrar projetos que imp\u00f5em custos bilion\u00e1rios ao er\u00e1rio quando querem demonstrar insatisfa\u00e7\u00e3o com o Pal\u00e1cio do Planalto. \u00a0 Desta feita, a C\u00e2mara dos Deputados&#8230; <\/p>\n<div class=\"clear\"><\/div>\n<p><a href=\"https:\/\/bbconsultoria.net\/site\/uma-boa-derrota\/\" class=\"excerpt-read-more\">Read More<\/a><\/p>\n","protected":false},"author":4,"featured_media":0,"comment_status":"closed","ping_status":"closed","sticky":false,"template":"","format":"standard","meta":{"footnotes":""},"categories":[82],"tags":[],"class_list":["post-6584","post","type-post","status-publish","format-standard","hentry","category-noticias"],"_links":{"self":[{"href":"https:\/\/bbconsultoria.net\/site\/wp-json\/wp\/v2\/posts\/6584","targetHints":{"allow":["GET"]}}],"collection":[{"href":"https:\/\/bbconsultoria.net\/site\/wp-json\/wp\/v2\/posts"}],"about":[{"href":"https:\/\/bbconsultoria.net\/site\/wp-json\/wp\/v2\/types\/post"}],"author":[{"embeddable":true,"href":"https:\/\/bbconsultoria.net\/site\/wp-json\/wp\/v2\/users\/4"}],"replies":[{"embeddable":true,"href":"https:\/\/bbconsultoria.net\/site\/wp-json\/wp\/v2\/comments?post=6584"}],"version-history":[{"count":1,"href":"https:\/\/bbconsultoria.net\/site\/wp-json\/wp\/v2\/posts\/6584\/revisions"}],"predecessor-version":[{"id":6586,"href":"https:\/\/bbconsultoria.net\/site\/wp-json\/wp\/v2\/posts\/6584\/revisions\/6586"}],"wp:attachment":[{"href":"https:\/\/bbconsultoria.net\/site\/wp-json\/wp\/v2\/media?parent=6584"}],"wp:term":[{"taxonomy":"category","embeddable":true,"href":"https:\/\/bbconsultoria.net\/site\/wp-json\/wp\/v2\/categories?post=6584"},{"taxonomy":"post_tag","embeddable":true,"href":"https:\/\/bbconsultoria.net\/site\/wp-json\/wp\/v2\/tags?post=6584"}],"curies":[{"name":"wp","href":"https:\/\/api.w.org\/{rel}","templated":true}]}}