{"id":6568,"date":"2018-09-21T09:00:06","date_gmt":"2018-09-21T12:00:06","guid":{"rendered":"http:\/\/bbconsultoria.net\/site\/?p=6568"},"modified":"2019-02-17T11:49:22","modified_gmt":"2019-02-17T14:49:22","slug":"mercado-financeiro-desconfia-das-equipes-economicas-de-haddad-e-bolsonaro","status":"publish","type":"post","link":"https:\/\/bbconsultoria.net\/site\/mercado-financeiro-desconfia-das-equipes-economicas-de-haddad-e-bolsonaro\/","title":{"rendered":"Mercado financeiro desconfia das equipes econ\u00f4micas de Haddad e Bolsonaro"},"content":{"rendered":"<h3>L\u00edderes nas pesquisas buscam profissionais de credibilidade no meio econ\u00f4mico para eliminar desconfian\u00e7as sobre seus planos de governo<\/h3>\n<p>H\u00e1 quatro anos, na \u00faltima elei\u00e7\u00e3o presidencial, o pa\u00eds come\u00e7ava a entrar na pior recess\u00e3o de sua hist\u00f3ria, da qual ainda n\u00e3o se recuperou completamente \u2014 uma demonstra\u00e7\u00e3o disso \u00e9 o n\u00famero recorde de 13 milh\u00f5es de desempregados. O temor de que venha a cair em um novo ciclo negativo por imper\u00edcia do governante tem grande peso na decis\u00e3o dos eleitores. N\u00e3o \u00e9 \u00e0 toa que os candidatos a presidente tentam acenar com nomes e propostas de credibilidade. Nos casos dos dois l\u00edderes nas pesquisas, Jair Bolsonaro (PSL) e Fernando Haddad (PT), analistas de mercado veem motivos para desconfian\u00e7a, ainda que tamb\u00e9m haja expectativa de que possam tomar decis\u00f5es acertadas.<\/p>\n<p>Bolsonaro fez o movimento pr\u00f3-mercado faz tempo, ao escolher o economista Paulo Guedes, doutor em economia pela Universidade de Chicago, o templo do liberalismo econ\u00f4mico. O problema \u00e9 que o candidato sempre defendeu ideias antiliberais. Como deputado, votou contra o Plano Real. E acaba de desautorizar Guedes, que falou no in\u00edcio desta semana a uma plateia restrita sobre a possibilidade de recriar a Contribui\u00e7\u00e3o Provis\u00f3ria sobre Movimenta\u00e7\u00e3o Financeira (CPMF) para equilibrar as contas p\u00fablicas. Bolsonaro diz que n\u00e3o quer saber de novos impostos.<\/p>\n<p>Haddad tenta se aproximar de ideias de mercado agora, mas enfrenta a descren\u00e7a pelos acenos que j\u00e1 fez \u00e0s alas mais \u00e0 esquerda de seu partido e tamb\u00e9m pelos erros do governo da correlegion\u00e1ria Dilma Rousseff, a qual ele tem criticado em tom moderado. O ex-prefeito de S\u00e3o Paulo j\u00e1 disse que busca algu\u00e9m parecido com ele mesmo para chefiar a equipe econ\u00f4mica, e fez quest\u00e3o de dizer que Lula cogitou nome\u00e1-lo ministro da Fazenda \u2014 acabou ficando na pasta da Educa\u00e7\u00e3o.<\/p>\n<p>Para Zeina Latif, economista-chefe da XP Investimentos, os sinais de Haddad s\u00e3o esperados. \u201cA esquerda n\u00e3o \u00e9 uma coisa s\u00f3, nem o PT, e Haddad \u00e9 dos mais moderados. Ele n\u00e3o \u00e9 Dilma. E nem Dilma seria o que foi, hoje, porque o momento \u00e9 diferente\u201d, diz. No caso de o petista ser eleito, ela espera um governo com idas e vindas. \u201cEle vai tentar algumas coisas, n\u00e3o vai conseguir todas. Haver\u00e1 volatilidade nos mercados. Ser\u00e1 algo entre o que se viu no primeiro mandato do governo Lula e no segundo\u201d, avisa.<\/p>\n<p>Na eventualidade de Bolsonaro ser escolhido, a situa\u00e7\u00e3o \u00e9 mais incerta. \u201cN\u00f3s j\u00e1 sabemos o que \u00e9 o populismo de esquerda. Uma coisa \u00e9 o palanque, outra quando realmente decidem fazer as coisas. O populismo de direita \u00e9 uma inc\u00f3gnita\u201d, avalia. N\u00e3o \u00e9 poss\u00edvel dar como certo, na vis\u00e3o de Zeina, nem mesmo que Guedes ser\u00e1 escolhido ministro da Fazenda e, caso seja, que ter\u00e1 respaldo e permanecer\u00e1 no cargo. O fato de a Bolsa subir e o d\u00f3lar cair quando Bolsonaro avan\u00e7a nas pesquisas n\u00e3o pode ser tomado como sinal inequ\u00edvoco de otimismo. \u201cO mercado vira muito rapidamente\u201d, afirma. Ela lembra que houve ampla aprova\u00e7\u00e3o quando Joaquim Levy foi escolhido ministro da Fazenda de Dilma, mas, diante da resist\u00eancia que ele enfrentou no governo e no Congresso, isso mudou.<\/p>\n<h4>Inseguran\u00e7a<\/h4>\n<p>Amaury Fonseca Junior, s\u00f3cio da gestora de recursos Vision, afirma que o investidor estrangeiro ainda n\u00e3o tem clareza sobre os planos dos candidatos para a economia. \u201c\u00c9 natural que isso s\u00f3 seja conhecido de fato com a proximidade da elei\u00e7\u00e3o, a uma semana de o eleitor ir para a urna\u201d, afirma.<\/p>\n<p>Ele diz que os governos petistas foram, no geral, positivos, mas tiveram um aspecto muito ruim: as mudan\u00e7as de regras nas \u00e1reas de petr\u00f3leo e energia el\u00e9trica. \u201cIsso n\u00e3o foi ruim s\u00f3 para essas \u00e1reas. Conhe\u00e7o muitos investidores de outros setores que desistiram de entrar no pa\u00eds por verem inseguran\u00e7a generalizada a partir dessas decis\u00f5es\u201d, explica. \u201cNo caso de Bolsonaro, h\u00e1 incerteza. A revista brit\u00e2nica The Economist afirma que ser\u00e1 um governo catastr\u00f3fico. Mas acho exagero. Vai depender do que ele apresentar. O que \u00e9 necess\u00e1rio \u00e9 que qualquer candidato tenha no\u00e7\u00e3o do quanto o pa\u00eds depende de capital estrangeiro para crescer. E, sem confian\u00e7a, ele n\u00e3o vir\u00e1\u201d, alerta.<\/p>\n<p>Nas discuss\u00f5es sobre a escolha para ministro da Fazenda, quatro nomes rondam a c\u00fapula petista. Do mundo empresarial, as possibilidades seriam Luiz Carlos Trabuco, ex-presidente do Bradesco, e Josu\u00e9 Gomes da Silva, dono da Coteminas. Do lado acad\u00eamico, o diretor do Insper, Marcos Lisboa, \u00e9 um nome citado. H\u00e1 boas raz\u00f5es para isso. Ele integrou a equipe econ\u00f4mica no primeiro mandato do governo Lula. E \u00e9 pr\u00f3ximo de Haddad, que \u00e9 professor do Insper. Lisboa nega que tenha sido procurado, mas tamb\u00e9m n\u00e3o diz que recusaria um convite. Ressalta, por\u00e9m, que j\u00e1 fez cr\u00edticas a propostas petistas, como aumentar a taxa\u00e7\u00e3o de bancos que n\u00e3o reduzirem juros.<\/p>\n<p>Outro nome citado entre economistas ortodoxos \u00e9 o de Samuel Pessoa, da Funda\u00e7\u00e3o Getulio Vargas (FGV), que tamb\u00e9m nega qualquer sondagem. Ele foi colega de Haddad no curso de mestrado em economia na Universidade de S\u00e3o Paulo (USP). A economista Zeina Latif, da XP Investimentos afirma que n\u00e3o ser\u00e1 t\u00e3o f\u00e1cil atrair pessoas com esse perfil para o governo. \u201cA experi\u00eancia negativa que o Joaquim Levy teve vai atrapalhar. Uma pessoa que vai para o governo empresta sua reputa\u00e7\u00e3o\u201d, destaca.<br \/>\nContinua depois da publicidade<\/p>\n<p>O ex-coordenador de pol\u00edtica fiscal da Secretaria de Pol\u00edtica Econ\u00f4mica do Minist\u00e9rio da Fazenda Geraldo Biazoto aposta em algu\u00e9m do mundo empresarial. \u201cSeria muito arriscado, do ponto de vista do \u00e2nimo da economia, entrar com uma pessoa de perfil menos pr\u00f3-mercado. O Trabuco n\u00e3o seria uma op\u00e7\u00e3o real se a gente analisasse assim. O Josu\u00e9 Gomes \u00e9 perfeito, indica ideia de produ\u00e7\u00e3o, fala com o setor privado, n\u00e3o deixa a hegemonia para o mundo financeiro\u201d, avalia Biazoto, que \u00e9 professor do Instituto de Economia da Universidade Estadual de Campinas (Unicamp).<\/p>\n<h4>Encontro cancelado<\/h4>\n<p>Um encontro entre o economista Paulo Guedes, conselheiro do PSL, com clientes do banco de investimentos Credit Suisse Hedging Griffo (CSHG) marcado para ontem foi cancelado. Oficialmente, a o cancelamento ocorreu por \u201cproblemas de agenda\u201d. Mas h\u00e1 informa\u00e7\u00f5es de que a altera\u00e7\u00e3o teria ocorrido em fun\u00e7\u00e3o do desgaste causado pelas declara\u00e7\u00f5es de Guedes, no in\u00edcio da semana, sobre a poss\u00edvel volta da CPMF. Em uma reuni\u00e3o do grupo de coordena\u00e7\u00e3o da campanha, ontem de manh\u00e3, teria sido decidido que Eduardo Bolsonaro, filho do candidato, passaria a fazer a intermedia\u00e7\u00e3o com o mercado.<\/p>\n<p><strong>Fonte: <\/strong>CORREIO BRAZILIENSE<\/p>\n","protected":false},"excerpt":{"rendered":"<p>L\u00edderes nas pesquisas buscam profissionais de credibilidade no meio econ\u00f4mico para eliminar desconfian\u00e7as sobre seus planos de governo H\u00e1 quatro anos, na \u00faltima elei\u00e7\u00e3o presidencial, o pa\u00eds come\u00e7ava a entrar na pior recess\u00e3o de sua hist\u00f3ria, da qual ainda n\u00e3o se recuperou completamente \u2014 uma demonstra\u00e7\u00e3o disso \u00e9 o n\u00famero recorde de 13 milh\u00f5es de&#8230; <\/p>\n<div class=\"clear\"><\/div>\n<p><a href=\"https:\/\/bbconsultoria.net\/site\/mercado-financeiro-desconfia-das-equipes-economicas-de-haddad-e-bolsonaro\/\" class=\"excerpt-read-more\">Read More<\/a><\/p>\n","protected":false},"author":1,"featured_media":0,"comment_status":"closed","ping_status":"closed","sticky":false,"template":"","format":"standard","meta":{"footnotes":""},"categories":[82],"tags":[],"class_list":["post-6568","post","type-post","status-publish","format-standard","hentry","category-noticias"],"_links":{"self":[{"href":"https:\/\/bbconsultoria.net\/site\/wp-json\/wp\/v2\/posts\/6568","targetHints":{"allow":["GET"]}}],"collection":[{"href":"https:\/\/bbconsultoria.net\/site\/wp-json\/wp\/v2\/posts"}],"about":[{"href":"https:\/\/bbconsultoria.net\/site\/wp-json\/wp\/v2\/types\/post"}],"author":[{"embeddable":true,"href":"https:\/\/bbconsultoria.net\/site\/wp-json\/wp\/v2\/users\/1"}],"replies":[{"embeddable":true,"href":"https:\/\/bbconsultoria.net\/site\/wp-json\/wp\/v2\/comments?post=6568"}],"version-history":[{"count":1,"href":"https:\/\/bbconsultoria.net\/site\/wp-json\/wp\/v2\/posts\/6568\/revisions"}],"predecessor-version":[{"id":6569,"href":"https:\/\/bbconsultoria.net\/site\/wp-json\/wp\/v2\/posts\/6568\/revisions\/6569"}],"wp:attachment":[{"href":"https:\/\/bbconsultoria.net\/site\/wp-json\/wp\/v2\/media?parent=6568"}],"wp:term":[{"taxonomy":"category","embeddable":true,"href":"https:\/\/bbconsultoria.net\/site\/wp-json\/wp\/v2\/categories?post=6568"},{"taxonomy":"post_tag","embeddable":true,"href":"https:\/\/bbconsultoria.net\/site\/wp-json\/wp\/v2\/tags?post=6568"}],"curies":[{"name":"wp","href":"https:\/\/api.w.org\/{rel}","templated":true}]}}