{"id":6566,"date":"2018-09-24T10:00:48","date_gmt":"2018-09-24T13:00:48","guid":{"rendered":"http:\/\/bbconsultoria.net\/site\/?p=6566"},"modified":"2019-02-17T11:42:27","modified_gmt":"2019-02-17T14:42:27","slug":"proporcoes-de-eleitores-que-pretendem-votar-em-branco-ou-nulo-cai-para-12","status":"publish","type":"post","link":"https:\/\/bbconsultoria.net\/site\/proporcoes-de-eleitores-que-pretendem-votar-em-branco-ou-nulo-cai-para-12\/","title":{"rendered":"Propor\u00e7\u00f5es de eleitores que pretendem votar em branco ou nulo cai para 12%"},"content":{"rendered":"<h3>Ao mesmo tempo Bolsonaro e Haddad crescem. Possibilidade de terceira via com chances tamb\u00e9m deve levar eleitores \u00e0s urnas<\/h3>\n<p>O clima de sensibiliza\u00e7\u00e3o na campanha eleitoral deve mudar o rumo dos chamados \u201cn\u00e3o votos\u201d no pa\u00eds. Antes do in\u00edcio da campanha, alguns analistas apostavam que o acumulado de brancos e nulos, mais absten\u00e7\u00f5es, ia superar os 40% no primeiro turno e chegar a 50% no segundo, a exemplo do que ocorreu nas elei\u00e7\u00f5es suplementares para governador do Tocantins, em junho deste ano.<\/p>\n<p>Entretanto, a polariza\u00e7\u00e3o entre os extremos, representada por Jair Bolsonaro (PSL) e Fernando Haddad (PT), levar\u00e3o o percentual no primeiro turno a um patamar menor. Nas elei\u00e7\u00f5es de 1994, a soma dos \u201cn\u00e3o votos\u201d foi de 33%. Em 1998, de 40%. Em 2014, 29%.<\/p>\n<p>As previs\u00f5es atuais s\u00e3o corroboradas por pesquisas de inten\u00e7\u00e3o de voto. A da Datafolha, divulgada na quinta-feira, 20, aponta que 12% do eleitorado est\u00e1 propenso a votar em branco ou nulo. Em 22 de agosto, esse \u00edndice estava em 22%.<\/p>\n<p>O recuo de 10 pontos percentuais de n\u00e3o votos \u00e9 acompanhado pelo crescimento de Bolsonaro e, sobretudo, Haddad. O presidenci\u00e1vel do PSL subiu seis pontos no per\u00edodo analisado, de 22% para 28%. J\u00e1 o petista avan\u00e7ou 12 pontos, de 4% para 16%. Bolsonaro ganhou for\u00e7a ap\u00f3s o atentado em Juiz de Fora (MG). No caso de Haddad, pesa a transfer\u00eancia de apoio de quem pretendia votar no ex-presidente Luiz In\u00e1cio Lula da Silva, preso em Curitiba, condenado por corrup\u00e7\u00e3o e lavagem de dinheiro em segunda inst\u00e2ncia, portanto impedido de concorrer.<\/p>\n<p>Analistas ressalvam, por\u00e9m, que muita coisa pode mudar at\u00e9 7 de outubro. Afinal, Ciro Gomes tem 13% das inten\u00e7\u00f5es de voto. E a soma de Geraldo Alckmin (PSDB) e Marina Silva (Rede) resulta em outros 16%. H\u00e1 ainda Alvaro Dias (Pode), Jo\u00e3o Amo\u00eado (Novo) e Henrique Meirelles (MDB), que, t\u00eam juntos, 8%.<\/p>\n<p>A ret\u00f3rica de que o ex-presidente Lula \u00e9 preso pol\u00edtico e as derrotas nas tentativas de participar das elei\u00e7\u00f5es criaram uma narrativa que emplaca Haddad como herdeiro pol\u00edtico. A estrat\u00e9gia em torno da candidatura petista deu certo, a tal ponto que explica em parte a redu\u00e7\u00e3o dos votos nulos, avalia o soci\u00f3logo e cientista pol\u00edtico Paulo Ba\u00eda, professor da Universidade Federal do Rio de Janeiro (UFRJ). Da mesma forma, a facada em Bolsonaro e a recupera\u00e7\u00e3o dele no hospital Albert Einstein, em S\u00e3o Paulo, contagiou parte do eleitorado e o impulsionou nas pesquisas.<\/p>\n<p>Ambos os casos geram um ambiente de passionalidade que sensibiliza a campanha e empurra os eleitores a escolherem um candidato. \u201cO clima n\u00e3o \u00e9 para votar nulo. A elei\u00e7\u00e3o mobiliza a popula\u00e7\u00e3o e os n\u00e3o votos tendem a cair\u201d, analisa Ba\u00eda. O professor destaca, ainda, que Bolsonaro e Haddad s\u00e3o indissoci\u00e1veis. \u00c0 medida que o petista cresce nas pesquisas, Bolsonaro tamb\u00e9m avan\u00e7a, empurrado pela absor\u00e7\u00e3o de votos de Amo\u00eado, Alvaro Dias, Meirelles e Alckmin.<\/p>\n<p>Da mesma forma que o voto \u00fatil do \u201cantipetismo\u201d alavanca Bolsonaro, Haddad tamb\u00e9m se beneficia da for\u00e7a de Lula, puxando votos que poderiam ir para Ciro e Marina. Ambas candidaturas se alimentam tamb\u00e9m pelo temor de um dos dois extremos vencerem as elei\u00e7\u00f5es, assim como Alckmin. E o efeito pr\u00e1tico disso \u00e9 a redu\u00e7\u00e3o de eleitores inclinados a votar nulo ou branco, ou n\u00e3o comparecer \u00e0s urnas, pondera Ba\u00eda.<\/p>\n<h4>Pragmatismo<\/h4>\n<p>O ambiente sugere que o percentual de n\u00e3o votantes fique abaixo em rela\u00e7\u00e3o \u00e0s elei\u00e7\u00f5es municipais nas grandes capitais e tamb\u00e9m na compara\u00e7\u00e3o com os pleitos suplementares para governador de Amazonas, em 2017, e do Tocantins, neste ano. Boa parte do eleitorado votou sob desencanto com pol\u00edticos e impactados pelos esc\u00e2ndalos de corrup\u00e7\u00e3o revelados pela Opera\u00e7\u00e3o Lava-Jato.<\/p>\n<p>Na elei\u00e7\u00e3o municipal de S\u00e3o Paulo, vencida em primeiro turno, o acumulado de absten\u00e7\u00f5es, votos nulos e brancos chegou a 38,5%. No Rio de Janeiro, esse percentual foi de 42,5% no primeiro turno e de 46,9% no segundo. No Amazonas, foi de 40,2% no primeiro e de 43,5% no segundo. S\u00f3 n\u00e3o superou o desalento do eleitorado em Tocantins. L\u00e1, os n\u00e3o votantes somaram 43,5% na primeira etapa e 51,8%, na segunda.<\/p>\n<p>A possibilidade de os n\u00e3o votos ficarem abaixo de 40% \u00e9 real, endossa o cientista pol\u00edtico Geraldo Tadeu Monteiro, coordenador do Centro Brasileiro de Estudos e Pesquisas sobre a Democracia da Universidade do Estado do Rio de Janeiro (Uerj). \u201cSempre que houver polariza\u00e7\u00e3o, mais pessoas comparecem e diminui o n\u00famero de nulos e brancos\u201d, analisa.<\/p>\n<p>As previs\u00f5es de um percentual menor de n\u00e3o votantes n\u00e3o decorre apenas da polariza\u00e7\u00e3o, avalia o cientista pol\u00edtico Ricardo Ismael, professor da Pontif\u00edcia Universidade Cat\u00f3lica do Rio de Janeiro (PUC-RJ). Ele reconhece que existe um desalento e desconfian\u00e7a muito grande dos eleitores em rela\u00e7\u00e3o aos pol\u00edticos, mas acredita que os eleitores votar\u00e3o por uma quest\u00e3o mais pragm\u00e1tica, pensando em como resolver os problemas do pa\u00eds. \u201cAlgu\u00e9m vai ter de come\u00e7ar a solucionar e, a\u00ed, n\u00e3o d\u00e1 para ficar indiferente e n\u00e3o querer votar\u201d, pondera.<br \/>\nContinua depois da publicidade<\/p>\n<p>Outras explica\u00e7\u00f5es para a previs\u00e3o de um percentual menor de n\u00e3o votantes \u00e9 o n\u00famero de candidaturas competitivas. Embora Bolsonaro e Haddad estejam bem encaminhados para o segundo turno, Ismael acredita que Ciro, Alckmin e Marina s\u00e3o candidatos que podem ainda atrair alguns votos. \u201cQuanto mais candidaturas tiverem chances de chegar ao segundo turno, maior vai ser o movimento de atrair e eleitores e menor ser\u00e1 o n\u00famero de absten\u00e7\u00f5es e votos nulos e brancos\u201d, justifica.<\/p>\n<p><strong>Fonte: <\/strong>CORREIO BRAZILIENSE<\/p>\n","protected":false},"excerpt":{"rendered":"<p>Ao mesmo tempo Bolsonaro e Haddad crescem. Possibilidade de terceira via com chances tamb\u00e9m deve levar eleitores \u00e0s urnas O clima de sensibiliza\u00e7\u00e3o na campanha eleitoral deve mudar o rumo dos chamados \u201cn\u00e3o votos\u201d no pa\u00eds. Antes do in\u00edcio da campanha, alguns analistas apostavam que o acumulado de brancos e nulos, mais absten\u00e7\u00f5es, ia superar&#8230; <\/p>\n<div class=\"clear\"><\/div>\n<p><a href=\"https:\/\/bbconsultoria.net\/site\/proporcoes-de-eleitores-que-pretendem-votar-em-branco-ou-nulo-cai-para-12\/\" class=\"excerpt-read-more\">Read More<\/a><\/p>\n","protected":false},"author":1,"featured_media":0,"comment_status":"closed","ping_status":"closed","sticky":false,"template":"","format":"standard","meta":{"footnotes":""},"categories":[82],"tags":[],"class_list":["post-6566","post","type-post","status-publish","format-standard","hentry","category-noticias"],"_links":{"self":[{"href":"https:\/\/bbconsultoria.net\/site\/wp-json\/wp\/v2\/posts\/6566","targetHints":{"allow":["GET"]}}],"collection":[{"href":"https:\/\/bbconsultoria.net\/site\/wp-json\/wp\/v2\/posts"}],"about":[{"href":"https:\/\/bbconsultoria.net\/site\/wp-json\/wp\/v2\/types\/post"}],"author":[{"embeddable":true,"href":"https:\/\/bbconsultoria.net\/site\/wp-json\/wp\/v2\/users\/1"}],"replies":[{"embeddable":true,"href":"https:\/\/bbconsultoria.net\/site\/wp-json\/wp\/v2\/comments?post=6566"}],"version-history":[{"count":1,"href":"https:\/\/bbconsultoria.net\/site\/wp-json\/wp\/v2\/posts\/6566\/revisions"}],"predecessor-version":[{"id":6567,"href":"https:\/\/bbconsultoria.net\/site\/wp-json\/wp\/v2\/posts\/6566\/revisions\/6567"}],"wp:attachment":[{"href":"https:\/\/bbconsultoria.net\/site\/wp-json\/wp\/v2\/media?parent=6566"}],"wp:term":[{"taxonomy":"category","embeddable":true,"href":"https:\/\/bbconsultoria.net\/site\/wp-json\/wp\/v2\/categories?post=6566"},{"taxonomy":"post_tag","embeddable":true,"href":"https:\/\/bbconsultoria.net\/site\/wp-json\/wp\/v2\/tags?post=6566"}],"curies":[{"name":"wp","href":"https:\/\/api.w.org\/{rel}","templated":true}]}}