{"id":6543,"date":"2019-01-29T09:00:41","date_gmt":"2019-01-29T11:00:41","guid":{"rendered":"http:\/\/bbconsultoria.net\/site\/?p=6543"},"modified":"2019-02-03T21:21:26","modified_gmt":"2019-02-03T23:21:26","slug":"metas-economicas","status":"publish","type":"post","link":"https:\/\/bbconsultoria.net\/site\/metas-economicas\/","title":{"rendered":"Metas econ\u00f4micas"},"content":{"rendered":"<h3>Lista de prioridades do governo Bolsonaro para os primeiros cem dias deixa a desejar, sobretudo pela aus\u00eancia de temas como reforma da Previd\u00eancia<\/h3>\n<p>Com as promessas sobre reformas reiteradas no encontro anual da elite global, em Davos, o governo Bolsonaro conseguiu manter a anima\u00e7\u00e3o do mercado financeiro na semana passada.<\/p>\n<p>Mesmo num contexto conturbado, a Bolsa de Valores acumulou alta de 11% desde o come\u00e7o do ano (at\u00e9 sexta, 25), e as taxas de juros de longo prazo vinham caindo.<\/p>\n<p>E isso a despeito da falta de detalhes no compromisso com a reforma da Previd\u00eancia expressado pelo presidente Jair Bolsonaro (PSL) e pelo ministro Paulo Guedes. O titular da Economia s\u00f3 mencionou a pretens\u00e3o de poupar algo entre R$ 700 bilh\u00f5es e R$ 1,3 trilh\u00e3o.<\/p>\n<p>Trata-se de objetivo mais ambicioso que o da gest\u00e3o anterior, mas, com as expectativas infladas, mostrar a viabilidade da proposta torna-se ainda mais importante.<\/p>\n<p>Causa estranhamento, nesse quadro, que a lista do governo com 35 prioridades para os primeiros cem dias tenha passado ao largo de itens fundamentais, como a pr\u00f3pria Previd\u00eancia e os t\u00e3o almejados avan\u00e7os na \u00e1rea tribut\u00e1ria.<\/p>\n<p>No campo econ\u00f4mico como um todo, ali\u00e1s, o documento deixa a desejar. Mesmo que ali estivessem arroladas apenas metas de curto prazo, a aus\u00eancia de pilares do discurso de Guedes suscita desconfian\u00e7a.<\/p>\n<p>Pode indicar um forte dissenso na administra\u00e7\u00e3o federal, inclusive quanto \u00e0 disposi\u00e7\u00e3o dos militares de \u201cliderarem pelo exemplo\u201d, como quer o ministro Guedes, ou mesmo um certo temor quanto \u00e0 propens\u00e3o do presidente a bancar uma proposta ampla.<\/p>\n<p>Menos mau que, entre as poucas iniciativas listadas para a economia, algumas tenham not\u00f3ria relev\u00e2ncia. Uma delas \u00e9 o combate \u00e0s fraudes do INSS, que at\u00e9 consta de medida provis\u00f3ria j\u00e1 editada.<\/p>\n<p>Tamb\u00e9m aparece a inten\u00e7\u00e3o de concluir as concess\u00f5es de aeroportos e terminais portu\u00e1rios preparadas pelo governo Temer (MDB), bem como a de avan\u00e7ar na prepara\u00e7\u00e3o do leil\u00e3o do excedente de cess\u00e3o onerosa, de modo a viabilizar a licita\u00e7\u00e3o de \u00e1rea do pr\u00e9-sal prevista para o terceiro trimestre. S\u00f3 essa \u00faltima medida pode render R$ 100 bilh\u00f5es para a Uni\u00e3o.<\/p>\n<p>A l\u00f3gica dos cem dias se perde, contudo, diante de a\u00e7\u00f5es que dificilmente ser\u00e3o conclu\u00eddas nesse prazo, como a abertura da economia por meio da negocia\u00e7\u00e3o de acordos comerciais. Quanto a isso, s\u00f3 o sugerido barateamento da aquisi\u00e7\u00e3o de insumos e maquin\u00e1rio parece vi\u00e1vel, se houver redu\u00e7\u00e3o unilateral de tarifas de importa\u00e7\u00e3o.<\/p>\n<p>No geral, o governo passa a impress\u00e3o de que tateia para definir prioridades. Enquanto isso, aumenta as promessas \u2014e, por consequ\u00eancia, a eventual frustra\u00e7\u00e3o, sobretudo no caso da Previd\u00eancia, cresce na mesma propor\u00e7\u00e3o. Doravante \u00e9 preciso clareza e efic\u00e1cia, atributos ainda por serem revelados pela nova administra\u00e7\u00e3o.<\/p>\n<p><strong>Fonte:<\/strong> FOLHA<\/p>\n","protected":false},"excerpt":{"rendered":"<p>Lista de prioridades do governo Bolsonaro para os primeiros cem dias deixa a desejar, sobretudo pela aus\u00eancia de temas como reforma da Previd\u00eancia Com as promessas sobre reformas reiteradas no encontro anual da elite global, em Davos, o governo Bolsonaro conseguiu manter a anima\u00e7\u00e3o do mercado financeiro na semana passada. Mesmo num contexto conturbado, a&#8230; <\/p>\n<div class=\"clear\"><\/div>\n<p><a href=\"https:\/\/bbconsultoria.net\/site\/metas-economicas\/\" class=\"excerpt-read-more\">Read More<\/a><\/p>\n","protected":false},"author":1,"featured_media":0,"comment_status":"closed","ping_status":"closed","sticky":false,"template":"","format":"standard","meta":{"footnotes":""},"categories":[82],"tags":[],"class_list":["post-6543","post","type-post","status-publish","format-standard","hentry","category-noticias"],"_links":{"self":[{"href":"https:\/\/bbconsultoria.net\/site\/wp-json\/wp\/v2\/posts\/6543","targetHints":{"allow":["GET"]}}],"collection":[{"href":"https:\/\/bbconsultoria.net\/site\/wp-json\/wp\/v2\/posts"}],"about":[{"href":"https:\/\/bbconsultoria.net\/site\/wp-json\/wp\/v2\/types\/post"}],"author":[{"embeddable":true,"href":"https:\/\/bbconsultoria.net\/site\/wp-json\/wp\/v2\/users\/1"}],"replies":[{"embeddable":true,"href":"https:\/\/bbconsultoria.net\/site\/wp-json\/wp\/v2\/comments?post=6543"}],"version-history":[{"count":1,"href":"https:\/\/bbconsultoria.net\/site\/wp-json\/wp\/v2\/posts\/6543\/revisions"}],"predecessor-version":[{"id":6544,"href":"https:\/\/bbconsultoria.net\/site\/wp-json\/wp\/v2\/posts\/6543\/revisions\/6544"}],"wp:attachment":[{"href":"https:\/\/bbconsultoria.net\/site\/wp-json\/wp\/v2\/media?parent=6543"}],"wp:term":[{"taxonomy":"category","embeddable":true,"href":"https:\/\/bbconsultoria.net\/site\/wp-json\/wp\/v2\/categories?post=6543"},{"taxonomy":"post_tag","embeddable":true,"href":"https:\/\/bbconsultoria.net\/site\/wp-json\/wp\/v2\/tags?post=6543"}],"curies":[{"name":"wp","href":"https:\/\/api.w.org\/{rel}","templated":true}]}}