{"id":6541,"date":"2019-01-30T13:00:34","date_gmt":"2019-01-30T15:00:34","guid":{"rendered":"http:\/\/bbconsultoria.net\/site\/?p=6541"},"modified":"2019-02-03T21:15:57","modified_gmt":"2019-02-03T23:15:57","slug":"falhas-do-governo-sao-o-maior-risco-para-fazer-negocios-no-brasil","status":"publish","type":"post","link":"https:\/\/bbconsultoria.net\/site\/falhas-do-governo-sao-o-maior-risco-para-fazer-negocios-no-brasil\/","title":{"rendered":"Falhas do governo s\u00e3o o maior risco para fazer neg\u00f3cios no Brasil"},"content":{"rendered":"<h3>A pesquisa de 2018 do F\u00f3rum aponta problemas de infraestrutura, corrup\u00e7\u00e3o, pol\u00edticas para d\u00edvidas e discord\u00e2ncias pol\u00edticas<\/h3>\n<p>O maior risco para se fazer neg\u00f3cios no Brasil em 2017 e 2018, segundo relat\u00f3rio do F\u00f3rum Econ\u00f4mico Mundial sobre o tema, \u00e9 a governan\u00e7a nacional falha, item abrangente que inclui desde infraestrutura ineficiente e corrup\u00e7\u00e3o at\u00e9 dificuldades em concordar com a pol\u00edtica de registro de d\u00edvida e a falta de solu\u00e7\u00e3o dos problemas pol\u00edticos no Pa\u00eds.<\/p>\n<p>Este \u00e9 o principal perigo a amea\u00e7ar transa\u00e7\u00f5es de empres\u00e1rios e investidores tamb\u00e9m na Bol\u00edvia, no Equador, na Guatemala e no Panam\u00e1 figurando ainda como o segundo problema no M\u00e9xico, na Nicar\u00e1gua, no Peru e em Trinidad e Tobago. Falhas dos governos nacionais s\u00e3o o risco mais apontado para os neg\u00f3cios no conjunto da Am\u00e9rica Latina e Caribe, apontou a pesquisa.<\/p>\n<p>O segundo maior risco para os neg\u00f3cios no Brasil, diz o trabalho do F\u00f3rum Econ\u00f4mico Mundial, s\u00e3o as cat\u00e1strofes naturais, categoria que inclui as grandes inunda\u00e7\u00f5es e as secas prolongadas e o terceiro perigo apontado s\u00e3o falhas da governan\u00e7a regional. A quarta maior amea\u00e7a \u00e9 a prolifera\u00e7\u00e3o de doen\u00e7as infecciosas principalmente a febre amarela, a dengue, a zika, a chikungunya, a hepatite A e a s\u00edfilis segundo as estat\u00edsticas brasileiras. Em quinto e \u00faltimo lugar, conforme as respostas dos entrevistados para a pesquisa do F\u00f3rum Econ\u00f4mico Mundial, figura a possibilidade de ataques terroristas.<\/p>\n<p>O levantamento \u00e9 feito desde 2006 e constata a cada ano que o risco s\u00f3 aumenta no planeta \u201cinst\u00e1vel e inquietante\u201d dos dias atuais. \u201cNos complexos sistemas que comp\u00f5em o nosso mundo, do ambiental ao financeiro e do social ao geopol\u00edtico, os sinais de tens\u00e3o s\u00e3o evidentes\u201d, chamam aten\u00e7\u00e3o os autores do estudo.<\/p>\n<p>O trabalho do F\u00f3rum Econ\u00f4mico Mundial foi realizado com dados do Executive Opinion Survey, pesquisa de onde s\u00e3o extra\u00eddas as informa\u00e7\u00f5es para elabora\u00e7\u00e3o do Relat\u00f3rio de Competitividade Global. Incluiu-se nesse levantamento uma pergunta para avaliar especificamente as percep\u00e7\u00f5es das empresas sobre o riscos globais que os empres\u00e1rios e executivos pensam representar um desafio operacional.<\/p>\n<p>Os entrevistados foram convidados a selecionar quais eram os cinco riscos globais, em uma lista de 30 itens, que acreditavam justificar maior preocupa\u00e7\u00e3o para fazer neg\u00f3cios no pa\u00eds de cada um nos pr\u00f3ximos dez anos.<\/p>\n<p>Na Am\u00e9rica Latina e Caribe, o risco de \u201cprofunda instabilidade social\u201d subiu da terceira posi\u00e7\u00e3o na pesquisa de 2017 para a segunda posi\u00e7\u00e3o em 2018, refletindo o agravamento das tens\u00f5es sociais em partes da regi\u00e3o. Os \u00faltimos dois anos, diz o F\u00f3rum Econ\u00f4mico Mundial, \u201cenvolveram um ciclo eleitoral intenso no continente que, combinado ao surgimento de sucessivos esc\u00e2ndalos de corrup\u00e7\u00e3o no centro do debate p\u00fablico, reafirmou a desconfian\u00e7a de longa data dos eleitorados em institui\u00e7\u00f5es e refor\u00e7ou a polariza\u00e7\u00e3o pol\u00edtica.<\/p>\n<p>Instabilidade social profunda foi classificada como o risco n\u00famero um em Honduras e no M\u00e9xico, e foi o segundo maior risco em outros tr\u00eas pa\u00edses: Bol\u00edvia, Panam\u00e1 e El Salvador. Uma combina\u00e7\u00e3o de fissuras sociais, incluindo pobreza, desigualdade, desafios de seguran\u00e7a, riscos para a sa\u00fade, desemprego, altos n\u00edveis de emprego informal, e redes de seguran\u00e7a social e provis\u00f5es de aposentadoria insuficientes constituem uma caixa de p\u00f3lvora em v\u00e1rios pa\u00edses\u201d.<\/p>\n<p>Segundo o relat\u00f3rio do F\u00f3rum Econ\u00f4mico Mundial, \u201cA Venezuela j\u00e1 est\u00e1 em uma situa\u00e7\u00e3o cr\u00edtica sem precedentes e a extens\u00e3o do colapso de sua economia e das suas institui\u00e7\u00f5es pol\u00edticas se reflete nos riscos priorizados pelos entrevistados: \u201cinfla\u00e7\u00e3o incontrol\u00e1vel\u201d, \u201ccolapso ou crise do Estado\u201d, \u201cinstabilidade social profunda\u201d, \u201c crise alimentar \u201de\u201c fracasso da governan\u00e7a nacional \u201d.<\/p>\n<p><strong>Fonte:<\/strong> CARTA CAPITAL<\/p>\n","protected":false},"excerpt":{"rendered":"<p>A pesquisa de 2018 do F\u00f3rum aponta problemas de infraestrutura, corrup\u00e7\u00e3o, pol\u00edticas para d\u00edvidas e discord\u00e2ncias pol\u00edticas O maior risco para se fazer neg\u00f3cios no Brasil em 2017 e 2018, segundo relat\u00f3rio do F\u00f3rum Econ\u00f4mico Mundial sobre o tema, \u00e9 a governan\u00e7a nacional falha, item abrangente que inclui desde infraestrutura ineficiente e corrup\u00e7\u00e3o at\u00e9 dificuldades&#8230; <\/p>\n<div class=\"clear\"><\/div>\n<p><a href=\"https:\/\/bbconsultoria.net\/site\/falhas-do-governo-sao-o-maior-risco-para-fazer-negocios-no-brasil\/\" class=\"excerpt-read-more\">Read More<\/a><\/p>\n","protected":false},"author":1,"featured_media":0,"comment_status":"closed","ping_status":"closed","sticky":false,"template":"","format":"standard","meta":{"footnotes":""},"categories":[82],"tags":[],"class_list":["post-6541","post","type-post","status-publish","format-standard","hentry","category-noticias"],"_links":{"self":[{"href":"https:\/\/bbconsultoria.net\/site\/wp-json\/wp\/v2\/posts\/6541","targetHints":{"allow":["GET"]}}],"collection":[{"href":"https:\/\/bbconsultoria.net\/site\/wp-json\/wp\/v2\/posts"}],"about":[{"href":"https:\/\/bbconsultoria.net\/site\/wp-json\/wp\/v2\/types\/post"}],"author":[{"embeddable":true,"href":"https:\/\/bbconsultoria.net\/site\/wp-json\/wp\/v2\/users\/1"}],"replies":[{"embeddable":true,"href":"https:\/\/bbconsultoria.net\/site\/wp-json\/wp\/v2\/comments?post=6541"}],"version-history":[{"count":1,"href":"https:\/\/bbconsultoria.net\/site\/wp-json\/wp\/v2\/posts\/6541\/revisions"}],"predecessor-version":[{"id":6542,"href":"https:\/\/bbconsultoria.net\/site\/wp-json\/wp\/v2\/posts\/6541\/revisions\/6542"}],"wp:attachment":[{"href":"https:\/\/bbconsultoria.net\/site\/wp-json\/wp\/v2\/media?parent=6541"}],"wp:term":[{"taxonomy":"category","embeddable":true,"href":"https:\/\/bbconsultoria.net\/site\/wp-json\/wp\/v2\/categories?post=6541"},{"taxonomy":"post_tag","embeddable":true,"href":"https:\/\/bbconsultoria.net\/site\/wp-json\/wp\/v2\/tags?post=6541"}],"curies":[{"name":"wp","href":"https:\/\/api.w.org\/{rel}","templated":true}]}}