{"id":6535,"date":"2019-01-31T12:00:20","date_gmt":"2019-01-31T14:00:20","guid":{"rendered":"http:\/\/bbconsultoria.net\/site\/?p=6535"},"modified":"2019-02-03T19:43:08","modified_gmt":"2019-02-03T21:43:08","slug":"desemprego-medio-fecha-2018-em-123-em-ano-marcado-por-recorde-na-informalidade","status":"publish","type":"post","link":"https:\/\/bbconsultoria.net\/site\/desemprego-medio-fecha-2018-em-123-em-ano-marcado-por-recorde-na-informalidade\/","title":{"rendered":"Desemprego m\u00e9dio fecha 2018 em 12,3% em ano marcado por recorde na informalidade"},"content":{"rendered":"<h3>Taxa recua frente a 2017, mas gera\u00e7\u00e3o se concentra em trabalhos de baixa qualifica\u00e7\u00e3o e sal\u00e1rios<\/h3>\n<p>O pa\u00eds encerrou 2018 com uma taxa de desemprego m\u00e9dia de 12,3%, informou o IBGE na manh\u00e3 desta quinta-feira (31).<\/p>\n<p>O indicador representou queda de 0,4 ponto percentual em rela\u00e7\u00e3o ao verificado em 2017, quando a desemprego havia atingido o n\u00edvel mais alto da s\u00e9rie hist\u00f3rica, com taxa m\u00e9dia de 12,7% no ano.<\/p>\n<p>A redu\u00e7\u00e3o na compara\u00e7\u00e3o anual reflete movimento que foi cont\u00ednuo em 2018, com as novas ocupa\u00e7\u00f5es surgindo principalmente do mercado informal.<\/p>\n<p>Conforme s\u00e3o reduzidas as vagas com carteira assinada, uma parcela da popula\u00e7\u00e3o \u00e9 empurrada para trabalhos sem a prote\u00e7\u00e3o das leis trabalhistas, que demandam profissionais de menor qualifica\u00e7\u00e3o e pagam menores sal\u00e1rios.<\/p>\n<p>O aumento recorde dos trabalhos informais na economia elevou a quantidade de pessoas ocupadas no pa\u00eds, movimento que ajudou na queda geral da taxa oficial divulgada pelo IBGE.<\/p>\n<p>O desemprego fechou o \u00faltimo trimestre do ano passado em 11,6%, queda de 0,3 ponto percentual em rela\u00e7\u00e3o ao trimestre imediatamente anterior, encerrado em setembro, quando a taxa de desemprego havia atingido 11,9%.<\/p>\n<p>Apesar da melhora estat\u00edstica, o pa\u00eds encerrou 2018 com n\u00famero alto de pessoas que ainda n\u00e3o tinham emprego, mas que estavam em busca de oportunidade.<\/p>\n<p>O contingente de desocupados na m\u00e9dia do ano passado foi de 12,8 milh\u00f5es de pessoas, queda frente as 13,2 milh\u00f5es nessa condi\u00e7\u00e3o em dezembro do ano anterior. No intervalo de um ano, a fila de emprego foi reduzida em 400 mil pessoas.<\/p>\n<p>A fila \u00e9 menor porque muitas pessoas, levadas pela crise, aceitaram empregos de qualidade mais baixa para sobreviver.<\/p>\n<p>S\u00e3o estudantes, idosos ou m\u00e3es com filhos pequenos que antes n\u00e3o trabalhavam e que agora est\u00e3o tendo que complementar a renda do domic\u00edlio. A entrada desses novos atores no mercado fez explodir o n\u00famero de pessoas ocupadas do pa\u00eds.<\/p>\n<p>A popula\u00e7\u00e3o ocupada em n\u00edvel alto contribuiu para que a taxa geral de desemprego viesse menor no ano passado.<\/p>\n<p>O contingente de pessoas ocupadas, que s\u00e3o aquelas que est\u00e3o efetivamente empregadas, seja no mercado formal ou informal, encerrou 2018 em 91,8 milh\u00f5es, aumento de 1,2 milh\u00e3o de frente ao verificado em 2017. \u00c9 o terceiro maior resultado para o indicador desde o in\u00edcio da s\u00e9rie hist\u00f3rica iniciada em 2012.<\/p>\n<p>Desde o final de 2017 que a quantidade de trabalhadores informais supera o n\u00famero de postos com carteira assinada. Esse movimento, in\u00e9dito at\u00e9 ent\u00e3o na s\u00e9rie hist\u00f3rica, acelerou em 2018.<\/p>\n<p>A quantidade de trabalhadores com carteira assinada encerrou 2018 em 32,9 milh\u00f5es, queda de 1,2% em rela\u00e7\u00e3o ao apurado em 2017. No intervalo de um ano, 411 mil pessoas deixaram o mercado formal.<\/p>\n<p>Na outra ponta, trabalhadores sem carteira somaram 11,1 milh\u00f5es de pessoas, alta de 482 mil pessoas na passagem de 2017 para 2018.<\/p>\n<p>Os trabalhadores por conta pr\u00f3pria atingiram 23,3 milh\u00f5es de pessoas, aumento de 2,9% na mesma base comparativa ou de 657 mil pessoas a mais nessa situa\u00e7\u00e3o no ano passado.<\/p>\n<p><strong>Fonte:<\/strong> FOLHA<\/p>\n","protected":false},"excerpt":{"rendered":"<p>Taxa recua frente a 2017, mas gera\u00e7\u00e3o se concentra em trabalhos de baixa qualifica\u00e7\u00e3o e sal\u00e1rios O pa\u00eds encerrou 2018 com uma taxa de desemprego m\u00e9dia de 12,3%, informou o IBGE na manh\u00e3 desta quinta-feira (31). O indicador representou queda de 0,4 ponto percentual em rela\u00e7\u00e3o ao verificado em 2017, quando a desemprego havia atingido&#8230; <\/p>\n<div class=\"clear\"><\/div>\n<p><a href=\"https:\/\/bbconsultoria.net\/site\/desemprego-medio-fecha-2018-em-123-em-ano-marcado-por-recorde-na-informalidade\/\" class=\"excerpt-read-more\">Read More<\/a><\/p>\n","protected":false},"author":1,"featured_media":0,"comment_status":"closed","ping_status":"closed","sticky":false,"template":"","format":"standard","meta":{"footnotes":""},"categories":[82],"tags":[],"class_list":["post-6535","post","type-post","status-publish","format-standard","hentry","category-noticias"],"_links":{"self":[{"href":"https:\/\/bbconsultoria.net\/site\/wp-json\/wp\/v2\/posts\/6535","targetHints":{"allow":["GET"]}}],"collection":[{"href":"https:\/\/bbconsultoria.net\/site\/wp-json\/wp\/v2\/posts"}],"about":[{"href":"https:\/\/bbconsultoria.net\/site\/wp-json\/wp\/v2\/types\/post"}],"author":[{"embeddable":true,"href":"https:\/\/bbconsultoria.net\/site\/wp-json\/wp\/v2\/users\/1"}],"replies":[{"embeddable":true,"href":"https:\/\/bbconsultoria.net\/site\/wp-json\/wp\/v2\/comments?post=6535"}],"version-history":[{"count":1,"href":"https:\/\/bbconsultoria.net\/site\/wp-json\/wp\/v2\/posts\/6535\/revisions"}],"predecessor-version":[{"id":6536,"href":"https:\/\/bbconsultoria.net\/site\/wp-json\/wp\/v2\/posts\/6535\/revisions\/6536"}],"wp:attachment":[{"href":"https:\/\/bbconsultoria.net\/site\/wp-json\/wp\/v2\/media?parent=6535"}],"wp:term":[{"taxonomy":"category","embeddable":true,"href":"https:\/\/bbconsultoria.net\/site\/wp-json\/wp\/v2\/categories?post=6535"},{"taxonomy":"post_tag","embeddable":true,"href":"https:\/\/bbconsultoria.net\/site\/wp-json\/wp\/v2\/tags?post=6535"}],"curies":[{"name":"wp","href":"https:\/\/api.w.org\/{rel}","templated":true}]}}